{"id":306042,"date":"2025-12-25T07:09:11","date_gmt":"2025-12-25T07:09:11","guid":{"rendered":"https:\/\/www.europesays.com\/es\/306042\/"},"modified":"2025-12-25T07:09:11","modified_gmt":"2025-12-25T07:09:11","slug":"los-tres-defensores-argentinos-que-se-encuentran-en-el-casting-del-barcelona-para-el-proximo-mercado-de-pases","status":"publish","type":"post","link":"https:\/\/www.europesays.com\/es\/306042\/","title":{"rendered":"Los tres defensores argentinos que se encuentran en el \u201ccasting\u201d del Barcelona para el pr\u00f3ximo mercado de pases"},"content":{"rendered":"<p><img alt=\"Los jugadores del Barcelona festejan\" class=\"global-image\" decoding=\"async\" fetchpriority=\"high\" height=\"2953\" loading=\"eager\" src=\"https:\/\/www.europesays.com\/es\/wp-content\/uploads\/2025\/12\/G465ONYU7VFWDH4BWG6OWTA74E.JPG\" width=\"4225\"\/>Los jugadores del Barcelona festejan la victoria ante Villarreal en la fecha 17 de La Liga (REUTERS\/Albert Gea)<\/p>\n<p class=\"paragraph\">En medio del receso por las fiestas de fin de a\u00f1o en <b>La Liga <\/b>de <b>Espa\u00f1a<\/b>, el <b>FC<\/b> <b>Barcelona <\/b>est\u00e1 atento a posibles movimientos en el mercado de pases invernal y el entrenador<b> Hansi Flick<\/b>, junto con el director deportivo, <b>Deco<\/b>,<b> <\/b>analizan alguna probable incorporaci\u00f3n, con el foco puesto en la <b>defensa central<\/b>, algo debilitada por algunas bajas. <\/p>\n<p class=\"paragraph\">De acuerdo a un informe publicado por el diario catal\u00e1n Mundo Deportivo, el cuadro cul\u00e9, actual l\u00edder del campeonato espa\u00f1ol con cuatro puntos de ventaja sobre el Real Madrid, estar\u00eda contemplando la chance de sumar <b>a alg\u00fan marcador central<\/b>, preferentemente zurdo, para hacer frente a las ausencias de <b>Andreas Christensen<\/b> y <a href=\"https:\/\/www.infobae.com\/deportes\/2025\/12\/09\/el-viaje-espiritual-de-un-referente-del-barcelona-por-su-salud-mental-esta-pensado-para-que-pueda-desconectarse\/\" target=\"_blank\" rel=\"noreferrer nofollow noopener\" title=\"https:\/\/www.infobae.com\/deportes\/2025\/12\/09\/el-viaje-espiritual-de-un-referente-del-barcelona-por-su-salud-mental-esta-pensado-para-que-pueda-desconectarse\/\">el uruguayo<b> Ronald Araujo<\/b>, licenciado por problemas de salud mental<\/a>.<\/p>\n<p class=\"paragraph\">De la lista del posible <b>\u201ccasting\u201d del Barcelona<\/b> para llenar tal vac\u00edo en la zaga aparecieron los nombres de<b> tres futbolistas argentinos <\/b>que cumplen con una serie de requisitos que buscar\u00eda el club de la ciudad condal, como la <b>experiencia<\/b>, la <b>capacidad<\/b> <b>de<\/b> <b>liderazgo <\/b>y de <b>habla hispana<\/b>, para poder adaptarse mejor al grupo. <\/p>\n<p class=\"paragraph\">Uno de los mencionados en el informe period\u00edstico es el campe\u00f3n del mundo <b>Nicol\u00e1s Otamendi<\/b>. El defensor argentino, de <b>37 a\u00f1os<\/b>, est\u00e1 en el tope de la lista por todas las cualidades mencionadas anteriormente, pese a tener un perfil diestro. El General es una pieza clave en el equipo de <b>Jos\u00e9 Mourinho y es titular indiscutido<\/b>, adem\u00e1s de portar la cinta de capit\u00e1n. Su contrato vence en junio de 2026.<\/p>\n<p><img alt=\"Nicol\u00e1s Otamendi festeja un gol\" class=\"global-image\" decoding=\"async\" fetchpriority=\"low\" height=\"3649\" loading=\"lazy\" src=\"https:\/\/www.europesays.com\/es\/wp-content\/uploads\/2025\/12\/TBKXJ23CHBEUHGWH6NC5TZSUDU.JPG\" width=\"5473\"\/>Nicol\u00e1s Otamendi festeja un gol con la camiseta del Benfica, donde es referente absoluto del plantel (REUTERS\/Pedro Nunes)<\/p>\n<p class=\"paragraph\">Seg\u00fan Mundo Deportivo, <b>Joao Amaral<\/b>, nuevo jefe de scouting del <b>Barcelona<\/b>, viene siguiendo los pasos del zaguero argentino <b>Marcos Senesi<\/b>, quien se encuentra en el <b>Bournemouth<\/b> de Inglaterra, con un contrato que vence a finales de junio de 2026. El defensor zurdo de<b> 28 a\u00f1os<\/b>, surgido de <b>San Lorenzo<\/b> y convocado por Lionel Scaloni para la Final\u00edssima ante Italia en 2022, lleva 170 partidos en la Premier League y <b>es \u201cintocable\u201d<\/b> en su club. <\/p>\n<p class=\"paragraph\">Adem\u00e1s, otro de los inconvenientes que le podr\u00edan surgir al Cul\u00e9 en caso de querer avanzar por <b>Senesi<\/b>, a quien ya tuvo en carpeta desde su paso por el <b>Feyenoord<\/b> de Pa\u00edses Bajos, es que el <b>Atl\u00e9tico de Madrid<\/b> de <b>Diego Simeone<\/b> tambi\u00e9n est\u00e1 interesado en sus servicios. Esto elevar\u00eda la cotizaci\u00f3n del jugador nacido en Entre R\u00edos. <\/p>\n<p><img alt=\"Marcos Senesi durante un partido\" class=\"global-image\" decoding=\"async\" fetchpriority=\"low\" height=\"3089\" loading=\"lazy\" src=\"https:\/\/www.europesays.com\/es\/wp-content\/uploads\/2025\/12\/ZR6FCIJQBNHHFFXAQISRAVF23Q.JPG\" width=\"4556\"\/>Marcos Senesi durante un partido de Premier League en el Bournemouth (REUTERS\/David Klein)<\/p>\n<p class=\"paragraph\">Otro de los pretendientes que tendr\u00eda el <b>Barcelona<\/b> de <b>Flick<\/b> para reforzar la defensa es <b>Juan Foyth<\/b>. El defensor del <b>Villarreal<\/b> de Espa\u00f1a, campe\u00f3n del mundo con Argentina en Qatar 2022 tambi\u00e9n est\u00e1 en el radar desde hace un tiempo. La versatilidad del platense de<b> 27 a\u00f1os<\/b>, que puede jugar tanto de marcador central como de lateral por la derecha, es seductora para un sector del campo que el Barsa necesita reforzar. <\/p>\n<p class=\"paragraph\">Adem\u00e1s del tridente argentino, el informe cuenta que el <b>Barcelona<\/b> tambi\u00e9n estar\u00eda interesado en otros candidatos como el neerland\u00e9s <b>Stefan de Vrij<\/b>, jugador de <b>33 a\u00f1os<\/b> del <b>Inter de Mil\u00e1n<\/b>. <b>\u201cEncaja perfecto\u201d<\/b>, indicaron. Como alternativas figuran el portugu\u00e9s <b>Diogo Leite<\/b>, marcador central izquierdo del <b>Uni\u00f3n Berlin<\/b>, formado en el Porto que posee un gran potencial con 26 a\u00f1os. Los \u00faltimos que se mencionaron son <b>Diego Llorente<\/b>, del Betis, y el itlalo-brasile\u00f1o <b>Luiz Felipe<\/b>, del Rayo Vallecano. <\/p>\n<p><img alt=\"Juan Foyth, jugador del Villarreal\" class=\"global-image\" decoding=\"async\" fetchpriority=\"low\" height=\"3741\" loading=\"lazy\" src=\"https:\/\/www.europesays.com\/es\/wp-content\/uploads\/2025\/12\/FXXRGELN7FBW5KITSFSNZ4F3PU.JPG\" width=\"5314\"\/>Juan Foyth, jugador del Villarreal de Espa\u00f1a, figura en el radar del Barcelona (REUTERS\/Leon Kuegeler)<\/p>\n","protected":false},"excerpt":{"rendered":"Los jugadores del Barcelona festejan la victoria ante Villarreal en la fecha 17 de La Liga (REUTERS\/Albert Gea)&hellip;\n","protected":false},"author":2,"featured_media":306043,"comment_status":"","ping_status":"","sticky":false,"template":"","format":"standard","meta":{"footnotes":""},"categories":[268],"tags":[168,25,24,406,280,282,72378,72377,281,23,3020,72379,167],"class_list":{"0":"post-306042","1":"post","2":"type-post","3":"status-publish","4":"format-standard","5":"has-post-thumbnail","7":"category-futbol","8":"tag-deportes","9":"tag-es","10":"tag-espana","11":"tag-europe","12":"tag-football","13":"tag-futbol","14":"tag-optamatchid2572097","15":"tag-optauuid1myp00g7w796yt6ts8ojdkys4","16":"tag-soccer","17":"tag-spain","18":"tag-sport","19":"tag-sportradaridsrsport_event61624242","20":"tag-sports"},"share_on_mastodon":{"url":"https:\/\/pubeurope.com\/@es\/115778956157030693","error":""},"_links":{"self":[{"href":"https:\/\/www.europesays.com\/es\/wp-json\/wp\/v2\/posts\/306042","targetHints":{"allow":["GET"]}}],"collection":[{"href":"https:\/\/www.europesays.com\/es\/wp-json\/wp\/v2\/posts"}],"about":[{"href":"https:\/\/www.europesays.com\/es\/wp-json\/wp\/v2\/types\/post"}],"author":[{"embeddable":true,"href":"https:\/\/www.europesays.com\/es\/wp-json\/wp\/v2\/users\/2"}],"replies":[{"embeddable":true,"href":"https:\/\/www.europesays.com\/es\/wp-json\/wp\/v2\/comments?post=306042"}],"version-history":[{"count":0,"href":"https:\/\/www.europesays.com\/es\/wp-json\/wp\/v2\/posts\/306042\/revisions"}],"wp:featuredmedia":[{"embeddable":true,"href":"https:\/\/www.europesays.com\/es\/wp-json\/wp\/v2\/media\/306043"}],"wp:attachment":[{"href":"https:\/\/www.europesays.com\/es\/wp-json\/wp\/v2\/media?parent=306042"}],"wp:term":[{"taxonomy":"category","embeddable":true,"href":"https:\/\/www.europesays.com\/es\/wp-json\/wp\/v2\/categories?post=306042"},{"taxonomy":"post_tag","embeddable":true,"href":"https:\/\/www.europesays.com\/es\/wp-json\/wp\/v2\/tags?post=306042"}],"curies":[{"name":"wp","href":"https:\/\/api.w.org\/{rel}","templated":true}]}}