{"id":30605,"date":"2025-08-07T02:05:11","date_gmt":"2025-08-07T02:05:11","guid":{"rendered":"https:\/\/www.europesays.com\/es\/30605\/"},"modified":"2025-08-07T02:05:11","modified_gmt":"2025-08-07T02:05:11","slug":"el-barca-de-balonmano-y-futbol-sala-comparten-entrenamiento-en-encamp","status":"publish","type":"post","link":"https:\/\/www.europesays.com\/es\/30605\/","title":{"rendered":"El Bar\u00e7a de balonmano y f\u00fatbol sala comparten entrenamiento en Encamp"},"content":{"rendered":"<p>El Lago de Engolasters, uno de los parajes ic\u00f3nicos de Encamp, ha sido escenario este mi\u00e9rcoles de un entrenamiento conjunto entre los primeros equipos del Bar\u00e7a de balonmano y de f\u00fatbol sala. Los integrantes de ambas plantillas, que han coincidido en Andorra en esta pretemporada 2025\/26, han compartido la primera sesi\u00f3n del d\u00eda con el estanque como tel\u00f3n de fondo.<\/p>\n<p>Los hombres de Carlos Ortega y de Javi Rodr\u00edguez han hecho, a primera hora de la ma\u00f1ana, una subida a Engolasters por el camino del R\u00edo Blanco, de mucho desnivel, y la posterior bajada por la pista de monta\u00f1a de Pardines, hasta el aparcamiento del paraje.<\/p>\n<p>En medio, ambos equipos se han detenido en el lago para atender a la prensa local, convocada para la ocasi\u00f3n, y para encontrarse con el c\u00f3nsul menor de Encamp, Xavier Fern\u00e1ndez. La foto de familia ha precedido a un intercambio de obsequios entre los equipos y el representante andorrano.<\/p>\n<p>\n            Anterior<\/p>\n<p>            label.aria.chevronleft\n        <\/p>\n<p>\n            Siguiente<\/p>\n<p>            label.aria.chevronright\n        <\/p>\n<p>El Bar\u00e7a de f\u00fatbol sala se encuentra en Encamp desde el lunes 4 de agosto, primer d\u00eda de su pretemporada, mientras el Bar\u00e7a de balonmano lleg\u00f3 a la localidad pirenaica un d\u00eda m\u00e1s tarde, el martes 5.<\/p>\n<p>El equipo de Carlos Ortega jugar\u00e1 los primeros amistosos de pretemporada el fin de semana del 16 y 17 de agosto, en Nordhorn (Alemania) y el de Javi Rodr\u00edguez abrir\u00e1 fuego con los primeros test en Portugal, el 23 y 24 de agosto.<\/p>\n","protected":false},"excerpt":{"rendered":"El Lago de Engolasters, uno de los parajes ic\u00f3nicos de Encamp, ha sido escenario este mi\u00e9rcoles de un&hellip;\n","protected":false},"author":2,"featured_media":30606,"comment_status":"","ping_status":"","sticky":false,"template":"","format":"standard","meta":{"footnotes":""},"categories":[278],"tags":[376,168,25,24,375,23,167,2288],"class_list":{"0":"post-30605","1":"post","2":"type-post","3":"status-publish","4":"format-standard","5":"has-post-thumbnail","7":"category-balonmano","8":"tag-balonmano","9":"tag-deportes","10":"tag-es","11":"tag-espana","12":"tag-handball","13":"tag-spain","14":"tag-sports","15":"tag-text"},"share_on_mastodon":{"url":"","error":""},"_links":{"self":[{"href":"https:\/\/www.europesays.com\/es\/wp-json\/wp\/v2\/posts\/30605","targetHints":{"allow":["GET"]}}],"collection":[{"href":"https:\/\/www.europesays.com\/es\/wp-json\/wp\/v2\/posts"}],"about":[{"href":"https:\/\/www.europesays.com\/es\/wp-json\/wp\/v2\/types\/post"}],"author":[{"embeddable":true,"href":"https:\/\/www.europesays.com\/es\/wp-json\/wp\/v2\/users\/2"}],"replies":[{"embeddable":true,"href":"https:\/\/www.europesays.com\/es\/wp-json\/wp\/v2\/comments?post=30605"}],"version-history":[{"count":0,"href":"https:\/\/www.europesays.com\/es\/wp-json\/wp\/v2\/posts\/30605\/revisions"}],"wp:featuredmedia":[{"embeddable":true,"href":"https:\/\/www.europesays.com\/es\/wp-json\/wp\/v2\/media\/30606"}],"wp:attachment":[{"href":"https:\/\/www.europesays.com\/es\/wp-json\/wp\/v2\/media?parent=30605"}],"wp:term":[{"taxonomy":"category","embeddable":true,"href":"https:\/\/www.europesays.com\/es\/wp-json\/wp\/v2\/categories?post=30605"},{"taxonomy":"post_tag","embeddable":true,"href":"https:\/\/www.europesays.com\/es\/wp-json\/wp\/v2\/tags?post=30605"}],"curies":[{"name":"wp","href":"https:\/\/api.w.org\/{rel}","templated":true}]}}