{"id":306078,"date":"2025-12-25T07:39:24","date_gmt":"2025-12-25T07:39:24","guid":{"rendered":"https:\/\/www.europesays.com\/es\/306078\/"},"modified":"2025-12-25T07:39:24","modified_gmt":"2025-12-25T07:39:24","slug":"la-odisea-quien-es-quien-en-la-esperada-pelicula-de-christopher-nolan","status":"publish","type":"post","link":"https:\/\/www.europesays.com\/es\/306078\/","title":{"rendered":"La Odisea: qui\u00e9n es qui\u00e9n en la esperada pel\u00edcula de Christopher Nolan"},"content":{"rendered":"<p class=\"article-body__paragraph\">\u201c<b>Tras a\u00f1os de guerra, nadie pod\u00eda interponerse entre mis hombres y mi hogar<\/b>. Ni siquiera yo\u201d, se\u00f1ala Odiseo (<a href=\"https:\/\/www.latercera.com\/etiqueta\/matt-damon\/\" target=\"_self\" rel=\"nofollow noopener\" title=\"https:\/\/www.latercera.com\/etiqueta\/matt-damon\/\">Matt Damon<\/a>) en el trailer de <a href=\"https:\/\/www.latercera.com\/etiqueta\/la-odisea\/\" target=\"_self\" rel=\"nofollow noopener\" title=\"https:\/\/www.latercera.com\/etiqueta\/la-odisea\/\">La Odisea<\/a>, que se liber\u00f3 este lunes 22 de diciembre. Un primer acercamiento al poema de Homero bajo la lectura de <a href=\"https:\/\/www.latercera.com\/etiqueta\/christopher-nolan\/\" target=\"_self\" rel=\"nofollow noopener\" title=\"https:\/\/www.latercera.com\/etiqueta\/christopher-nolan\/\">Christopher Nolan<\/a>, un director al que no le tiembla la mano cuando se trata de grandes espect\u00e1culos llenos de \u00e9pica.<\/p>\n<p class=\"article-body__paragraph\">El avance ofrece un primer vistazo a la Guerra de Troya, a la isla gobernada por el h\u00e9roe y a la cueva del c\u00edclope Polifemo, el hijo de Poseid\u00f3n, un encuentro clave en su tortuoso regreso a \u00cdtaca. \u201cProm\u00e9teme que volver\u00e1s\u201d, le dice una angustiada Pen\u00e9lope (<a href=\"https:\/\/www.latercera.com\/etiqueta\/anne-hathaway\/\" target=\"_self\" rel=\"nofollow noopener\" title=\"https:\/\/www.latercera.com\/etiqueta\/anne-hathaway\/\">Anne Hathaway<\/a>), a lo que Odiseo responde: \u201c\u00bfY si no puedo?\u201d.<\/p>\n<p><img alt=\"\" class=\"global-image\" decoding=\"async\"  src=\"https:\/\/www.europesays.com\/es\/wp-content\/uploads\/2025\/12\/RPOCRPGN5FFRBFC6YYLIHISACM.jpg\"  fetchpriority=\"low\" loading=\"lazy\"\/><\/p>\n<p class=\"article-body__paragraph\"><b>Nolan se reserva por el momento la apariencia de gran parte de los personajes de la pel\u00edcula<\/b>, desde Atenea (<a href=\"https:\/\/www.latercera.com\/etiqueta\/zendaya\/\" target=\"_self\" rel=\"nofollow noopener\" title=\"https:\/\/www.latercera.com\/etiqueta\/zendaya\/\">Zendaya<\/a>) y Circe (<a href=\"https:\/\/www.latercera.com\/etiqueta\/charlize-theron\/\" target=\"_self\" rel=\"nofollow noopener\" title=\"https:\/\/www.latercera.com\/etiqueta\/charlize-theron\/\">Charlize Theron<\/a>) hasta el desconocido rol de la actriz Lupita Nyong\u2019o. <\/p>\n<p class=\"article-body__paragraph\">Filmada \u00edntegramente con c\u00e1maras Imax, la cinta debutar\u00e1 en salas chilenas el 16 de julio de 2026, tres a\u00f1os despu\u00e9s de que el director sacudiera los cines con <a href=\"https:\/\/www.latercera.com\/etiqueta\/oppenheimer\/\" target=\"_self\" rel=\"nofollow noopener\" title=\"https:\/\/www.latercera.com\/etiqueta\/oppenheimer\/\">Oppenheimer<\/a> (2023).<\/p>\n<p class=\"article-body__paragraph\">Aqu\u00ed revisamos <b>un qui\u00e9n es qui\u00e9n en el largometraje n\u00famero 13<\/b> del reputado realizador.<\/p>\n<p>*Matt Damon (Odiseo)<\/p>\n<p class=\"article-body__paragraph\">Tras trabajar juntos en Oppenheimer, Matt Damon interpreta el papel central de La Odisea, el del rey griego de \u00cdtaca. Creador del ingenioso m\u00e9todo detr\u00e1s del Caballo de Troya, intenta retornar a casa, pero en el camino se encuentra con c\u00edclopes, sirenas, ninfas y dioses, y vive un ag\u00f3nico periplo junto a sus diezmadas tropas.<\/p>\n<p class=\"article-body__paragraph\">\u201cPuedo decir, sin exagerar, que fue la mejor experiencia de mi carrera\u201d, indic\u00f3 el actor a Empire, junto con asegurar que \u201cdeber\u00eda ser el filme m\u00e1s entretenido. Deber\u00eda sentirse m\u00edtico\u201d.<\/p>\n<p><img alt=\"\" class=\"global-image\" decoding=\"async\"  src=\"https:\/\/www.europesays.com\/es\/wp-content\/uploads\/2025\/12\/67WXFUSKXZGQ7PFHMI4BIPIC4Y.jpg\"  fetchpriority=\"low\" loading=\"lazy\"\/>*Tom Holland (Tel\u00e9maco)<\/p>\n<p class=\"article-body__paragraph\">El actor detr\u00e1s de Spider-Man se pone en la piel de Tel\u00e9maco, el hijo de Odiseo y Pen\u00e9lope. Narrador de La Odisea \u2013al menos en su formato original\u2013, sale en busca de su padre sin saber si a\u00fan est\u00e1 vivo despu\u00e9s de su arremetida en Troya. En el pr\u00f3logo, que actualmente se exhibe antes de las funciones de <a href=\"https:\/\/www.latercera.com\/etiqueta\/avatar-fuego-y-cenizas\/\" target=\"_self\" rel=\"nofollow noopener\" title=\"https:\/\/www.latercera.com\/etiqueta\/avatar-fuego-y-cenizas\/\">Avatar: Fuego y cenizas<\/a>, Menelao (Jon Bernthal) le relata la proeza que vivi\u00f3 junto a su padre durante la guerra.<\/p>\n<p>*Anne Hathaway (Pen\u00e9lope)<\/p>\n<p class=\"article-body__paragraph\">Despu\u00e9s de Batman: El caballero de la noche asciende (2012) e <a href=\"https:\/\/www.latercera.com\/etiqueta\/interestelar\/\" target=\"_self\" rel=\"nofollow noopener\" title=\"https:\/\/www.latercera.com\/etiqueta\/interestelar\/\">Interestelar<\/a> (2014), Nolan y la ganadora del Oscar se re\u00fanen por tercera vez en pantalla grande. La actriz asume el rol de Pen\u00e9lope, la esposa de Odiseo, quien, ante la prolongada ausencia de su marido, llora desconsolada y es cortejada por un pu\u00f1ado de pretendientes que desean su mano.<\/p>\n<p>*Robert Pattinson (Ant\u00ednoo)<\/p>\n<p class=\"article-body__paragraph\">El pretendiente m\u00e1s audaz de Pen\u00e9lope no tiene escr\u00fapulos en su intento por transformarse en el nuevo rey de \u00cdtaca. Pattinson retoma su colaboraci\u00f3n con el cineasta despu\u00e9s de Tenet (2020), su apuesta m\u00e1s reciente en el terreno de la ciencia ficci\u00f3n.<\/p>\n<p><img alt=\"\" class=\"global-image\" decoding=\"async\"  src=\"https:\/\/www.europesays.com\/es\/wp-content\/uploads\/2025\/12\/VFNT6KWAY5CATLD672DLVY7VRY.jpg\"  fetchpriority=\"low\" loading=\"lazy\"\/>*Zendaya (Atenea)<\/p>\n<p class=\"article-body__paragraph\">La estrella de <a href=\"https:\/\/www.latercera.com\/etiqueta\/euphoria\/\" target=\"_self\" rel=\"nofollow noopener\" title=\"https:\/\/www.latercera.com\/etiqueta\/euphoria\/\">Euphoria<\/a> encarna a Atenea, la principal protectora y benefactora de Odiseo y su familia. En una epopeya en que enfrenta pruebas inimaginables, la deidad le tiende una mano al rey de \u00cdtaca.<\/p>\n<p>*Charlize Theron (Circe)<\/p>\n<p class=\"article-body__paragraph\">La reconocida actriz interpreta a Circe, una hechicera de gran poder que Odiseo conoce cuando desembarca en Eea. En el texto de Homero atrapa al h\u00e9roe y a sus hombres durante un a\u00f1o completo.<\/p>\n<p>*Jon Bernthal (Menelao)<\/p>\n<p class=\"article-body__paragraph\">Rey de Esparta, es el encargado de informarle a Tel\u00e9maco que su padre contin\u00faa con vida. Al igual que el personaje de Tom Holland, juega un rol determinante en el prol\u00f3go que actualmente se puede ver en los cines.<\/p>\n<p>*Mia Goth (Melanto)<\/p>\n<p class=\"article-body__paragraph\">La actriz de pel\u00edculas como Pearl (2022) y Frankenstein (2025) asumir\u00e1 el papel de Melanto, una sirvienta de Odiseo y Pen\u00e9lope que no es de fiar.<\/p>\n<p><img alt=\"\" class=\"global-image\" decoding=\"async\"  src=\"https:\/\/www.europesays.com\/es\/wp-content\/uploads\/2025\/12\/QXIQ4N5WT5F4NDKCYLH3JCBL5Y.jpg\"  fetchpriority=\"low\" loading=\"lazy\"\/>*John Leguizamo (Eumeo)<\/p>\n<p class=\"article-body__paragraph\">Fiel sirviente y amigo de la infancia de Odiseo, se transforma en un aliado clave cuando todo se pone en su contra en \u00cdtaca.<\/p>\n<p>*Benny Safdie (Agamen\u00f3n)<\/p>\n<p class=\"article-body__paragraph\">Luego de ser parte del elenco de Oppenheimer, el actor y director se transforma en Agamen\u00f3n. Personaje fundamental de La Il\u00edada, su fat\u00eddico destino sirve como advertencia para Odiseo en La Odisea.<\/p>\n<p class=\"article-body__paragraph\">El elenco de la cinta tambi\u00e9n lo componen Himesh Patel, Will Yun Lee, Jimmy Gonzales, Bill Irwin, Elliot Page, Samantha Morton, Jesse Garcia, Corey Hawkins, Jovan Adepo y Logan Marshall-Green.<\/p>\n","protected":false},"excerpt":{"rendered":"\u201cTras a\u00f1os de guerra, nadie pod\u00eda interponerse entre mis hombres y mi hogar. Ni siquiera yo\u201d, se\u00f1ala Odiseo&hellip;\n","protected":false},"author":2,"featured_media":306079,"comment_status":"","ping_status":"","sticky":false,"template":"","format":"standard","meta":{"footnotes":""},"categories":[169],"tags":[8141,72385,16313,43999,177,20680,146,147,25,24,176,26263,49577,72386,72384,28201,7271,72383,5258,36280,175,46968,23,72387,29418,28275],"class_list":{"0":"post-306078","1":"post","2":"type-post","3":"status-publish","4":"format-standard","5":"has-post-thumbnail","7":"category-cine","8":"tag-anne-hathaway","9":"tag-benny-safdie","10":"tag-charlize-theron","11":"tag-christopher-nolan","12":"tag-cine","13":"tag-cine-culto","14":"tag-entertainment","15":"tag-entretenimiento","16":"tag-es","17":"tag-espana","18":"tag-film","19":"tag-homero","20":"tag-imax","21":"tag-john-leguizamo","22":"tag-jon-bernthal","23":"tag-la-odisea","24":"tag-la-tercera-pm","25":"tag-lupita-nyongo","26":"tag-matt-damon","27":"tag-mia-goth","28":"tag-movies","29":"tag-robert-pattinson","30":"tag-spain","31":"tag-the-odyssey","32":"tag-tom-holland","33":"tag-zendaya"},"share_on_mastodon":{"url":"https:\/\/pubeurope.com\/@es\/115779073913219302","error":""},"_links":{"self":[{"href":"https:\/\/www.europesays.com\/es\/wp-json\/wp\/v2\/posts\/306078","targetHints":{"allow":["GET"]}}],"collection":[{"href":"https:\/\/www.europesays.com\/es\/wp-json\/wp\/v2\/posts"}],"about":[{"href":"https:\/\/www.europesays.com\/es\/wp-json\/wp\/v2\/types\/post"}],"author":[{"embeddable":true,"href":"https:\/\/www.europesays.com\/es\/wp-json\/wp\/v2\/users\/2"}],"replies":[{"embeddable":true,"href":"https:\/\/www.europesays.com\/es\/wp-json\/wp\/v2\/comments?post=306078"}],"version-history":[{"count":0,"href":"https:\/\/www.europesays.com\/es\/wp-json\/wp\/v2\/posts\/306078\/revisions"}],"wp:featuredmedia":[{"embeddable":true,"href":"https:\/\/www.europesays.com\/es\/wp-json\/wp\/v2\/media\/306079"}],"wp:attachment":[{"href":"https:\/\/www.europesays.com\/es\/wp-json\/wp\/v2\/media?parent=306078"}],"wp:term":[{"taxonomy":"category","embeddable":true,"href":"https:\/\/www.europesays.com\/es\/wp-json\/wp\/v2\/categories?post=306078"},{"taxonomy":"post_tag","embeddable":true,"href":"https:\/\/www.europesays.com\/es\/wp-json\/wp\/v2\/tags?post=306078"}],"curies":[{"name":"wp","href":"https:\/\/api.w.org\/{rel}","templated":true}]}}