{"id":306082,"date":"2025-12-25T07:42:16","date_gmt":"2025-12-25T07:42:16","guid":{"rendered":"https:\/\/www.europesays.com\/es\/306082\/"},"modified":"2025-12-25T07:42:16","modified_gmt":"2025-12-25T07:42:16","slug":"un-nuevo-farmaco-oral-logra-frenar-el-dano-cerebral-invisible-del-alzheimer","status":"publish","type":"post","link":"https:\/\/www.europesays.com\/es\/306082\/","title":{"rendered":"Un nuevo f\u00e1rmaco oral logra frenar el da\u00f1o cerebral invisible del alzh\u00e9imer"},"content":{"rendered":"<p><strong>La degeneraci\u00f3n neuronal y la activaci\u00f3n de las c\u00e9lulas gliales aparecen en fases muy tempranas de la enfermedad de Alzheimer,<\/strong> pero las mol\u00e9culas implicadas no est\u00e1n completamente definidas. Un estudio publicado en <a href=\"https:\/\/alz-journals.onlinelibrary.wiley.com\/doi\/10.1002\/alz.70968\" rel=\"nofollow noreferrer noopener\" target=\"_blank\">Alzheimer\u2019s &amp; Dementia<\/a> identifica un subtipo concreto de olig\u00f3mero beta amiloide asociado a astrocitos reactivos y describe su reducci\u00f3n mediante un inhibidor administrado por v\u00eda oral en un modelo animal.<\/p>\n<p>El trabajo, firmado por Daniel L. Kranz, Omar de Le\u00f3n V\u00e9lez, Emel Ulupinar, P. Hande Ozdinler, Richard B. Silverman y William L. Klein, analiza cerebros de ratones transg\u00e9nicos 5xFAD, un modelo ampliamente utilizado en investigaci\u00f3n sobre la enfermedad de Alzheimer. Los autores emplearon anticuerpos selectivos de conformaci\u00f3n para distinguir <strong>dos subtipos de olig\u00f3meros beta amiloide (A\u03b2O)<\/strong> con distribuci\u00f3n y evoluci\u00f3n distintas.<\/p>\n<p>Seg\u00fan los resultados, los olig\u00f3meros detectados por el anticuerpo <strong>ACU193<\/strong> aparecen de forma temprana en neuronas en proceso inicial de degeneraci\u00f3n, mientras que los reconocidos por <strong>NU4<\/strong> se asocian a fases m\u00e1s tard\u00edas y a dep\u00f3sitos densos relacionados con placas amiloides. Esta diferenciaci\u00f3n permiti\u00f3 seguir la progresi\u00f3n espaciotemporal de ambos subtipos en el cerebro de los animales.<\/p>\n<p>Asociaci\u00f3n con neuronas y astrocitos<\/p>\n<p>A las ocho semanas de edad, los ratones ya mostraban acumulaci\u00f3n de <strong>ACU193+ A\u03b2O<\/strong> en el sub\u00edculo, una regi\u00f3n hipocampal especialmente vulnerable. Estos olig\u00f3meros se localizaron en neuronas con signos tempranos de degeneraci\u00f3n y se correlacionaron con alteraciones en marcadores neuronales como NeuN y MAP2.<\/p>\n<p>De forma paralela, el estudio observ\u00f3 que estos olig\u00f3meros tempranos se acumulaban en las superficies de <strong>astrocitos reactivos<\/strong>, coincidiendo con un aumento de la prote\u00edna \u00e1cida fibrilar glial (<strong>GFAP<\/strong>), un marcador de astrogliosis. La presencia de <strong>pTDP-43<\/strong>, una prote\u00edna asociada a neurodegeneraci\u00f3n, tambi\u00e9n se detect\u00f3 en estos astrocitos en contacto con los olig\u00f3meros.<\/p>\n<p>Evoluci\u00f3n hacia la microgl\u00eda activada<\/p>\n<p>Con el envejecimiento de los animales, la se\u00f1al de ACU193 disminuy\u00f3 en los astrocitos y comenz\u00f3 a observarse dentro de la <strong>microgl\u00eda activada<\/strong>, lo que sugiere un posible proceso de fagocitosis de estos olig\u00f3meros por parte de las c\u00e9lulas inmunitarias del cerebro. En cambio, los olig\u00f3meros detectados por NU4 permanecieron asociados a dep\u00f3sitos densos alrededor de placas amiloides.<\/p>\n<p>Los autores se\u00f1alan que esta transici\u00f3n coincide con cambios en la activaci\u00f3n glial y refuerza la hip\u00f3tesis de que determinados subtipos de beta amiloide desempe\u00f1an un papel espec\u00edfico en la neuroinflamaci\u00f3n temprana de la enfermedad.<\/p>\n<p>Efecto del inhibidor NU-9<\/p>\n<p>El estudio evalu\u00f3 adem\u00e1s el impacto de <strong>NU-9<\/strong>, un inhibidor de mol\u00e9cula peque\u00f1a que bloquea la acumulaci\u00f3n de olig\u00f3meros beta amiloide. Tras <strong>60 d\u00edas de tratamiento oral<\/strong>, los ratones mostraron una <strong>reducci\u00f3n significativa de los ACU193+ A\u03b2O asociados a astrocitos<\/strong>, as\u00ed como una disminuci\u00f3n marcada de los niveles de GFAP.<\/p>\n<p>    Relacionado<\/p>\n<p>El tratamiento tambi\u00e9n redujo los agregados ubiquitinados que conten\u00edan <strong>pTDP-43<\/strong>, sin modificar de forma significativa los niveles globales de microgl\u00eda activada. En los animales de mayor edad, los autores no observaron una recuperaci\u00f3n clara de marcadores neuronales, lo que sugiere que el efecto del inhibidor se concentra en fases tempranas del proceso patol\u00f3gico.<\/p>\n<p>Relevancia para la investigaci\u00f3n del alzh\u00e9imer<\/p>\n<p>Los resultados respaldan la idea de que <strong>subtipos espec\u00edficos de olig\u00f3meros beta amiloide<\/strong>, y no solo las placas cl\u00e1sicas, participan en los primeros eventos de la enfermedad de Alzheimer. En particular, los olig\u00f3meros reconocidos por ACU193 se asocian a degeneraci\u00f3n neuronal temprana y a astrogliosis reactiva.<\/p>\n<p>El trabajo se basa en modelos animales y en an\u00e1lisis de tejido cerebral humano post mortem, y los autores subrayan que ser\u00e1 necesaria m\u00e1s investigaci\u00f3n para determinar el papel de estos olig\u00f3meros en la enfermedad humana y su posible valor como diana terap\u00e9utica.<\/p>\n","protected":false},"excerpt":{"rendered":"La degeneraci\u00f3n neuronal y la activaci\u00f3n de las c\u00e9lulas gliales aparecen en fases muy tempranas de la enfermedad&hellip;\n","protected":false},"author":2,"featured_media":306083,"comment_status":"","ping_status":"","sticky":false,"template":"","format":"standard","meta":{"footnotes":""},"categories":[92],"tags":[72388,72392,25,24,165,72389,72393,72390,72391,33549,166,23],"class_list":{"0":"post-306082","1":"post","2":"type-post","3":"status-publish","4":"format-standard","5":"has-post-thumbnail","7":"category-salud","8":"tag-astrocitos-reactivos","9":"tag-degeneracion-neuronal","10":"tag-es","11":"tag-espana","12":"tag-health","13":"tag-inhibidor-oral","14":"tag-neuroinflamacion","15":"tag-oligomero-beta-amiloide","16":"tag-proteina-toxica-del-alzheimer","17":"tag-ratones","18":"tag-salud","19":"tag-spain"},"share_on_mastodon":{"url":"https:\/\/pubeurope.com\/@es\/115779085467969110","error":""},"_links":{"self":[{"href":"https:\/\/www.europesays.com\/es\/wp-json\/wp\/v2\/posts\/306082","targetHints":{"allow":["GET"]}}],"collection":[{"href":"https:\/\/www.europesays.com\/es\/wp-json\/wp\/v2\/posts"}],"about":[{"href":"https:\/\/www.europesays.com\/es\/wp-json\/wp\/v2\/types\/post"}],"author":[{"embeddable":true,"href":"https:\/\/www.europesays.com\/es\/wp-json\/wp\/v2\/users\/2"}],"replies":[{"embeddable":true,"href":"https:\/\/www.europesays.com\/es\/wp-json\/wp\/v2\/comments?post=306082"}],"version-history":[{"count":0,"href":"https:\/\/www.europesays.com\/es\/wp-json\/wp\/v2\/posts\/306082\/revisions"}],"wp:featuredmedia":[{"embeddable":true,"href":"https:\/\/www.europesays.com\/es\/wp-json\/wp\/v2\/media\/306083"}],"wp:attachment":[{"href":"https:\/\/www.europesays.com\/es\/wp-json\/wp\/v2\/media?parent=306082"}],"wp:term":[{"taxonomy":"category","embeddable":true,"href":"https:\/\/www.europesays.com\/es\/wp-json\/wp\/v2\/categories?post=306082"},{"taxonomy":"post_tag","embeddable":true,"href":"https:\/\/www.europesays.com\/es\/wp-json\/wp\/v2\/tags?post=306082"}],"curies":[{"name":"wp","href":"https:\/\/api.w.org\/{rel}","templated":true}]}}