{"id":306088,"date":"2025-12-25T07:46:27","date_gmt":"2025-12-25T07:46:27","guid":{"rendered":"https:\/\/www.europesays.com\/es\/306088\/"},"modified":"2025-12-25T07:46:27","modified_gmt":"2025-12-25T07:46:27","slug":"muere-el-jefe-militar-del-oeste-libio-en-un-accidente-aereo-en-turquia","status":"publish","type":"post","link":"https:\/\/www.europesays.com\/es\/306088\/","title":{"rendered":"Muere el jefe militar del oeste libio en un accidente a\u00e9reo en Turqu\u00eda"},"content":{"rendered":"<p>\n  Por&amp;nbsp<b>Euronews<\/b>&amp;nbspcon&amp;nbsp<b>AP<\/b>\n<\/p>\n<p>\n                    Publicado                 24\/12\/2025 &#8211; 8:32 CET<br \/>\n                \u2022Ultima actualizaci\u00f3n<br \/>\n                                     8:36\n                                        <\/p>\n<p>El jefe del Estado Mayor de Libia <strong>bajo el Gobierno de Unidad Nacional<\/strong> (la instituci\u00f3n que controla de facto el oeste del pa\u00eds y que es reconocida internacionalmente) <a href=\"https:\/\/es.euronews.com\/2025\/12\/23\/hallados-restos-avion-tripoli-jefe-del-estado-mayor-libia\" rel=\"nofollow noopener\" target=\"_blank\">ha muerto este martes en un accidente a\u00e9reo<\/a> tras despegar de Ankara, la capital turca. As\u00ed lo ha confirmado el primer ministro libio de este organismo, Abdul-Hamid Dbeibah.<\/p>\n<p>El general <strong>Mohammed Ali Ahmed al Haddad<\/strong> regresaba a Libia tras mantener conversaciones de alto nivel sobre Defensa en la capital turca, centradas en reforzar la cooperaci\u00f3n militar entre ambos pa\u00edses. Seg\u00fan los funcionarios de esta instituci\u00f3n libia, el avi\u00f3n (un reactor de negocios del tipo Falcon 5) <strong>sufri\u00f3 una aver\u00eda t\u00e9cnica<\/strong>, seg\u00fan las primeras hip\u00f3tesis.<\/p>\n<p>Al-Haddad estaba considerado una de las figuras militares m\u00e1s destacadas del oeste de Libia y desempe\u00f1\u00f3 un papel fundamental en los intentos de <a href=\"https:\/\/es.euronews.com\/2025\/06\/23\/grecia-enviara-su-armada-a-las-aguas-territoriales-libias-para-controlar-la-migracion\" rel=\"nofollow noopener\" target=\"_blank\">unificar las facciones paramilitares y las diversas instituciones<\/a> de este Estado fallido tras a\u00f1os de conflicto y fragmentaci\u00f3n despu\u00e9s de la ca\u00edda del r\u00e9gimen de Muamar Gadafi en 2011.<\/p>\n<p><strong>El fallecido representaba a la c\u00fapula militar del Ejecutivo<\/strong> liderado por Dbeibah y trabajaba en estrecha coordinaci\u00f3n con socios internacionales, en particular Turqu\u00eda, aliado clave del Gobierno de Tr\u00edpoli en t\u00e9rminos militares y estrat\u00e9gicos.<\/p>\n<p>Tambi\u00e9n viajaban a bordo otros cuatro oficiales: <strong>el jefe de las fuerzas terrestres libias<\/strong>, Al Fitouri Ghraibil; <strong>el director de la autoridad militar de fabricaci\u00f3n<\/strong>, Mahmoud Al Qatawi; <strong>un asesor de Al Haddad<\/strong>, Mohammed Al Asawi Diab, y el fot\u00f3grafo militar Mohammed Omar Ahmed Mahjoub, adem\u00e1s de tres miembros de la tripulaci\u00f3n. Nadie ha sobrevivido al accidente.<\/p>\n<p>Poco despu\u00e9s de despegar del aeropuerto Esenboga de Anakara, <strong>el avi\u00f3n solicit\u00f3 un aterrizaje de emergencia cerca de Haymana<\/strong> tras notificar a los controladores a\u00e9reos un fallo el\u00e9ctrico. Los responsables turcos perdieron entonces el contacto con el avi\u00f3n mientras realizaba el descenso de emergencia <strong>tras 40 minutos de vuelo<\/strong>.<\/p>\n<p>Las im\u00e1genes de las c\u00e1maras de seguridad emitidas por la televisi\u00f3n local muestran el cielo nocturno de Haymana iluminado por lo que parece ser una explosi\u00f3n. Los restos del avi\u00f3n se encontraron cerca del pueblo de Kesikkavak, en Haymana, situado <strong>a unos 70 kil\u00f3metros al sur de Ankara<\/strong>.<\/p>\n<p><strong>Cuatro fiscales investigan el accidente<\/strong>, seg\u00fan el Ministerio de Justicia turco. Libia tambi\u00e9n enviar\u00e1 un equipo a la capital turca para colaborar con las autoridades locales. El aeropuerto de Ankara ha sido cerrado temporalmente y varios vuelos han sido desviados a otros lugares.<\/p>\n","protected":false},"excerpt":{"rendered":"Por&amp;nbspEuronews&amp;nbspcon&amp;nbspAP Publicado 24\/12\/2025 &#8211; 8:32 CET \u2022Ultima actualizaci\u00f3n 8:36 El jefe del Estado Mayor de Libia bajo el&hellip;\n","protected":false},"author":2,"featured_media":306089,"comment_status":"","ping_status":"","sticky":false,"template":"","format":"standard","meta":{"footnotes":""},"categories":[42],"tags":[13235,17,18,7939,13,14,11,61,62,63,64,19,20,27719,9,10,15,16,12,8584,21,22,65,66,67],"class_list":{"0":"post-306088","1":"post","2":"type-post","3":"status-publish","4":"format-standard","5":"has-post-thumbnail","7":"category-internacional","8":"tag-accidente-aereo","9":"tag-breaking-news","10":"tag-breakingnews","11":"tag-ejercito","12":"tag-featured-news","13":"tag-featurednews","14":"tag-headlines","15":"tag-internacional","16":"tag-international","17":"tag-international-news","18":"tag-internationalnews","19":"tag-latest-news","20":"tag-latestnews","21":"tag-libia","22":"tag-news","23":"tag-noticias","24":"tag-noticias-destacadas","25":"tag-noticiasdestacadas","26":"tag-titulares","27":"tag-turquia","28":"tag-ultimas-noticias","29":"tag-ultimasnoticias","30":"tag-world","31":"tag-world-news","32":"tag-worldnews"},"share_on_mastodon":{"url":"https:\/\/pubeurope.com\/@es\/115779101226347581","error":""},"_links":{"self":[{"href":"https:\/\/www.europesays.com\/es\/wp-json\/wp\/v2\/posts\/306088","targetHints":{"allow":["GET"]}}],"collection":[{"href":"https:\/\/www.europesays.com\/es\/wp-json\/wp\/v2\/posts"}],"about":[{"href":"https:\/\/www.europesays.com\/es\/wp-json\/wp\/v2\/types\/post"}],"author":[{"embeddable":true,"href":"https:\/\/www.europesays.com\/es\/wp-json\/wp\/v2\/users\/2"}],"replies":[{"embeddable":true,"href":"https:\/\/www.europesays.com\/es\/wp-json\/wp\/v2\/comments?post=306088"}],"version-history":[{"count":0,"href":"https:\/\/www.europesays.com\/es\/wp-json\/wp\/v2\/posts\/306088\/revisions"}],"wp:featuredmedia":[{"embeddable":true,"href":"https:\/\/www.europesays.com\/es\/wp-json\/wp\/v2\/media\/306089"}],"wp:attachment":[{"href":"https:\/\/www.europesays.com\/es\/wp-json\/wp\/v2\/media?parent=306088"}],"wp:term":[{"taxonomy":"category","embeddable":true,"href":"https:\/\/www.europesays.com\/es\/wp-json\/wp\/v2\/categories?post=306088"},{"taxonomy":"post_tag","embeddable":true,"href":"https:\/\/www.europesays.com\/es\/wp-json\/wp\/v2\/tags?post=306088"}],"curies":[{"name":"wp","href":"https:\/\/api.w.org\/{rel}","templated":true}]}}