{"id":306112,"date":"2025-12-25T08:09:21","date_gmt":"2025-12-25T08:09:21","guid":{"rendered":"https:\/\/www.europesays.com\/es\/306112\/"},"modified":"2025-12-25T08:09:21","modified_gmt":"2025-12-25T08:09:21","slug":"santutxu-llora-la-muerte-de-cabanas-uno-de-sus-vecinos-mas-queridos","status":"publish","type":"post","link":"https:\/\/www.europesays.com\/es\/306112\/","title":{"rendered":"Santutxu llora la muerte de Caba\u00f1as, uno de sus vecinos m\u00e1s queridos"},"content":{"rendered":"<p class=\"v-mdl-ath__p v-mdl-ath__p--6\">\nMi\u00e9rcoles, 24 de diciembre 2025, 13:37<\/p>\n<p class=\"v-p\">Santutxu llora la muerte de uno de sus vecinos m\u00e1s queridos. Jos\u00e9 Miguel Caba\u00f1as Prieto, conocido tambi\u00e9n como &#8216;Txocis&#8217;, falleci\u00f3 este martes a los 61 a\u00f1os de edad. Su familia y el Santutxu CF, equipo al que estuvo vinculado parte de su vida, dieron a conocer la noticia a trav\u00e9s de diferentes redes sociales.<\/p>\n<p class=\"v-p\">El club bilba\u00edno se despidi\u00f3 de Caba\u00f1as con unas emotivas palabras. \u00abJos\u00e9 Miguel particip\u00f3 y ayud\u00f3 de forma totalmente desinteresada a nuestro club, dejando una huella imborrable entre quienes tuvimos la suerte de conocerle\u00bb, escribieron antes de mandarle un \u00abmensaje de \u00e1nimo y apoyo\u00bb a los familiares.<\/p>\n<p class=\"v-p\">Miguel \u00c1ngel G\u00f3mez &#8216;Mitxelo&#8217; le conoc\u00eda bien. Su presidencia en la entidad coincidi\u00f3 con la etapa de Caba\u00f1as como trabajador voluntario. El hist\u00f3rico dirigente del Santutxu, que abandon\u00f3 la presidencia hace solo unos meses despu\u00e9s de 48 a\u00f1os ligado al club, recuerda su figura en una conversaci\u00f3n con este peri\u00f3dico: \u00abSu ayuda era importante. Se encargaba de lavar la ropa del primer equipo, de la taquilla&#8230; Y todo de forma desinteresada\u00bb. As\u00ed estuvo durante 14 a\u00f1os. Tambi\u00e9n se encarg\u00f3 del mantenimiento de las instalaciones de Mallona, una tarea que recae, en parte, en los equipos que utilizan el complejo.<\/p>\n<p class=\"v-p\">Caba\u00f1as dej\u00f3 el Santuxu hace unos cinco a\u00f1os. Sus problemas f\u00edsicos le obligaron a apartarse del club de su barrio. \u00abLe costaba mucho andar\u00bb, confiesa &#8216;Mitxelo&#8217;. Aunque nunca dej\u00f3 de lado su rutina. Todos los d\u00edas bajaba con su bast\u00f3n a dar una vuelta por el barrio, a tomarse el caf\u00e9 y a fumarse el cigarro de turno mientras disfrutaba del vecindario sentado en un banco.<\/p>\n<p class=\"v-p\">\u00abHemos tenido una amistad tremenda. Era un t\u00edo diez. Nunca le ve\u00edas enfadado y siempre estaba haciendo bromas\u00bb, cuenta, entristecido, &#8216;Mitxelo&#8217;, que se enter\u00f3 ayer de lo sucedido. El exdirigente del Santutxu solo tiene palabras de agradecimiento hacia Caba\u00f1as: \u00abCualquier persona que te ayuda de esa manera es para ponerle un altar\u00bb.<\/p>\n<p class=\"v-p\">Adem\u00e1s de colaborar con el equipo del barrio, el f\u00fatbol siempre fue una de sus pasiones. La Merced, Moraza, Etxebarri, Askatasuna, Ibarsusi&#8230; fueron algunos de los clubes a los que perteneci\u00f3 de alguna forma. E incluso fue \u00e1rbitro de f\u00fatbol base durante ocho a\u00f1os.<\/p>\n<p class=\"v-p\">La misa funeral se celebrar\u00e1 este viernes a las cinco y media de la tarde en la iglesia San Francisco de Paula-San Francisquito.<\/p>\n<p>Reporta un error<\/p>\n","protected":false},"excerpt":{"rendered":"Mi\u00e9rcoles, 24 de diciembre 2025, 13:37 Santutxu llora la muerte de uno de sus vecinos m\u00e1s queridos. Jos\u00e9&hellip;\n","protected":false},"author":2,"featured_media":306113,"comment_status":"","ping_status":"","sticky":false,"template":"","format":"standard","meta":{"footnotes":""},"categories":[91],"tags":[146,147,25,24,8385,4920,72397,27734,23,72396,3096],"class_list":{"0":"post-306112","1":"post","2":"type-post","3":"status-publish","4":"format-standard","5":"has-post-thumbnail","7":"category-entretenimiento","8":"tag-entertainment","9":"tag-entretenimiento","10":"tag-es","11":"tag-espana","12":"tag-llora","13":"tag-muerte","14":"tag-queridos","15":"tag-santutxu","16":"tag-spain","17":"tag-txocis","18":"tag-vecinos"},"share_on_mastodon":{"url":"https:\/\/pubeurope.com\/@es\/115779191968795938","error":""},"_links":{"self":[{"href":"https:\/\/www.europesays.com\/es\/wp-json\/wp\/v2\/posts\/306112","targetHints":{"allow":["GET"]}}],"collection":[{"href":"https:\/\/www.europesays.com\/es\/wp-json\/wp\/v2\/posts"}],"about":[{"href":"https:\/\/www.europesays.com\/es\/wp-json\/wp\/v2\/types\/post"}],"author":[{"embeddable":true,"href":"https:\/\/www.europesays.com\/es\/wp-json\/wp\/v2\/users\/2"}],"replies":[{"embeddable":true,"href":"https:\/\/www.europesays.com\/es\/wp-json\/wp\/v2\/comments?post=306112"}],"version-history":[{"count":0,"href":"https:\/\/www.europesays.com\/es\/wp-json\/wp\/v2\/posts\/306112\/revisions"}],"wp:featuredmedia":[{"embeddable":true,"href":"https:\/\/www.europesays.com\/es\/wp-json\/wp\/v2\/media\/306113"}],"wp:attachment":[{"href":"https:\/\/www.europesays.com\/es\/wp-json\/wp\/v2\/media?parent=306112"}],"wp:term":[{"taxonomy":"category","embeddable":true,"href":"https:\/\/www.europesays.com\/es\/wp-json\/wp\/v2\/categories?post=306112"},{"taxonomy":"post_tag","embeddable":true,"href":"https:\/\/www.europesays.com\/es\/wp-json\/wp\/v2\/tags?post=306112"}],"curies":[{"name":"wp","href":"https:\/\/api.w.org\/{rel}","templated":true}]}}