{"id":306121,"date":"2025-12-25T08:26:16","date_gmt":"2025-12-25T08:26:16","guid":{"rendered":"https:\/\/www.europesays.com\/es\/306121\/"},"modified":"2025-12-25T08:26:16","modified_gmt":"2025-12-25T08:26:16","slug":"asumi-algunos-riesgos-pero-sentia-que-todo-estaba-bajo-control","status":"publish","type":"post","link":"https:\/\/www.europesays.com\/es\/306121\/","title":{"rendered":"\u201cAsum\u00ed algunos riesgos, pero sent\u00eda que todo estaba bajo control\u201d"},"content":{"rendered":"<p class=\"ft-text\"><strong>La batalla entre <\/strong><a class=\"ft-link ft-link--decoration\" href=\"https:\/\/www.sport.es\/es\/temas\/wout-aert-1867226\" rel=\"nofollow noopener\" target=\"_blank\"><strong>Wout Van Aert<\/strong><\/a><strong> y <\/strong><a class=\"ft-link ft-link--decoration\" href=\"https:\/\/www.sport.es\/es\/temas\/tadej-pogacar-1014731\" rel=\"nofollow noopener\" target=\"_blank\"><strong>Tadej Pogacar<\/strong><\/a><strong> en Montmartre forma ya parte de los libros de historia del ciclismo<\/strong>. Belga y esloveno protagonizaron una emocionant\u00edsima carrera por los adoquines parisinos a lo largo de los cuatro pasos por el ic\u00f3nico tramo en la que el primero termin\u00f3 imponi\u00e9ndose con contundencia para ser el primero en cruzar la l\u00ednea de meta en la \u00faltima etapa del Tour de Francia 2025.<\/p>\n<p class=\"ft-text\">La llegada a Par\u00eds apuntaba a ser un paseo triunfal para un Pogacar que ya se sab\u00eda ganador de su cuarto Tour, pero <strong>la introducci\u00f3n de Montmartre en el recorrido termin\u00f3 amargando la coronaci\u00f3n del &#8216;Peque\u00f1o Pr\u00edncipe&#8217;<\/strong>. <a class=\"ft-link ft-link--decoration\" href=\"https:\/\/www.sport.es\/es\/noticias\/ciclismo\/tour-francia\/pogacar-gana-tour-francia-120112367\" rel=\"nofollow noopener\" target=\"_blank\">Van Aert vio la oportunidad de explotar las debilidades del fatigado l\u00edder del UAE para apuntarse su d\u00e9cima victoria de etapa en la &#8216;Grande Boucle&#8217;<\/a> y, de paso, regalarle la clasificaci\u00f3n por equipos a su Visma.<\/p>\n<p class=\"ft-text\">Medio a\u00f1o despu\u00e9s de su haza\u00f1a, Van Aert desgran\u00f3 las claves de la victoria en el podcast Inside the Beehive. <strong>Tumbar a un coloso de la talla de Pogacar requer\u00eda de una estrategia muy s\u00f3lida, pero tambi\u00e9n de alguna que otra decisi\u00f3n arriesgada<\/strong> que el belga no dud\u00f3 en tomar.<\/p>\n<p><img decoding=\"async\" src=\"https:\/\/www.europesays.com\/es\/wp-content\/uploads\/2025\/12\/56675d1a-0736-4088-a1a8-f0b5c6fc16b4_alta-libre-aspect-ratio_default_0.jpg\" width=\"1200\" height=\"800\" alt=\"Van Aert celebra la victoria tras su paso por meta en la \u00faltima etapa del Tour de Francia 2025\" class=\"ft-helper-img-rd\" loading=\"lazy\"\/><\/p>\n<p class=\"ft-helper-fontColor-quaternary ft-helper-fontSize-body-S ft-helper-spacer-t-xxs\">Van Aert celebra la victoria tras su paso por meta en la \u00faltima etapa del Tour de Francia 2025  \/ EFE<\/p>\n<p class=\"ft-text\">\u00abEse d\u00eda ten\u00eda mucha confianza en la bicicleta, ten\u00eda las piernas bien, <strong>asum\u00ed algunos riesgos en los \u00faltimos kil\u00f3metros, pero sent\u00eda que todo estaba bajo control<\/strong>\u00ab, confes\u00f3 un Van Aert que impuso su experiencia en las cl\u00e1sicas de primavera para &#8216;volar&#8217; sobre el adoqu\u00edn mojado de Montmartre. \u00abEstaba resbaladizo, pero no tanto como se podr\u00eda pensar\u00bb.<\/p>\n<p class=\"ft-text\">M\u00e1s all\u00e1 de su buen hacer en este tipo de terrenos, Van Aert tom\u00f3 una decisi\u00f3n antes de comenzar la carrera que termin\u00f3 jugando un papel fundamental en su victoria final. \u00abLa carrera es muy corta, con un tramo f\u00e1cil al principio, <strong>as\u00ed que decid\u00ed usar neum\u00e1ticos anchos con muy baja presi\u00f3n para ahorrar energ\u00eda<\/strong>\u00ab.<\/p>\n<p class=\"ft-text\">La apuesta por este tipo de rueda fue la que permiti\u00f3 a Van Aert escaparse en solitario en la \u00faltima subida al Montmartre, soltando a un Pogacar que nada pudo hacer para reducir la brecha entre ambos. \u00ab<strong>Estuve tan concentrado en mi esfuerzo hasta la \u00faltima recta que solo entonces me di cuenta de lo lejos que iba<\/strong>\u00ab, admiti\u00f3 el belga.<\/p>\n","protected":false},"excerpt":{"rendered":"La batalla entre Wout Van Aert y Tadej Pogacar en Montmartre forma ya parte de los libros de&hellip;\n","protected":false},"author":2,"featured_media":306122,"comment_status":"","ping_status":"","sticky":false,"template":"","format":"standard","meta":{"footnotes":""},"categories":[273],"tags":[6175,313,312,168,31826,4083,25,24,5200,549,23,167,316,18063,6174],"class_list":{"0":"post-306121","1":"post","2":"type-post","3":"status-publish","4":"format-standard","5":"has-post-thumbnail","7":"category-ciclismo","8":"tag-aert","9":"tag-ciclismo","10":"tag-cycling","11":"tag-deportes","12":"tag-destrozo","13":"tag-desvela","14":"tag-es","15":"tag-espana","16":"tag-montmartre","17":"tag-pogacar","18":"tag-spain","19":"tag-sports","20":"tag-tour","21":"tag-truco","22":"tag-van"},"share_on_mastodon":{"url":"https:\/\/pubeurope.com\/@es\/115779258967540449","error":""},"_links":{"self":[{"href":"https:\/\/www.europesays.com\/es\/wp-json\/wp\/v2\/posts\/306121","targetHints":{"allow":["GET"]}}],"collection":[{"href":"https:\/\/www.europesays.com\/es\/wp-json\/wp\/v2\/posts"}],"about":[{"href":"https:\/\/www.europesays.com\/es\/wp-json\/wp\/v2\/types\/post"}],"author":[{"embeddable":true,"href":"https:\/\/www.europesays.com\/es\/wp-json\/wp\/v2\/users\/2"}],"replies":[{"embeddable":true,"href":"https:\/\/www.europesays.com\/es\/wp-json\/wp\/v2\/comments?post=306121"}],"version-history":[{"count":0,"href":"https:\/\/www.europesays.com\/es\/wp-json\/wp\/v2\/posts\/306121\/revisions"}],"wp:featuredmedia":[{"embeddable":true,"href":"https:\/\/www.europesays.com\/es\/wp-json\/wp\/v2\/media\/306122"}],"wp:attachment":[{"href":"https:\/\/www.europesays.com\/es\/wp-json\/wp\/v2\/media?parent=306121"}],"wp:term":[{"taxonomy":"category","embeddable":true,"href":"https:\/\/www.europesays.com\/es\/wp-json\/wp\/v2\/categories?post=306121"},{"taxonomy":"post_tag","embeddable":true,"href":"https:\/\/www.europesays.com\/es\/wp-json\/wp\/v2\/tags?post=306121"}],"curies":[{"name":"wp","href":"https:\/\/api.w.org\/{rel}","templated":true}]}}