{"id":306144,"date":"2025-12-25T08:41:14","date_gmt":"2025-12-25T08:41:14","guid":{"rendered":"https:\/\/www.europesays.com\/es\/306144\/"},"modified":"2025-12-25T08:41:14","modified_gmt":"2025-12-25T08:41:14","slug":"macron-desentierra-el-hacha-de-guerra-contra-trump-por-la-retirada-del-visado-a-un-exministro-frances","status":"publish","type":"post","link":"https:\/\/www.europesays.com\/es\/306144\/","title":{"rendered":"Macron desentierra el hacha de guerra contra Trump por la retirada del visado a un exministro franc\u00e9s"},"content":{"rendered":"<p style=\"\"><a href=\"https:\/\/www.abc.es\/noticias\/emmanuel-macron\/\" data-voc-vtm-id=\"in-text-traffic\" title=\"Emmanuel Macron\" data-mrf-link=\"www.abc.es\" rel=\"nofollow noopener\" target=\"_blank\">Emmanuel Macron<\/a> ha lanzado <strong>una respuesta y ataque frontal contra Donald Trump <\/strong>en un terreno estrat\u00e9gico para el futuro de Europa.<\/p>\n<p style=\"\">El presidente franc\u00e9s <strong>se ha pronunciado con contundencia<\/strong> despu\u00e9s de que Estados Unidos haya retirado el visado y denegado la entrada a  &#8230; Thierry Breton, quien fue comisario de Mercado Interior entre 2019 y 2024 y a quien acusa de censura por ser el cerebro de la Ley de Servicios Digitales que regula las redes sociales. \u00abFrancia denuncia con energ\u00eda las decisiones de Estados Unidos de retirar \/ limitar los visados de Thierry Breton y cuatro personalidades europeas. Esas medidas son una intimidaci\u00f3n y una represi\u00f3n contra la soberan\u00eda digital europea\u00bb, ha denunciado Macron.<\/p>\n<p class=\"voc-p\" style=\"\">El presidente no puede ser m\u00e1s claro y directo. Thierry Breton, exministro franc\u00e9s, ex comisario europeo, exdirigente de muy grandes empresas multinacionales, francesas y europeas, <strong>es uno de los grandes defensores europeos<\/strong>, nacionales e institucionales de la regulaci\u00f3n de las plataformas digitales y redes sociales.<\/p>\n<p class=\"voc-p\" style=\"\">Desde sus cargos, desde hace veinte a\u00f1os, desde su actual posici\u00f3n de analista em\u00e9rito de la realidad internacional, Breton defiende la \u00abregulaci\u00f3n\u00bb de dichas plataformas. En Washington, Trump ha tomado la decisi\u00f3n de privar al excomisario franc\u00e9s <strong>de su visado, la validez de su pasaporte, neg\u00e1ndole la entrada en Estados Unidos.<\/strong><\/p>\n<p class=\"voc-p\" style=\"\">Trat\u00e1ndose de una cuesti\u00f3n nacional y europea, Macron no ha dudado en desenterrar el hacha de guerra verbal contra Trump, planteando el problema de fondo en su ra\u00edz original y m\u00e1s conflictiva.<\/p>\n<p class=\"voc-p\" style=\"\">El presidente est\u00e1 \u00abacompa\u00f1ado\u00bb por su Gobierno, sus ministros, y toda la clase pol\u00edtica nacional. <strong>Detalle sencillamente excepcional.<\/strong><\/p>\n<p class=\"voc-p\" style=\"\">Jean-No\u00ebl Barrot, ministro de Asuntos Exteriores, y Roland Descure, titular de Econom\u00eda, <strong>denuncian a coro<\/strong> \u00abcon la mayor firmeza\u00bb una decisi\u00f3n que, a su modo de ver, es \u00abun atentado contra las libertades b\u00e1sicas\u00bb. El enfrentamiento y batalla pol\u00edtica se extiende a la concepci\u00f3n misma de la libertad.<\/p>\n<p class=\"voc-p\" style=\"\">Nathalie Loiseau, diplom\u00e1tica y eurodiputada de referencia, insiste en la <strong>dimensi\u00f3n continental del problema<\/strong>: \u00abNo nos equivoquemos\u2026 tras la medida contra Breton, lo que est\u00e1 en juego es la soberan\u00eda y libertad de los europeos. Europa debe reaccionar para defender su soberan\u00eda y libertades\u00bb.<\/p>\n<p class=\"voc-p\" style=\"\">Por una vez, todos los partidos pol\u00edticos nacionales, de la extrema izquierda a la extrema derecha, <strong>adoptan un tono muy semejante<\/strong>, contra las decisiones de Trump.<\/p>\n<p class=\"voc-p\" style=\"\">A la extrema derecha, S\u00e9bastien Chenu, vicepresidente de Agrupaci\u00f3n Nacional (AN), <strong>el partido de Marine Le Pen<\/strong>, ha declarado: \u00abPienso que la Administraci\u00f3n Trump no solo se equivoca en el fondo de la cuesti\u00f3n. Tambi\u00e9n se equivoca en la imagen que da de los Estados Unidos\u00bb. Se trata de una \u00abruptura\u00bb altamente simb\u00f3lica.<\/p>\n<p class=\"voc-p\" style=\"\">Le Pen y su partido han apoyado, con matices, <strong>todas o casi todas las grandes iniciativas de Trump<\/strong>. Denunciando una \u00abequivocaci\u00f3n\u00bb estrat\u00e9gica, Chenu subraya una diferencia mayor que afecta a las relaciones de Francia y toda Europa con Washington.<\/p>\n<p class=\"voc-p\" style=\"\">La derecha tradicional, socialistas y comunistas <strong>utilizan todos la misma terminolog\u00eda<\/strong>: \u00abSe trata de una decisi\u00f3n extremadamente grave. Francia y la Uni\u00f3n Europea deben reaccionar de manera inmediata a este ataque sin precedentes contra nuestra soberan\u00eda\u00bb.<\/p>\n<p class=\"voc-p\" style=\"\">Rapha\u00ebl Glucksmann, hijo del famoso fil\u00f3sofo, eurodiputado, reacciona de este modo: \u00abNo somos una colonia de los Estados Unidos. Somos europeos. Debemos defender nuestras leyes, nuestros principios, nuestros intereses. La sanci\u00f3n escandalosa contra Thierry Breton es un ataque de fondo contra nuestra soberan\u00eda\u00bb. <\/p>\n<p class=\"voc-p\" style=\"\">Al margen de las reacciones de la UE y otras naciones europeas, las reacciones de Francia, con Macron a la cabeza, <strong>parecen anunciar la \u00abbandera\u00bb de un \u00abhacha de guerra\u00bb<\/strong> contra una decisi\u00f3n trumpista mucho m\u00e1s que simb\u00f3lica, ya que afecta a las relaciones m\u00e1s profundas entre Estados Unidos y Europa.<\/p>\n","protected":false},"excerpt":{"rendered":"Emmanuel Macron ha lanzado una respuesta y ataque frontal contra Donald Trump en un terreno estrat\u00e9gico para el&hellip;\n","protected":false},"author":2,"featured_media":306145,"comment_status":"","ping_status":"","sticky":false,"template":"","format":"standard","meta":{"footnotes":""},"categories":[42],"tags":[17,18,72401,13,14,69,63465,11,61,62,63,64,19,20,24564,9,10,15,16,12,936,21,22,65,66,67],"class_list":{"0":"post-306144","1":"post","2":"type-post","3":"status-publish","4":"format-standard","5":"has-post-thumbnail","7":"category-internacional","8":"tag-breaking-news","9":"tag-breakingnews","10":"tag-desentierra","11":"tag-featured-news","12":"tag-featurednews","13":"tag-guerra","14":"tag-hacha","15":"tag-headlines","16":"tag-internacional","17":"tag-international","18":"tag-international-news","19":"tag-internationalnews","20":"tag-latest-news","21":"tag-latestnews","22":"tag-macron","23":"tag-news","24":"tag-noticias","25":"tag-noticias-destacadas","26":"tag-noticiasdestacadas","27":"tag-titulares","28":"tag-trump","29":"tag-ultimas-noticias","30":"tag-ultimasnoticias","31":"tag-world","32":"tag-world-news","33":"tag-worldnews"},"share_on_mastodon":{"url":"https:\/\/pubeurope.com\/@es\/115779317591261888","error":""},"_links":{"self":[{"href":"https:\/\/www.europesays.com\/es\/wp-json\/wp\/v2\/posts\/306144","targetHints":{"allow":["GET"]}}],"collection":[{"href":"https:\/\/www.europesays.com\/es\/wp-json\/wp\/v2\/posts"}],"about":[{"href":"https:\/\/www.europesays.com\/es\/wp-json\/wp\/v2\/types\/post"}],"author":[{"embeddable":true,"href":"https:\/\/www.europesays.com\/es\/wp-json\/wp\/v2\/users\/2"}],"replies":[{"embeddable":true,"href":"https:\/\/www.europesays.com\/es\/wp-json\/wp\/v2\/comments?post=306144"}],"version-history":[{"count":0,"href":"https:\/\/www.europesays.com\/es\/wp-json\/wp\/v2\/posts\/306144\/revisions"}],"wp:featuredmedia":[{"embeddable":true,"href":"https:\/\/www.europesays.com\/es\/wp-json\/wp\/v2\/media\/306145"}],"wp:attachment":[{"href":"https:\/\/www.europesays.com\/es\/wp-json\/wp\/v2\/media?parent=306144"}],"wp:term":[{"taxonomy":"category","embeddable":true,"href":"https:\/\/www.europesays.com\/es\/wp-json\/wp\/v2\/categories?post=306144"},{"taxonomy":"post_tag","embeddable":true,"href":"https:\/\/www.europesays.com\/es\/wp-json\/wp\/v2\/tags?post=306144"}],"curies":[{"name":"wp","href":"https:\/\/api.w.org\/{rel}","templated":true}]}}