{"id":306150,"date":"2025-12-25T08:48:08","date_gmt":"2025-12-25T08:48:08","guid":{"rendered":"https:\/\/www.europesays.com\/es\/306150\/"},"modified":"2025-12-25T08:48:08","modified_gmt":"2025-12-25T08:48:08","slug":"carlos-alcaraz-se-machaca-en-casa-para-preparar-el-ano-i-despues-de-ferrero","status":"publish","type":"post","link":"https:\/\/www.europesays.com\/es\/306150\/","title":{"rendered":"Carlos Alcaraz se machaca en casa para preparar el a\u00f1o I despu\u00e9s de Ferrero"},"content":{"rendered":"<p>La normalidad va ganando lugar al ruido en la pretemporada de <a href=\"https:\/\/www.laverdad.es\/carlos-alcaraz\/\" title=\"www.laverdad.es\" data-voc-vtm-id=\"in-text-traffic\" data-mrf-link=\"www.laverdad.es\" rel=\"nofollow noopener\" target=\"_blank\">Carlos Alcaraz<\/a>. La noticia de la <a href=\"https:\/\/www.laverdad.es\/carlos-alcaraz\/bombazo-mundo-tenis-carlos-alcaraz-juan-carlos-20251217131240-nt.html\" title=\"www.laverdad.es\" data-voc-vtm-id=\"in-text-traffic\" data-mrf-link=\"www.laverdad.es\" rel=\"nofollow noopener\" target=\"_blank\">salida del equipo <\/a>por parte de Juan  &#8230; Carlos Ferrero cay\u00f3 como una bomba nuclear en los medios de comunicaci\u00f3n hace una semana y su<a href=\"https:\/\/www.laverdad.es\/carlos-alcaraz\/documental-netflix-agrando-grieta-ferrero-familia-alcaraz-20251221074156-nt.html\" title=\"www.laverdad.es\" data-voc-vtm-id=\"in-text-traffic\" data-mrf-link=\"www.laverdad.es\" rel=\"nofollow noopener\" target=\"_blank\"> onda expansiva<\/a> a\u00fan se deja sentir. Pocos integrantes del mundo del tenis quedan por posicionarse y mostrar su opini\u00f3n al respecto de la marcha del t\u00e9cnico de Ontinyent. Ya es historia Ferrero, tras siete a\u00f1os acompa\u00f1ando a Carlitos, y ahora el murciano vuela junto a <a href=\"https:\/\/www.laverdad.es\/carlos-alcaraz\/samuel-lopez-tecnico-carlos-alcaraz-anos-experiencia-20251218122117-nt.html\" title=\"www.laverdad.es\" data-voc-vtm-id=\"in-text-traffic\" data-mrf-link=\"www.laverdad.es\" rel=\"nofollow noopener\" target=\"_blank\">Samuel L\u00f3pez<\/a>. El de Villena, que ser\u00e1 su gu\u00eda en 2026, est\u00e1 arropando al n\u00famero 1 en una pretemporada exigente con la vista puesta en el gran bot\u00edn para el pr\u00f3ximo curso: el Abierto de Australia. <\/p>\n<p class=\"v-p\">El gigante de Melbourne es el gran objetivo en el calendario de Alcaraz para 2026. No el \u00fanico, l\u00f3gicamente, pero es el \u00fanico de los cuatro grandes que a\u00fan no aparece en su palmar\u00e9s y el de El Palmar tiene la posibilidad de completar el &#8216;career Grand Slam&#8217; siendo el m\u00e1s joven de la historia. El reto es ilusionante\u2026 y complicado. Porque Alcaraz nunca ha superado la ronda de cuartos de final (2024 y 2025) en el estado de Victoria. Por ello se est\u00e1 exprimiendo al m\u00e1ximo estos d\u00edas en casa junto a su equipo y algunos invitados que han desfilado y seguir\u00e1n haci\u00e9ndolo hasta el 7 de enero por la capital del Segura. Ser\u00e1 en esa fecha cuando Carlitos, junto a Samuel L\u00f3pez, Albert Molina, Juanjo Moreno y Alberto Lled\u00f3 se desplace hacia Corea del Sur para disputar un partido de exhibici\u00f3n junto a Jannik Sinner. El duelo entre las dos principales raquetas est\u00e1 fechado para el 10 de enero, ocho d\u00edas antes de que arranque el primer Grand Slam del a\u00f1o. <\/p>\n<p class=\"v-p\">Desde Se\u00fal viajar\u00e1 directamente Alcaraz hacia tierras australianas, donde le esperan d\u00edas de entrenamiento para aclimatarse al horario y a la meteorolog\u00eda de Melbourne. <\/p>\n<p class=\"v-p\">Pero antes de iniciar el viaje, Alcaraz se pone a punto en la Carlos Alcaraz Academy bien arropado por su equipo y tambi\u00e9n por algunos tenistas que le acompa\u00f1ar\u00e1n durante estas semanas. El primero fue Flavio Cobolli. El tenista italiano, n\u00famero 22 del mundo, trabaj\u00f3 codo con codo con Alcaraz durante la semana pasada antes de partir el pasado domingo. Esta semana se ha sumado a los entrenamientos Roberto Bautista Agut, compa\u00f1ero del equipo de Copa Davis, con quien Alcaraz mantiene una grand\u00edsima relaci\u00f3n. <\/p>\n<p class=\"v-p\">Uno de los aspectos en los que m\u00e1s hincapi\u00e9 est\u00e1 haciendo el tenista murciano junto a Samuel L\u00f3pez en esta pretemporada es el resto. El invierno pasado fue el saque el que sufri\u00f3 una clara modificaci\u00f3n, que le ha servido para incrementar sus n\u00fameros y, de cara al inicio de 2026, se busca mejorar la ejecuci\u00f3n del resto con la idea de completar a\u00fan m\u00e1s su repertorio de golpes. <\/p>\n<p class=\"v-p\">Apenas ha parado un d\u00eda desde que inici\u00f3 la pretemporada Alcaraz. Fue el pasado domingo. Tambi\u00e9n lo har\u00e1 este 25 de diciembre y el d\u00eda de a\u00f1o nuevo. Ha aprovechado el de El Palmar bien el tiempo, exprimiendo cada minuto de las fr\u00edas ma\u00f1anas en su casa para entrenar en la pista y tambi\u00e9n en el gimnasio junto a su preparador f\u00edsico Alberto Lled\u00f3. La pr\u00f3xima semana se pasar\u00e1 por Murcia Pedro Mart\u00ednez Portero, tenista valenciano que lleg\u00f3 a ocupar el puesto 36 del ranking ATP el pasado mes de febrero.<\/p>\n<p class=\"v-p\">No solo del tenis se ha alimentado Alcaraz desde su regreso a casa tras unas merecidas vacaciones en Miami y Turcas y Caicos. Tambi\u00e9n ha aprovechado el n\u00famero uno para disfrutar fuera de la pista. Entre otras muchas cosas, le ha dado tiempo a <a href=\"https:\/\/www.laverdad.es\/anuario\/2025\/20murcianos\/carlos-alcaraz-mago-raqueta-varita-20251224095535-nt_amp.html\" title=\"www.laverdad.es\" data-voc-vtm-id=\"in-text-traffic\" data-mrf-link=\"www.laverdad.es\" rel=\"nofollow noopener\" target=\"_blank\">recibir homenajes <\/a>en su tierra. El pasado 12 de diciembre recibi\u00f3 el premio <a href=\"https:\/\/www.laverdad.es\/culturas\/verdad-reconoce-mejores-cinco-trayectorias-excelentes-20251208011714-nt.html\" title=\"www.laverdad.es\" data-voc-vtm-id=\"in-text-traffic\" data-mrf-link=\"www.laverdad.es\" rel=\"nofollow noopener\" target=\"_blank\">&#8216;Los Mejores&#8217;<\/a> de este peri\u00f3dico en un emotivo acto en el Auditorio V\u00edctor Villegas en la ciudad de Murcia. Tambi\u00e9n ha seguido de cerca los \u00faltimos partidos de su equipo, el Real Murcia, desde el palco del Enrique Roca de Murcia. Presenci\u00f3 en directo los duelos del equipo de Adri\u00e1n Colunga ante el Sabadell y tambi\u00e9n el duelo copero ante el Real Betis. Partido este \u00faltimo en el que tuvo la oportunidad de realizar el saque de honor ante m\u00e1s de 31.000 espectadores. <\/p>\n","protected":false},"excerpt":{"rendered":"La normalidad va ganando lugar al ruido en la pretemporada de Carlos Alcaraz. La noticia de la salida&hellip;\n","protected":false},"author":2,"featured_media":306151,"comment_status":"","ping_status":"","sticky":false,"template":"","format":"standard","meta":{"footnotes":""},"categories":[274],"tags":[4736,1611,385,168,987,25,24,3460,72402,11451,23,167,327,326],"class_list":{"0":"post-306150","1":"post","2":"type-post","3":"status-publish","4":"format-standard","5":"has-post-thumbnail","7":"category-tenis","8":"tag-alcaraz","9":"tag-ano","10":"tag-casa","11":"tag-deportes","12":"tag-despues","13":"tag-es","14":"tag-espana","15":"tag-ferrero","16":"tag-machaca","17":"tag-preparar","18":"tag-spain","19":"tag-sports","20":"tag-tenis","21":"tag-tennis"},"share_on_mastodon":{"url":"https:\/\/pubeurope.com\/@es\/115779345202453244","error":""},"_links":{"self":[{"href":"https:\/\/www.europesays.com\/es\/wp-json\/wp\/v2\/posts\/306150","targetHints":{"allow":["GET"]}}],"collection":[{"href":"https:\/\/www.europesays.com\/es\/wp-json\/wp\/v2\/posts"}],"about":[{"href":"https:\/\/www.europesays.com\/es\/wp-json\/wp\/v2\/types\/post"}],"author":[{"embeddable":true,"href":"https:\/\/www.europesays.com\/es\/wp-json\/wp\/v2\/users\/2"}],"replies":[{"embeddable":true,"href":"https:\/\/www.europesays.com\/es\/wp-json\/wp\/v2\/comments?post=306150"}],"version-history":[{"count":0,"href":"https:\/\/www.europesays.com\/es\/wp-json\/wp\/v2\/posts\/306150\/revisions"}],"wp:featuredmedia":[{"embeddable":true,"href":"https:\/\/www.europesays.com\/es\/wp-json\/wp\/v2\/media\/306151"}],"wp:attachment":[{"href":"https:\/\/www.europesays.com\/es\/wp-json\/wp\/v2\/media?parent=306150"}],"wp:term":[{"taxonomy":"category","embeddable":true,"href":"https:\/\/www.europesays.com\/es\/wp-json\/wp\/v2\/categories?post=306150"},{"taxonomy":"post_tag","embeddable":true,"href":"https:\/\/www.europesays.com\/es\/wp-json\/wp\/v2\/tags?post=306150"}],"curies":[{"name":"wp","href":"https:\/\/api.w.org\/{rel}","templated":true}]}}