{"id":306216,"date":"2025-12-25T09:42:11","date_gmt":"2025-12-25T09:42:11","guid":{"rendered":"https:\/\/www.europesays.com\/es\/306216\/"},"modified":"2025-12-25T09:42:11","modified_gmt":"2025-12-25T09:42:11","slug":"el-cadiz-cf-consolida-su-compromiso-con-el-feminismo-y-los-derechos-lgtbi-futbol-deportes","status":"publish","type":"post","link":"https:\/\/www.europesays.com\/es\/306216\/","title":{"rendered":"El C\u00e1diz CF consolida su compromiso con el feminismo y los derechos LGTBI+ | F\u00fatbol | Deportes"},"content":{"rendered":"<p class=\"\">El C\u00e1diz Club de F\u00fatbol organiz\u00f3 el pasado domingo un acto de compromiso con el feminismo y los derechos LGTBI+ en su estadio. Justo antes del \u00faltimo partido de 2025 en el Nuevo Mirandilla, que enfrent\u00f3 al equipo gaditano con el Castell\u00f3n (victoria de los andaluces por 2-0 en la jornada 19\u00aa de Segunda en un duelo entre aspirantes directos para ascender a Primera), celebraron el \u00e9xito de Estadio de Tolerancia. Esta iniciativa arranc\u00f3 en agosto y en los encuentros que el C\u00e1diz CF ha jugado como local a lo largo de la temporada, se han instalado varios Puntos Violeta y Arco\u00edris, <a href=\"https:\/\/elpais.com\/deportes\/2023-06-25\/del-marimacho-al-engenmapismo-la-evolucion-de-las-futbolistas-hoy-referentes-para-el-colectivo-lgtb.html\" target=\"_self\" rel=\"nofollow noopener\" title=\"https:\/\/elpais.com\/deportes\/2023-06-25\/del-marimacho-al-engenmapismo-la-evolucion-de-las-futbolistas-hoy-referentes-para-el-colectivo-lgtb.html\">en los que las entidades de defensa de derechos pod\u00edan interactuar con la afici\u00f3n<\/a>, distribuir material divulgativo y visibilizar su labor contra el machismo, la violencia de g\u00e9nero, el racismo, o la lgtbifobia. <\/p>\n<p class=\"\">El domingo, el club anunci\u00f3 el establecimiento permanente en su estadio de esos puntos \u2014en el fondo sur del campo\u2014, donde tambi\u00e9n se podr\u00e1n denunciar a partir de ahora actos machistas y lgtbif\u00f3bicos observados en el recinto deportivo. Los impulsores de Estadio de Tolerancia son la Fundaci\u00f3n C\u00e1diz CF junto a la Agrupaci\u00f3n Deportiva Ib\u00e9rica (ADI), que re\u00fane a las entidades deportivas LGTBI+ de Espa\u00f1a y Portugal, y de la que forma parte la fundaci\u00f3n cadista. \u201c<a href=\"https:\/\/elpais.com\/deportes\/2023-06-25\/del-marimacho-al-engenmapismo-la-evolucion-de-las-futbolistas-hoy-referentes-para-el-colectivo-lgtb.html\" target=\"_self\" rel=\"nofollow noopener\" title=\"https:\/\/elpais.com\/deportes\/2023-06-25\/del-marimacho-al-engenmapismo-la-evolucion-de-las-futbolistas-hoy-referentes-para-el-colectivo-lgtb.html\">El C\u00e1diz CF ha convertido su estadio en el primer espacio del f\u00fatbol profesional espa\u00f1ol <\/a>en contar con dichas herramientas para prevenir violencia y discriminaci\u00f3n por raz\u00f3n o identidad de g\u00e9nero y por orientaci\u00f3n sexual\u201d, celebraron los promotores de la medida.<\/p>\n<p>M\u00e1s informaci\u00f3n<\/p>\n<p class=\"\">Mientras en el f\u00fatbol femenino hay algunos poderosos referentes l\u00e9sbicos, como Alexia Putellas o Jennifer Hermoso, en el sector masculino destaca la escasa visibilidad LGTBI+. En 2023, <a href=\"https:\/\/as.com\/masdeporte\/fotorrelato\/los-referentes-lgtbi-en-el-deporte-f\/\" target=\"_blank\" rel=\"noreferrer nofollow noopener\" title=\"https:\/\/as.com\/masdeporte\/fotorrelato\/los-referentes-lgtbi-en-el-deporte-f\/\">Jakub Jankto se convirti\u00f3 en el primer jugador visible en activo de la Liga espa\u00f1ola<\/a>, entonces en propiedad del Getafe y cedido despu\u00e9s al Sparta de Praga. Lo hizo con un mensaje en sus redes sociales: \u201cSoy homosexual y no quiero esconderme m\u00e1s\u201d. Hay otros casos en el f\u00fatbol espa\u00f1ol, como el de Alberto Lej\u00e1rraga Rubio (portero del UD San Sebasti\u00e1n de los Reyes, en 1\u00aa RFEF) que ha hablado abiertamente de su homosexualidad. Su visibilidad fue muy celebrada, pero tambi\u00e9n atacada, sobre todo en sus perfiles de redes. \u201cDedicarme al f\u00fatbol me ha echado muy para atr\u00e1s para poder hablar de mi orientaci\u00f3n sexual\u201d, afirm\u00f3.<\/p>\n<p class=\"\">En abril de 2016, el entonces \u00e1rbitro Jes\u00fas Tomillero tambi\u00e9n habl\u00f3 p\u00fablicamente de su homosexualidad. <a href=\"https:\/\/elpais.com\/deportes\/2023-06-25\/del-marimacho-al-engenmapismo-la-evolucion-de-las-futbolistas-hoy-referentes-para-el-colectivo-lgtb.html\" target=\"_self\" rel=\"nofollow noopener\" title=\"https:\/\/elpais.com\/deportes\/2023-06-25\/del-marimacho-al-engenmapismo-la-evolucion-de-las-futbolistas-hoy-referentes-para-el-colectivo-lgtb.html\">Ten\u00eda 21 a\u00f1os y recibi\u00f3 tanto odio que un mes despu\u00e9s del anuncio, decidi\u00f3 dejar de arbitrar y montar Roja Directa<\/a>, que combate la lgtbifobia en el f\u00fatbol. Justamente esta organizaci\u00f3n distingui\u00f3 al C\u00e1diz CF por su liderazgo en la promoci\u00f3n de un deporte seguro, inclusivo y respetuoso.<\/p>\n<p class=\"\">\u201cLos objetivos principales de Estadio de Tolerancia son sensibilizar a la afici\u00f3n cadista y a la sociedad en general sobre problem\u00e1ticas sociales vinculadas a los delitos de odio\u201d, detallaron desde la Fundaci\u00f3n C\u00e1diz CF y ADI. Adem\u00e1s de fomentar la participaci\u00f3n de los asistentes al estadio Nuevo Mirandilla en causas sociales, la iniciativa \u201cbusca ofrecer visibilidad a entidades que trabajan por la inclusi\u00f3n y la defensa de los derechos humanos, utilizar el poder del f\u00fatbol como herramienta de transformaci\u00f3n social\u201d. <\/p>\n<p class=\"\">\u201cEl f\u00fatbol tiene que ponerse al d\u00eda en muchos puntos y <a href=\"https:\/\/elpais.com\/eps\/2025-07-01\/stonewall-fc-donde-ser-gay-y-futbolista-es-posible.html\" target=\"_blank\" rel=\"noreferrer nofollow noopener\" title=\"https:\/\/elpais.com\/eps\/2025-07-01\/stonewall-fc-donde-ser-gay-y-futbolista-es-posible.html\">uno de ellos es la visibilidad LGTBI+<\/a>\u201d, lanza V\u00edctor Guti\u00e9rrez, deportista visible que ha jugado como waterpolista profesional. El tambi\u00e9n diputado socialista y secretario de pol\u00edticas LGTBI+ del PSOE considera que los gestos en favor de la diversidad son \u201cmuy importantes\u201d. As\u00ed valora la propuesta de la FIFA de convertir uno de los encuentros de la Copa del Mundo 2026, que se celebra el pr\u00f3ximo verano en EE UU, M\u00e9xico y Canad\u00e1, en el partido del Orgullo. <\/p>\n<p class=\"\">El encuentro, que se celebrar\u00e1 en Seattle, ser\u00e1 \u2015porque as\u00ed lo quiso el destino tras el sorteo de la fase de grupos del campeonato\u2015 el que enfrente a Egipto contra Ir\u00e1n. Ambos pa\u00edses persiguen la homosexualidad y han mostrado su oposici\u00f3n al evento que busca celebrar y defender los derechos LGTBI+. A pesar de las quejas, por el momento la FIFA mantiene sus planes. \u201cCuando estamos hablando de derechos LGTBI+ estamos hablando de derechos humanos\u201d, recuerda Guti\u00e9rrez. <\/p>\n<p class=\"\">Esta misma semana la Fundaci\u00f3n C\u00e1diz CF ha sido distinguida con el reconocimiento de Espacio libre de lgtbifobia, otorgado por la Junta de Andaluc\u00eda, \u201cpor su posicionamiento como agente social comprometido con los derechos humanos, la convivencia y la construcci\u00f3n de comunidades seguras e inclusivas\u201d. Este distintivo, concedido por la Consejer\u00eda de Inclusi\u00f3n Social, Juventud, Familias e Igualdad, visibiliza aquellos entornos de Andaluc\u00eda que funcionan como espacios de seguridad, plena igualdad, respeto y libertad para las personas LGTBI+. <\/p>\n","protected":false},"excerpt":{"rendered":"El C\u00e1diz Club de F\u00fatbol organiz\u00f3 el pasado domingo un acto de compromiso con el feminismo y los&hellip;\n","protected":false},"author":2,"featured_media":306217,"comment_status":"","ping_status":"","sticky":false,"template":"","format":"standard","meta":{"footnotes":""},"categories":[268],"tags":[22336,1540,20599,168,927,1539,25,24,280,282,1538,281,23,167],"class_list":{"0":"post-306216","1":"post","2":"type-post","3":"status-publish","4":"format-standard","5":"has-post-thumbnail","7":"category-futbol","8":"tag-cadiz-cf","9":"tag-competiciones","10":"tag-comunidad-lgtbiq","11":"tag-deportes","12":"tag-deportistas","13":"tag-entrenadores","14":"tag-es","15":"tag-espana","16":"tag-football","17":"tag-futbol","18":"tag-futbolistas","19":"tag-soccer","20":"tag-spain","21":"tag-sports"},"share_on_mastodon":{"url":"https:\/\/pubeurope.com\/@es\/115779557609078675","error":""},"_links":{"self":[{"href":"https:\/\/www.europesays.com\/es\/wp-json\/wp\/v2\/posts\/306216","targetHints":{"allow":["GET"]}}],"collection":[{"href":"https:\/\/www.europesays.com\/es\/wp-json\/wp\/v2\/posts"}],"about":[{"href":"https:\/\/www.europesays.com\/es\/wp-json\/wp\/v2\/types\/post"}],"author":[{"embeddable":true,"href":"https:\/\/www.europesays.com\/es\/wp-json\/wp\/v2\/users\/2"}],"replies":[{"embeddable":true,"href":"https:\/\/www.europesays.com\/es\/wp-json\/wp\/v2\/comments?post=306216"}],"version-history":[{"count":0,"href":"https:\/\/www.europesays.com\/es\/wp-json\/wp\/v2\/posts\/306216\/revisions"}],"wp:featuredmedia":[{"embeddable":true,"href":"https:\/\/www.europesays.com\/es\/wp-json\/wp\/v2\/media\/306217"}],"wp:attachment":[{"href":"https:\/\/www.europesays.com\/es\/wp-json\/wp\/v2\/media?parent=306216"}],"wp:term":[{"taxonomy":"category","embeddable":true,"href":"https:\/\/www.europesays.com\/es\/wp-json\/wp\/v2\/categories?post=306216"},{"taxonomy":"post_tag","embeddable":true,"href":"https:\/\/www.europesays.com\/es\/wp-json\/wp\/v2\/tags?post=306216"}],"curies":[{"name":"wp","href":"https:\/\/api.w.org\/{rel}","templated":true}]}}