{"id":306254,"date":"2025-12-25T10:10:10","date_gmt":"2025-12-25T10:10:10","guid":{"rendered":"https:\/\/www.europesays.com\/es\/306254\/"},"modified":"2025-12-25T10:10:10","modified_gmt":"2025-12-25T10:10:10","slug":"tve-se-reivindica-con-puya-en-su-gran-noche-televisiva-television","status":"publish","type":"post","link":"https:\/\/www.europesays.com\/es\/306254\/","title":{"rendered":"TVE se reivindica (con puya) en su gran noche televisiva | Televisi\u00f3n"},"content":{"rendered":"<p class=\"\">Solo hay un argumento para ver la televisi\u00f3n en Nochebuena: que te paguen por hablar de ella, como es mi caso. \u00bfCu\u00e1l es el suyo? Sorpr\u00e9ndanme. El m\u00e1s obvio es escapar de conversaciones inc\u00f3modas durante una cena a la que demasiada gente asiste \u00fanicamente por compromiso. Y para evadirse sirve hasta ese <a href=\"https:\/\/elpais.com\/noticias\/felipe-vi\/\" target=\"_self\" rel=\"nofollow noopener\" title=\"https:\/\/elpais.com\/noticias\/felipe-vi\/\">discurso institucional del rey<\/a> que seguimos todos, aunque sea de refil\u00f3n. A m\u00ed me pill\u00f3 en un bar, porque mi misi\u00f3n es reflotar la econom\u00eda espa\u00f1ola desde el sector servicios y no cejo en el empe\u00f1o ni en festivo.<\/p>\n<p>M\u00e1s informaci\u00f3n<\/p>\n<p class=\"\">Como estoy arrimando el hombro y el codo a la barra, no puedo detectar originalidad en sus palabras, pero desde luego s\u00ed en las formas. Esta vez se graba en el Sal\u00f3n de Columnas del Palacio Real, sencillez ante todo, y con el rey de pie como si fuese Carlos Franganillo y m\u00e1s moreno que Manu G\u00fcix, pero eso igual es cosa del contraste del aparato o del contouring. La realizaci\u00f3n es m\u00e1s moderna, aunque a\u00f1oro los movimientos alambicados del em\u00e9rito con sus pausas eternas antes de cada cambio de plano. Lo de este a\u00f1o resulta tan innovador que por momentos temo que nos acaben calzando alg\u00fan recurso en realidad aumentada, esa tecnolog\u00eda de la que sacan pecho los informativos mientras nos cuentan una realidad disminuida. <\/p>\n<p class=\"\">Escribir sobre la televisi\u00f3n en Nochebuena es m\u00e1s sencillo de lo que parece porque tan solo hay que estar atenta a TVE. Telecinco ha tirado la toalla de la audiencia, aunque a estas alturas ya era una toallita peque\u00f1a, casi un pa\u00f1o de cocina, y se ha limitado a ofrecernos los mejores momentos de <a href=\"https:\/\/www.telecinco.es\/bailando-con-las-estrellas\/\" target=\"_self\" rel=\"nofollow noopener\" title=\"https:\/\/www.telecinco.es\/bailando-con-las-estrellas\/\">Bailando con las estrellas<\/a>, que b\u00e1sicamente son los mejores momentos de Telecinco porque pocos programas le han proporcionado m\u00e1s seguimiento. Como una nunca deja de sorprenderse, me he encontrado echando de menos a Christian G\u00e1lvez y Ver\u00f3nica Dulanto, esas dos personas a las que solo ve\u00eda en Nochebuena y de las que siempre me preguntaba qu\u00e9 hac\u00edan el resto del a\u00f1o. <\/p>\n<p class=\"\">A pesar de que la mayor\u00eda de la noche telenciquera ha sido enlatada, s\u00ed se ha colado la Navidad en <a href=\"https:\/\/elpais.com\/television\/2024-07-29\/el-diario-de-jorge-le-garantiza-la-mejor-siesta-de-la-sobremesa.html\" target=\"_self\" rel=\"nofollow noopener\" title=\"https:\/\/elpais.com\/television\/2024-07-29\/el-diario-de-jorge-le-garantiza-la-mejor-siesta-de-la-sobremesa.html\">El diario de Jorg<\/a>e, la jaula dorada que ha perge\u00f1ado Mediaset para amarrar a Jorge Javier V\u00e1zquez, no vaya a ser que lo pete en otro canal, pero manteni\u00e9ndolo pol\u00edticamente desactivado. Lo he visto m\u00e1s de refil\u00f3n que el discurso del rey porque su plato fuerte consist\u00eda en usar la IA para conectar a personas con sus seres queridos fallecidos, algo que en su <a href=\"https:\/\/elpais.com\/tecnologia\/2024-02-01\/hablar-con-quienes-ya-no-estan-el-riesgo-de-resucitar-a-los-muertos-con-inteligencia-artificial.html\" target=\"_self\" rel=\"nofollow noopener\" title=\"https:\/\/elpais.com\/tecnologia\/2024-02-01\/hablar-con-quienes-ya-no-estan-el-riesgo-de-resucitar-a-los-muertos-con-inteligencia-artificial.html\">momento ya hizo El hormiguero<\/a> y a m\u00ed no me puede dar m\u00e1s mal rollo. Ser\u00e9 una exc\u00e9ntrica, pero pienso que mejor respetar las ausencias y no convertirlas en presencias estramb\u00f3ticas. O tal vez es que no necesito tirar de tecnolog\u00eda punta para escuchar a mi madre decirme: \u201cPonte derecha\u201d o \u201cQu\u00e9 mala piel tienes, has salido a la familia de tu padre\u201d. Estas han sido las primeras navidades sin ella y eso significa que Canal Sur ha perdido una espectadora porque era gallega y, que yo sepa, jam\u00e1s pis\u00f3 ninguna de sus ocho provincias, pero ella las navidades las viv\u00eda en la auton\u00f3mica andaluza con m\u00e1s devoci\u00f3n que si hubiese nacido en Puerto Real.<\/p>\n<p class=\"\">Las navidades se han colado en Cuatro v\u00eda First Dates. El programa de citas ha hecho un especial Nochebuena porque para el amor no hay horario ni fecha en el calendario. E incluso en una noche tan p\u00eda como esta siempre hay sitio para una mujer falsamente empoderada que tuerce el morro si no la invitan a la cena, se hable de prototipos m\u00e1s que en una reuni\u00f3n de CEOS de Fiat y alguien pida espaguetis para cenar. No he visto m\u00e1s que el villancico final dirigido por Sobera, pero seguro que alguna de esas tres situaciones cl\u00e1sicas del bingo de First Dates se ha colado en el programa de ayer.<\/p>\n<p class=\"\">Si Telecinco no compite porque se sabe perdedora, Antena 3 no lo hace porque es consciente de que su inercia ganadora le va a permitir ser la cadena m\u00e1s vista del a\u00f1o sin tener que desfondarse, y por eso se limit\u00f3 a enlatar refritos de lo que le funciona como Tu cara me suena. De hecho, empiezo a sospechar que Antena 3 solo emite Tu cara me suena para luego reemitirla en trocitos el resto del a\u00f1o, aunque saben perfectamente que lo que todos queremos ver es a Yolanda Ramos haciendo de David, el gnomo, a Llum Barrera en la piel de Luis Aguil\u00e9 y a Arturo Valls como Shakira o Britney Spears. Tu cara me suena lo ganan los cantantes, pero le dan vida los humoristas.<\/p>\n<p class=\"\">En esa noche que es Nochebuena y ma\u00f1ana Dios y el share dir\u00e1n, solo echa el resto TVE y lo hace poniendo toda la carne en el asador. Esta vez se han encargado de conducir la gala de Telepasi\u00f3n el siempre entusiasta Aitor Albizua y una Lalachus que ha nacido para estos saraos. Han empezado con Mi gran noche, el hit de Adamo que en Espa\u00f1a populariz\u00f3 Raphael, y tras ellos aparecieron m\u00e1s de 130 profesionales de TVE haciendo gorgoritos. Qu\u00e9 quieren que les diga, soy fan. A m\u00ed ver a la gente de Valle Salvaje a ritmo de Karol G me lleva al Baz Luhrmann de Romeo + Julieta o Moulin Rouge y eso me pone contenta. En el a\u00f1o de su resurrecci\u00f3n, TVE sigue siendo la \u00fanica cadena que se toma en serio una noche en la que tantos necesitamos evasi\u00f3n y lo ha hecho a lo grande. Aunque ha habido ausencias, no estaban todos; faltaba Silvia Intxaurrondo y tambi\u00e9n Pepa Bueno. L\u00e1stima. Otro a\u00f1o ser\u00e1, si es que no hay motosierras por medio. Por si acaso ya han lanzado una puyita en forma de \u201cqui\u00e9n quiera pararme no podr\u00e1\u201d. Gui\u00f1o, gui\u00f1o, codazo.<\/p>\n<p class=\"\">En una TVE que quiere abrir de nuevo sus puertas a la m\u00fasica en directo, igual porque se han dado cuenta de que sin nuevas actuaciones a ver c\u00f3mo van a hacer Cachitos en la Nochevieja de 2050, no han faltado sus dos especiales musicales. Este a\u00f1o les ha tocado a Dani Fern\u00e1ndez y Abraham Mateo porque la p\u00fablica no disimula que quiere rejuvenecer su target. Tampoco ha faltado el programador Grinch de La Sexta que, como suele ser habitual, ha hecho o\u00eddos sordos a la fecha y ha emitido La \u00faltima fortaleza, un drama carcelario de Robert Redford y James Gandolfini. \u00bfQu\u00e9 le pasa a esta persona?<\/p>\n<p class=\"\">El plato fuerte fuera de la carta de las generalistas lo aport\u00f3 Apple TV, que ya tiene disponible el \u00faltimo cap\u00edtulo de su serie <a href=\"https:\/\/elpais.com\/television\/series\/2025-11-18\/pluribus-todos-para-una.html\" target=\"_self\" rel=\"nofollow noopener\" title=\"https:\/\/elpais.com\/television\/series\/2025-11-18\/pluribus-todos-para-una.html\">estrella Pluribus<\/a>. Ya saben, la historia de una mujer que intenta mantener su individualidad en medio de un mar de zombies bienquedas; si no es la mejor met\u00e1fora de la Nochebuena, no s\u00e9 cu\u00e1l puede ser.<\/p>\n","protected":false},"excerpt":{"rendered":"Solo hay un argumento para ver la televisi\u00f3n en Nochebuena: que te paguen por hablar de ella, como&hellip;\n","protected":false},"author":2,"featured_media":306255,"comment_status":"","ping_status":"","sticky":false,"template":"","format":"standard","meta":{"footnotes":""},"categories":[171],"tags":[36730,13038,4040,146,147,25,24,6063,6870,5079,27837,185,2951,70764,518,23,692,807,214,3156],"class_list":{"0":"post-306254","1":"post","2":"type-post","3":"status-publish","4":"format-standard","5":"has-post-thumbnail","7":"category-tv","8":"tag-abraham-mateo","9":"tag-aitor-albizua","10":"tag-antena-3","11":"tag-entertainment","12":"tag-entretenimiento","13":"tag-es","14":"tag-espana","15":"tag-jorge-javier-vazquez","16":"tag-la-1","17":"tag-la-sexta","18":"tag-lalachus","19":"tag-musica","20":"tag-navidad","21":"tag-nochebuena","22":"tag-rtve","23":"tag-spain","24":"tag-telecinco","25":"tag-television","26":"tag-tv","27":"tag-tve"},"share_on_mastodon":{"url":"https:\/\/pubeurope.com\/@es\/115779667638654031","error":""},"_links":{"self":[{"href":"https:\/\/www.europesays.com\/es\/wp-json\/wp\/v2\/posts\/306254","targetHints":{"allow":["GET"]}}],"collection":[{"href":"https:\/\/www.europesays.com\/es\/wp-json\/wp\/v2\/posts"}],"about":[{"href":"https:\/\/www.europesays.com\/es\/wp-json\/wp\/v2\/types\/post"}],"author":[{"embeddable":true,"href":"https:\/\/www.europesays.com\/es\/wp-json\/wp\/v2\/users\/2"}],"replies":[{"embeddable":true,"href":"https:\/\/www.europesays.com\/es\/wp-json\/wp\/v2\/comments?post=306254"}],"version-history":[{"count":0,"href":"https:\/\/www.europesays.com\/es\/wp-json\/wp\/v2\/posts\/306254\/revisions"}],"wp:featuredmedia":[{"embeddable":true,"href":"https:\/\/www.europesays.com\/es\/wp-json\/wp\/v2\/media\/306255"}],"wp:attachment":[{"href":"https:\/\/www.europesays.com\/es\/wp-json\/wp\/v2\/media?parent=306254"}],"wp:term":[{"taxonomy":"category","embeddable":true,"href":"https:\/\/www.europesays.com\/es\/wp-json\/wp\/v2\/categories?post=306254"},{"taxonomy":"post_tag","embeddable":true,"href":"https:\/\/www.europesays.com\/es\/wp-json\/wp\/v2\/tags?post=306254"}],"curies":[{"name":"wp","href":"https:\/\/api.w.org\/{rel}","templated":true}]}}