{"id":306260,"date":"2025-12-25T10:13:10","date_gmt":"2025-12-25T10:13:10","guid":{"rendered":"https:\/\/www.europesays.com\/es\/306260\/"},"modified":"2025-12-25T10:13:10","modified_gmt":"2025-12-25T10:13:10","slug":"el-antiguo-soldado-de-tebas-que-huyo-de-laliga-para-modernizar-el-futbol-en-africa-esto-es-un-diamante-por-pulir-futbol-deportes","status":"publish","type":"post","link":"https:\/\/www.europesays.com\/es\/306260\/","title":{"rendered":"El antiguo \u2018soldado\u2019 de Tebas que huy\u00f3 de LaLiga para modernizar el f\u00fatbol en \u00c1frica: \u201cEsto es un diamante por pulir\u201d | F\u00fatbol | Deportes"},"content":{"rendered":"<p class=\"\">A\u00fan no se ha cumplido un a\u00f1o <a href=\"https:\/\/elpais.com\/deportes\/es-laliga\/2023-06-29\/el-lider-de-la-diplomacia-del-futbol-espanol-de-elite-en-41-paises.html\" target=\"_self\" rel=\"nofollow noopener\" title=\"https:\/\/elpais.com\/deportes\/es-laliga\/2023-06-29\/el-lider-de-la-diplomacia-del-futbol-espanol-de-elite-en-41-paises.html\">desde que Octavi Anoro (Barcelona, 42 a\u00f1os) abandon\u00f3 las oficinas centrales de LaLiga sin mirar atr\u00e1s<\/a>. Tras algo m\u00e1s de ocho temporadas en la que hab\u00eda sido su casa, esa en la que hab\u00eda prosperado desde el puesto de delegado en Jap\u00f3n hasta el de director de negocio internacional de la competici\u00f3n, el catal\u00e1n sent\u00eda que el ciclo se hab\u00eda terminado. \u201cFue una escuela brutal, pero no me arrepiento de haberme ido ni lo echo de menos\u201d, cuenta a EL PA\u00cdS desde la ciudad m\u00e1s poblada de Tanzania, Dar-es-Salaam, a casi 7.000 kil\u00f3metros de Madrid, donde el tr\u00e1fico y el caos dejan su apartamento a m\u00e1s de una hora y media de la ciudad deportiva del Azam FC, club en el que se acaba de estrenar como director ejecutivo.<\/p>\n<p class=\"\">\u201cNunca pens\u00e9 que acabar\u00eda aqu\u00ed, en \u00c1frica, pero me llamaron a principios de a\u00f1o y me plantearon un proyecto a cinco meses vista\u201d, <a href=\"https:\/\/elpais.com\/deportes\/es-laliga\/2023-06-29\/el-lider-de-la-diplomacia-del-futbol-espanol-de-elite-en-41-paises.html\" target=\"_self\" rel=\"nofollow noopener\" title=\"https:\/\/elpais.com\/deportes\/es-laliga\/2023-06-29\/el-lider-de-la-diplomacia-del-futbol-espanol-de-elite-en-41-paises.html\">explica Anoro, que firm\u00f3 en primavera como consultor externo de la entidad<\/a>. \u201cBuscaban a una persona con experiencia y bagaje en el f\u00fatbol europeo que, digamos, les ayudara a ordenar la casa. Al final, ellos son un club con un potencial incre\u00edble, pero arrastran much\u00edsimos problemas estructurales, empezando por la propia directiva. A m\u00ed me apetec\u00eda un reto en el que pudiera aplicar todo lo que he aprendido estos a\u00f1os desde dentro, no solo desde una oficina en Madrid. Quer\u00eda mancharme las manos. Dejar de asesorar y empezar a construir\u201d.<\/p>\n<p class=\"\">La materia prima le encandil\u00f3 desde el primer d\u00eda, pero cuando asumi\u00f3 el puesto de mando, las dificultades no tardaron en aflorar. \u201cSon un diamante por pulir, un cochazo al que solo le falta el conductor adecuado\u201d, advierte. \u201cLas posibilidades son enormes, pero cuando llegu\u00e9 me encontr\u00e9 un club que trabajaba sin hoja de ruta, viviendo al d\u00eda y reaccionando siempre a los problemas en lugar de anticiparlos. Aqu\u00ed, tanto en el pa\u00eds como en el club, el corto plazo lo domina todo. Y todo es todo. \u00bfEn qu\u00e9 se traduce eso? En que no existe una visi\u00f3n unificada, un plan que conecte la academia del club, el primer equipo y el negocio. Y, claro, eso hace que se pierda much\u00edsimo dinero cada a\u00f1o\u201d.<\/p>\n<p><img decoding=\"auto\" class=\"_re lazyload a_m-h\" height=\"311\"  width=\"414\"  src=\"https:\/\/www.europesays.com\/es\/wp-content\/uploads\/2025\/12\/7JTX6WIGVZFW5L6X6L7RQ5XBOU.jpeg\" loading=\"lazy\"\/>Octavi Anoro, en una imagen cedida por \u00e9l mismo.<\/p>\n<p class=\"\">Para frenar la hemorragia, Anoro ten\u00eda clara su estrategia. \u201cDe entrada centr\u00e9 todos mis esfuerzos en intentar profesionalizar el club, implantando unos est\u00e1ndares europeos y haci\u00e9ndolo econ\u00f3micamente sostenible\u201d, explica. Lo que no esperaba es que quienes deber\u00edan ayudarlo fueran los primeros en tratar de ponerle palos en las ruedas. \u201cHay ciertas din\u00e1micas que resultan dif\u00edciles de entender\u201d, suspira, sabedor del recelo que todav\u00eda hoy genera su llegada en la vieja guardia del club. \u201cAqu\u00ed tienen unos chiringuitos internos que lo convierten todo en un desmadre. Y claro, desmontar eso desde dentro no es f\u00e1cil\u201d.<\/p>\n<p class=\"\">Menos a\u00fan en un pa\u00eds que desde que alcanzara su independencia en 1961 no ha conocido al frente del gobierno una fuerza pol\u00edtica distinta a la actual, <a href=\"https:\/\/elpais.com\/internacional\/2025-11-01\/el-escrutinio-oficial-en-tanzania-da-la-victoria-a-la-presidenta-con-un-98-de-los-votos-en-medio-de-protestas-por-todo-el-pais.html\" target=\"_self\" rel=\"nofollow noopener\" title=\"https:\/\/elpais.com\/internacional\/2025-11-01\/el-escrutinio-oficial-en-tanzania-da-la-victoria-a-la-presidenta-con-un-98-de-los-votos-en-medio-de-protestas-por-todo-el-pais.html\">el Partido de la Revoluci\u00f3n liderado por la presidenta Samia Suluhu Hassan, reelegida en las \u00faltimas elecciones generales con el 98% de los votos<\/a>. El car\u00e1cter autoritario de su mandato, cuenta Anoro, se evidencia en ejemplos de lo m\u00e1s cotidianos. \u201cEl acceso a las redes sociales est\u00e1 vetado en todo el pa\u00eds\u201d, apunta el catal\u00e1n, v\u00edctima, como el resto de la poblaci\u00f3n, de los apagones de Internet que promueve el propio gobierno para, dicen, preservar la seguridad nacional y evitar la desinformaci\u00f3n.<\/p>\n<p class=\"\">Un engranaje sociopol\u00edtico que, como cabe imaginar, tambi\u00e9n se ve reflejado en el f\u00fatbol. \u201cDe las primeras cosas que entend\u00ed de \u00c1frica es que arrastran un mal end\u00e9mico con la corrupci\u00f3n y el dinero\u201d, apunta el barcelon\u00e9s. \u201cAqu\u00ed, por ejemplo, no es raro ver \u00e1rbitros sobornados en cada partido. Es m\u00e1s, la CAF [Confederaci\u00f3n Africana de F\u00fatbol] asigna unos u otros en funci\u00f3n de lo que reciben por detr\u00e1s. Y claro, hay clubes que tienen esto integrado como un punto m\u00e1s de su estrategia. Es desesperante, pero me promet\u00ed a m\u00ed mismo que jam\u00e1s lo usar\u00eda como una excusa\u201d.<\/p>\n<p class=\"\">\u201cPese a todo, volver\u00eda a firmar una y mil veces por el Azam FC\u201d, asegura, convencido de la singularidad futbol\u00edstica del proyecto. \u201cAqu\u00ed tenemos una de las canteras m\u00e1s potentes del pa\u00eds e incluso de todo el continente. Para que la gente se haga una idea, podr\u00edamos compararlo a lo que ser\u00eda el Villarreal en Espa\u00f1a. Partiendo de esa base, mi objetivo es que la academia deje de perder talento gratis y empiece a generar un valor real. Quiero facilitar v\u00edas para que los chicos puedan llegar al primer equipo y, si destacan, salir traspasados a Europa\u201d.<\/p>\n<p class=\"\">Este mismo diciembre, sin ir m\u00e1s lejos, Anoro ha conseguido sellar su primera venta de un canterano a la liga sueca, un traspaso que no ser\u00e1 oficial hasta el pr\u00f3ximo mes de febrero. \u201cAqu\u00ed tenemos jugadores, chavales a\u00fan, que tienen talento para codearse con juveniles de Divisi\u00f3n de Honor en Espa\u00f1a\u201d, expone. \u201cEl objetivo es solidificar esas bases del club para, dentro de unos a\u00f1os, poder rentabilizar el talento y competir de t\u00fa a t\u00fa con el Simba y el Yanga, los dos clubes m\u00e1s importantes de Tanzania\u201d, concluye.<\/p>\n<p class=\"\">Lejos quedan sus d\u00edas a la sombra de Javier Tebas, presidente de LaLiga desde 2013. \u201cSomos muy distintos, tanto a nivel de car\u00e1cter como en la forma de hacer las cosas, pero aprend\u00ed mucho de \u00e9l y de otra persona muy importante en la compa\u00f1\u00eda, \u00d3scar Mayo, con el que tambi\u00e9n trabaj\u00e9 codo con codo\u201d, recuerda Anoro. \u201cJavier siempre fue una persona ejecutora, un visionario que se ha ganado lo que tiene a base de much\u00edsimo trabajo. De \u00e9l aprend\u00ed muchas cosas que, digamos, no eran propias de mi perfil dentro de LaLiga. Al fin y al cabo, yo fui uno de sus soldados y, la verdad, no me arrepiento de ello. Al contrario. Pese a nuestras discrepancias, le debo mucho\u201d.<\/p>\n","protected":false},"excerpt":{"rendered":"A\u00fan no se ha cumplido un a\u00f1o desde que Octavi Anoro (Barcelona, 42 a\u00f1os) abandon\u00f3 las oficinas centrales&hellip;\n","protected":false},"author":2,"featured_media":306261,"comment_status":"","ping_status":"","sticky":false,"template":"","format":"standard","meta":{"footnotes":""},"categories":[93],"tags":[1540,168,927,1539,25,24,282,1538,1210,23,167],"class_list":{"0":"post-306260","1":"post","2":"type-post","3":"status-publish","4":"format-standard","5":"has-post-thumbnail","7":"category-deportes","8":"tag-competiciones","9":"tag-deportes","10":"tag-deportistas","11":"tag-entrenadores","12":"tag-es","13":"tag-espana","14":"tag-futbol","15":"tag-futbolistas","16":"tag-laliga-ea-sports","17":"tag-spain","18":"tag-sports"},"share_on_mastodon":{"url":"https:\/\/pubeurope.com\/@es\/115779679676142868","error":""},"_links":{"self":[{"href":"https:\/\/www.europesays.com\/es\/wp-json\/wp\/v2\/posts\/306260","targetHints":{"allow":["GET"]}}],"collection":[{"href":"https:\/\/www.europesays.com\/es\/wp-json\/wp\/v2\/posts"}],"about":[{"href":"https:\/\/www.europesays.com\/es\/wp-json\/wp\/v2\/types\/post"}],"author":[{"embeddable":true,"href":"https:\/\/www.europesays.com\/es\/wp-json\/wp\/v2\/users\/2"}],"replies":[{"embeddable":true,"href":"https:\/\/www.europesays.com\/es\/wp-json\/wp\/v2\/comments?post=306260"}],"version-history":[{"count":0,"href":"https:\/\/www.europesays.com\/es\/wp-json\/wp\/v2\/posts\/306260\/revisions"}],"wp:featuredmedia":[{"embeddable":true,"href":"https:\/\/www.europesays.com\/es\/wp-json\/wp\/v2\/media\/306261"}],"wp:attachment":[{"href":"https:\/\/www.europesays.com\/es\/wp-json\/wp\/v2\/media?parent=306260"}],"wp:term":[{"taxonomy":"category","embeddable":true,"href":"https:\/\/www.europesays.com\/es\/wp-json\/wp\/v2\/categories?post=306260"},{"taxonomy":"post_tag","embeddable":true,"href":"https:\/\/www.europesays.com\/es\/wp-json\/wp\/v2\/tags?post=306260"}],"curies":[{"name":"wp","href":"https:\/\/api.w.org\/{rel}","templated":true}]}}