{"id":306268,"date":"2025-12-25T10:17:09","date_gmt":"2025-12-25T10:17:09","guid":{"rendered":"https:\/\/www.europesays.com\/es\/306268\/"},"modified":"2025-12-25T10:17:09","modified_gmt":"2025-12-25T10:17:09","slug":"un-malagueno-gana-mas-de-cinco-millones-de-euros-en-el-sorteo-de-la-bonoloto-de-nochebuena","status":"publish","type":"post","link":"https:\/\/www.europesays.com\/es\/306268\/","title":{"rendered":"Un malague\u00f1o gana m\u00e1s de cinco millones de euros en el sorteo de la Bonoloto de Nochebuena"},"content":{"rendered":"<p>25\/12\/2025<br \/>\n<br \/><strong><br \/>\nActualizado a las 08:16h.<br \/>\n<\/strong><\/p>\n<p class=\"voc-save-news__paragraph\">Esta funcionalidad es s\u00f3lo para suscriptores<\/p>\n<p><a href=\"https:\/\/secure.abc.es\/suscripcion#vca=suscribete&amp;vso=abcdesevilla&amp;vmc=on&amp;vli=comentarios-btn-flujo\" data-voc-vtm-id=\"comienzoSuscripcionON\" data-voc-vtm-info=\"btncomentar\" class=\"voc-btn voc-btn--w voc-btn--xs voc-save-news__btn\" rel=\"nofollow noopener\" target=\"_blank\"><br \/>\nSuscribete<br \/>\n<\/a><\/p>\n<p class=\"voc-p\" style=\"\">La Nochebuena no pudo comenzar mejor para un malague\u00f1o que, instantes antes del discurso del Rey, conoci\u00f3 que se hab\u00eda convertido en millonario. Y es que el <strong>sorteo de la Bonoloto <\/strong>correspondiente a este mi\u00e9rcoles, 24 de diciembre, dej\u00f3 un <strong>premio de primera categor\u00eda <\/strong>&#8211; &#8230; seis aciertos- dotado con <strong>5.030.323,59 euros <\/strong>al propietario de un <strong>boleto sellado en M\u00e1laga capital<\/strong>.<\/p>\n<p class=\"voc-p\" style=\"\">En concreto, el boleto ha sido <strong>validado en la Administraci\u00f3n de Loter\u00edas n\u00famero 35 de M\u00e1laga<\/strong>, situada en el n\u00famero 2 de la calle Duque de Rivas, seg\u00fan la informaci\u00f3n de Loter\u00edas y Apuestas del Estado consultada por Europa Press.<\/p>\n<p class=\"voc-p\" style=\"\">La <strong>combinaci\u00f3n ganadora del sorteo de la Bonoloto <\/strong>celebrado este mi\u00e9rcoles ha estado formada por los n\u00fameros 2, 9, 17, 20, 27 y 43. El n\u00famero complementario es el 4 y el reintegro, el 5. La recaudaci\u00f3n ha ascendido a 3.432.390,50 euros.<\/p>\n<p>\nArt\u00edculo solo para suscriptores\n<\/p>\n<p>Reportar un error<\/p>\n<p class=\"voc-save-news__paragraph\">Esta funcionalidad es s\u00f3lo para suscriptores<\/p>\n<p><a href=\"https:\/\/secure.abc.es\/suscripcion#vca=suscribete&amp;vso=abcdesevilla&amp;vmc=on&amp;vli=comentarios-btn-flujo\" data-voc-vtm-id=\"comienzoSuscripcionON\" data-voc-vtm-info=\"btncomentar\" class=\"voc-btn voc-btn--w voc-btn--xs voc-save-news__btn\" rel=\"nofollow noopener\" target=\"_blank\"><br \/>\nSuscribete<br \/>\n<\/a><\/p>\n","protected":false},"excerpt":{"rendered":"25\/12\/2025 Actualizado a las 08:16h. Esta funcionalidad es s\u00f3lo para suscriptores Suscribete La Nochebuena no pudo comenzar mejor&hellip;\n","protected":false},"author":2,"featured_media":306269,"comment_status":"","ping_status":"","sticky":false,"template":"","format":"standard","meta":{"footnotes":""},"categories":[80],"tags":[580,82,5810,95,94,25,24,1557,4355,5013,4724,70764,886,23],"class_list":{"0":"post-306268","1":"post","2":"type-post","3":"status-publish","4":"format-standard","5":"has-post-thumbnail","7":"category-economia","8":"tag-bonoloto","9":"tag-business","10":"tag-cinco","11":"tag-economia","12":"tag-economy","13":"tag-es","14":"tag-espana","15":"tag-euros","16":"tag-gana","17":"tag-malagueno","18":"tag-millones","19":"tag-nochebuena","20":"tag-sorteo","21":"tag-spain"},"share_on_mastodon":{"url":"https:\/\/pubeurope.com\/@es\/115779694982336259","error":""},"_links":{"self":[{"href":"https:\/\/www.europesays.com\/es\/wp-json\/wp\/v2\/posts\/306268","targetHints":{"allow":["GET"]}}],"collection":[{"href":"https:\/\/www.europesays.com\/es\/wp-json\/wp\/v2\/posts"}],"about":[{"href":"https:\/\/www.europesays.com\/es\/wp-json\/wp\/v2\/types\/post"}],"author":[{"embeddable":true,"href":"https:\/\/www.europesays.com\/es\/wp-json\/wp\/v2\/users\/2"}],"replies":[{"embeddable":true,"href":"https:\/\/www.europesays.com\/es\/wp-json\/wp\/v2\/comments?post=306268"}],"version-history":[{"count":0,"href":"https:\/\/www.europesays.com\/es\/wp-json\/wp\/v2\/posts\/306268\/revisions"}],"wp:featuredmedia":[{"embeddable":true,"href":"https:\/\/www.europesays.com\/es\/wp-json\/wp\/v2\/media\/306269"}],"wp:attachment":[{"href":"https:\/\/www.europesays.com\/es\/wp-json\/wp\/v2\/media?parent=306268"}],"wp:term":[{"taxonomy":"category","embeddable":true,"href":"https:\/\/www.europesays.com\/es\/wp-json\/wp\/v2\/categories?post=306268"},{"taxonomy":"post_tag","embeddable":true,"href":"https:\/\/www.europesays.com\/es\/wp-json\/wp\/v2\/tags?post=306268"}],"curies":[{"name":"wp","href":"https:\/\/api.w.org\/{rel}","templated":true}]}}