{"id":30629,"date":"2025-08-07T02:34:21","date_gmt":"2025-08-07T02:34:21","guid":{"rendered":"https:\/\/www.europesays.com\/es\/30629\/"},"modified":"2025-08-07T02:34:21","modified_gmt":"2025-08-07T02:34:21","slug":"anuncian-cifras-record-de-audiencia-y-asistencia-en-lo-que-va-de-copa-del-mundo-de-mtb-2025","status":"publish","type":"post","link":"https:\/\/www.europesays.com\/es\/30629\/","title":{"rendered":"Anuncian cifras r\u00e9cord de audiencia y asistencia en lo que va de Copa del Mundo de MTB 2025"},"content":{"rendered":"<p>Seg\u00fan Warner Bros. Discovery Sports, la WHOOP UCI Mountain Bike World Series ha superado los 56 millones de visualizaciones, con m\u00e1s de 250.000 fans asistiendo a las pruebas en directo<\/p>\n<blockquote class=\"quote-card lateral\">\n<p>56 millones de visualizaciones acumuladas en las 11 carreras disputadas<\/p>\n<\/blockquote>\n<p>La organizaci\u00f3n de la WHOOP UCI Mountain Bike World Series ha hecho p\u00fablicos los datos de seguimiento correspondientes al ecuador de la temporada 2025, y las cifras son hist\u00f3ricas: <strong>56 millones de visualizaciones acumuladas, 15 millones de horas de reproducci\u00f3n y m\u00e1s de 250.000 espectadores presenciales<\/strong> en las 11 rondas celebradas hasta ahora.<\/p>\n<p>\t Contin\u00faa tras los patrocinadores<\/p>\n<blockquote class=\"quote-card lateral\">\n<p>Seg\u00fan la organizaci\u00f3n, la nueva estructura est\u00e1 funcionando bien<\/p>\n<\/blockquote>\n<p>Warner Bros. Discovery (WBD) Sports, entidad responsable de la promoci\u00f3n y cobertura del campeonato en colaboraci\u00f3n con la Uni\u00f3n Ciclista Internacional (UCI), ha destacado estos hitos como una confirmaci\u00f3n del \u00e9xito del nuevo modelo iniciado en 2023 y profundamente <a href=\"https:\/\/esmtb.com\/nuevas-normas-para-la-copa-del-mundo-2025-cambios-radicales-para-competir-en-ellas-numeros-de-dorsal-fijos-y-mucho-mas\/\" target=\"_blank\" rel=\"noopener nofollow\">reformulado en 2025<\/a>.<\/p>\n<p>Chris Ball, vicepresidente de eventos ciclistas en WBD Sports, ha declarado: \u201cTodos los \u00e9xitos que estamos viendo esta temporada justifican el trabajo conjunto con la UCI, los equipos, las sedes y nuestros socios. Las novedades introducidas en 2025, como el formato Q1 y Q2 en descenso o la nueva estructura profesional de equipos, est\u00e1n funcionando a todos los niveles\u201d.<\/p>\n<p><a href=\"https:\/\/esmtb.com\/wp-content\/uploads\/2025\/08\/copas1.jpg\" rel=\"nofollow noopener\" target=\"_blank\"><img fetchpriority=\"high\" decoding=\"async\" class=\"size-large wp-image-154316 \" src=\"https:\/\/www.europesays.com\/es\/wp-content\/uploads\/2025\/08\/copas1-1024x576.jpg\" alt=\"\" width=\"1024\" height=\"576\"  \/><\/a><\/p>\n<p class=\"wp-caption-text\">Cifras<\/p>\n<p>Val di Sole marca un nuevo r\u00e9cord hist\u00f3rico de audiencia<\/p>\n<blockquote class=\"quote-card lateral\">\n<p>Val di Sole ha sido la prueba m\u00e1s exitosa hasta ahora<\/p>\n<\/blockquote>\n<p>Seg\u00fan los datos difundidos por WBD, el evento m\u00e1s visto hasta la fecha ha sido la ronda de <strong>Val di Sole (Italia)<\/strong>, con casi <strong>15 millones de visualizaciones acumuladas<\/strong> a trav\u00e9s de sus plataformas, superando en m\u00e1s de un 15 % el anterior r\u00e9cord registrado en Nov\u00e9 M\u011bsto na Morav\u011b (Chequia) en 2023.<\/p>\n<p>La retransmisi\u00f3n ha ganado en atractivo gracias a la incorporaci\u00f3n de <strong>nuevos elementos visuales y t\u00e9cnicos<\/strong>, como zonas de frecuencia card\u00edaca, medidores de esfuerzo, banderas nacionales, logos de equipo, im\u00e1genes de las bicicletas y estad\u00edsticas de corredores y ganadores de Copas del Mundo anteriores.<\/p>\n<p><a href=\"https:\/\/esmtb.com\/wp-content\/uploads\/2025\/08\/sad213.jpg\" rel=\"nofollow noopener\" target=\"_blank\"><img loading=\"lazy\" decoding=\"async\" class=\"size-large wp-image-154314 \" src=\"https:\/\/www.europesays.com\/es\/wp-content\/uploads\/2025\/08\/sad213-1024x683.jpg\" alt=\"\" width=\"1024\" height=\"683\"  \/><\/a><\/p>\n<p class=\"wp-caption-text\">Cifras<\/p>\n<p>M\u00e1s all\u00e1 del directo: contenido digital, redes y nuevos formatos<\/p>\n<blockquote class=\"quote-card lateral\">\n<p>Destacan la audiencia en redes sociales<\/p>\n<\/blockquote>\n<p>WBD tambi\u00e9n ha detallado el alcance de su ecosistema digital en torno a la serie:<\/p>\n<ul>\n<li><strong>225 millones de visualizaciones<\/strong> en redes sociales (TikTok, Instagram, Facebook y YouTube).<\/li>\n<li><strong>11 millones de interacciones totales<\/strong> en redes.<\/li>\n<li><strong>1,7 millones de visitas<\/strong> a la web oficial del campeonato desde el inicio de temporada.<\/li>\n<li>El sistema de <strong>cronometraje en directo<\/strong> sigue siendo el principal generador de tr\u00e1fico, especialmente durante las rondas de Enduro.<\/li>\n<\/ul>\n<p>Como parte de su estrategia de contenido, la organizaci\u00f3n ha lanzado dos nuevas producciones propias:<\/p>\n<ul>\n<li>Grit and Glory: Enduro Mountain Bike Racing, una serie documental de 8 episodios centrada en el Enduro World Cup 2025.<\/li>\n<li>Race Bikes, un programa t\u00e9cnico sobre las bicicletas m\u00e1s influyentes del MTB moderno.<\/li>\n<\/ul>\n<p><a href=\"https:\/\/esmtb.com\/wp-content\/uploads\/2025\/06\/cvae1.jpg\" rel=\"nofollow noopener\" target=\"_blank\"><img loading=\"lazy\" decoding=\"async\" class=\"size-large wp-image-152656 \" src=\"https:\/\/www.europesays.com\/es\/wp-content\/uploads\/2025\/08\/cvae1-1024x683.jpg\" alt=\"\" width=\"1024\" height=\"683\"  \/><\/a><\/p>\n<p class=\"wp-caption-text\">Val di Sole<\/p>\n<p>Asistencia masiva en todas las sedes<\/p>\n<blockquote class=\"quote-card lateral\">\n<p>Tambi\u00e9n aseguran que ha aumentado la presencia de p\u00fablico en las carreras<\/p>\n<\/blockquote>\n<p>Seg\u00fan los datos ofrecidos por la organizaci\u00f3n, m\u00e1s de <strong>250.000 aficionados han acudido en persona<\/strong> a las pruebas disputadas hasta ahora, desde el arranque en Arax\u00e1 (Brasil) hasta la \u00faltima ronda celebrada en Pal Arinsal (Andorra). La experiencia en vivo, se\u00f1alan desde WBD, sigue siendo un pilar fundamental del campeonato.<\/p>\n<p>Se trata de unas cifras complicadas de contrastar y comparar con otras ediciones pero, si ponemos como ejemplo la prueba de Pal Arinsal, parece evidente que la asistencia de p\u00fablico no ha sido tan grande como en otras ediciones del pasado.<\/p>\n<p><a href=\"https:\/\/esmtb.com\/wp-content\/uploads\/2025\/08\/coapso12.jpg\" rel=\"nofollow noopener\" target=\"_blank\"><img loading=\"lazy\" decoding=\"async\" class=\"size-large wp-image-154315 \" src=\"https:\/\/www.europesays.com\/es\/wp-content\/uploads\/2025\/08\/coapso12-1024x682.jpg\" alt=\"\" width=\"1024\" height=\"682\"  \/><\/a><\/p>\n<p class=\"wp-caption-text\">Salida<\/p>\n<p>Una apuesta consolidada por el MTB global<\/p>\n<blockquote class=\"quote-card lateral\">\n<p>Esta es la 3a temporada bajo su control<\/p>\n<\/blockquote>\n<p>Desde 2023, WBD y la UCI unificaron casi todas las disciplinas principales del MTB en un solo campeonato: la WHOOP UCI Mountain Bike World Series. Tres temporadas despu\u00e9s, los datos publicados por la organizaci\u00f3n respaldan la apuesta por un enfoque integral que va del directo a la producci\u00f3n digital.<\/p>\n<p>La temporada contin\u00faa en Francia, con la cita del <strong>UCI Enduro World Cup en Morillon (22-24 de agosto)<\/strong> y las competiciones de <strong>Cross-country y Descenso en Les Gets (28-31 de agosto)<\/strong>.<\/p>\n<p>Recordemos que ya han anunciado <a href=\"https:\/\/esmtb.com\/corea-y-una-nueva-sede-en-estados-unidos-grandes-novedades-de-la-copa-del-mundo-de-mtb-2026\/\" target=\"_blank\" rel=\"noopener nofollow\">2 nuevas sedes para 2026<\/a>, en un paso real hacia la internacionalizaci\u00f3n del campeonato.<\/p>\n","protected":false},"excerpt":{"rendered":"Seg\u00fan Warner Bros. Discovery Sports, la WHOOP UCI Mountain Bike World Series ha superado los 56 millones de&hellip;\n","protected":false},"author":2,"featured_media":30630,"comment_status":"","ping_status":"","sticky":false,"template":"","format":"standard","meta":{"footnotes":""},"categories":[273],"tags":[313,8186,312,168,25,24,23,167],"class_list":{"0":"post-30629","1":"post","2":"type-post","3":"status-publish","4":"format-standard","5":"has-post-thumbnail","7":"category-ciclismo","8":"tag-ciclismo","9":"tag-copa-del-mundo","10":"tag-cycling","11":"tag-deportes","12":"tag-es","13":"tag-espana","14":"tag-spain","15":"tag-sports"},"share_on_mastodon":{"url":"","error":""},"_links":{"self":[{"href":"https:\/\/www.europesays.com\/es\/wp-json\/wp\/v2\/posts\/30629","targetHints":{"allow":["GET"]}}],"collection":[{"href":"https:\/\/www.europesays.com\/es\/wp-json\/wp\/v2\/posts"}],"about":[{"href":"https:\/\/www.europesays.com\/es\/wp-json\/wp\/v2\/types\/post"}],"author":[{"embeddable":true,"href":"https:\/\/www.europesays.com\/es\/wp-json\/wp\/v2\/users\/2"}],"replies":[{"embeddable":true,"href":"https:\/\/www.europesays.com\/es\/wp-json\/wp\/v2\/comments?post=30629"}],"version-history":[{"count":0,"href":"https:\/\/www.europesays.com\/es\/wp-json\/wp\/v2\/posts\/30629\/revisions"}],"wp:featuredmedia":[{"embeddable":true,"href":"https:\/\/www.europesays.com\/es\/wp-json\/wp\/v2\/media\/30630"}],"wp:attachment":[{"href":"https:\/\/www.europesays.com\/es\/wp-json\/wp\/v2\/media?parent=30629"}],"wp:term":[{"taxonomy":"category","embeddable":true,"href":"https:\/\/www.europesays.com\/es\/wp-json\/wp\/v2\/categories?post=30629"},{"taxonomy":"post_tag","embeddable":true,"href":"https:\/\/www.europesays.com\/es\/wp-json\/wp\/v2\/tags?post=30629"}],"curies":[{"name":"wp","href":"https:\/\/api.w.org\/{rel}","templated":true}]}}