{"id":306310,"date":"2025-12-25T10:51:21","date_gmt":"2025-12-25T10:51:21","guid":{"rendered":"https:\/\/www.europesays.com\/es\/306310\/"},"modified":"2025-12-25T10:51:21","modified_gmt":"2025-12-25T10:51:21","slug":"ibamos-ganando-a-los-lakers-y-ron-artest-me-pego-una-hostia","status":"publish","type":"post","link":"https:\/\/www.europesays.com\/es\/306310\/","title":{"rendered":"\u00cdbamos ganando a los Lakers y Ron Artest me peg\u00f3 una hostia"},"content":{"rendered":"<p class=\"ft-text\">A finales de 2018, <a class=\"ft-link ft-link--decoration\" href=\"https:\/\/www.sport.es\/es\/noticias\/barca\/baloncesto\/victor-sada-siento-deuda-pendiente-124227878\" rel=\"nofollow noopener\" target=\"_blank\"><strong>V\u00edctor Sada<\/strong><\/a> anunci\u00f3 su retirada como jugador de baloncesto. El base badalon\u00e9s pon\u00eda punto final a una carrera cargada de alegr\u00edas y \u00e9xitos teniendo en su haber un palmar\u00e9s envidiable: <strong>cinco ACB, tres Copas del Rey, cuatro Supercopas, una FIBA Eurocup con Girona en 2007<\/strong> y tres t\u00edtulos que marcan la diferencia en la trayectoria de cualquier jugador: <strong>la Euroliga de 2010<\/strong> conquistada en Par\u00eds, el <strong>Eurobasket de 2011<\/strong> y la <strong>plata ol\u00edmpica lograda en los Juegos Ol\u00edmpicos de Londres 2012.<\/strong><\/p>\n<p class=\"ft-text\">Adem\u00e1s de esos logros, hay una cita que no hay que olvidar, y que se produjo en Barcelona a principios de 2010.<strong> Bar\u00e7a, campe\u00f3n de Europa, y Los Angeles Lakers, ganador del anillo en la NBA ese mismo a\u00f1o,<\/strong> med\u00edan fuerzas en el Palau Sant Jordi en un partido de car\u00e1cter amistoso, pero que reun\u00eda al mejor equipo del viejo continente y al mejor de Am\u00e9rica. Dos a\u00f1os antes, y con el Staples Center como escenario, el cuadro azulgrana estuvo muy cerca de dar la campanada, cayendo \u00fanicamente por <strong>cuatro tantos de diferencia (108-104).<\/strong> Y en la capital catalana, <strong>el Bar\u00e7a se veng\u00f3 con una victoria para el recuerdo por 92-88.<\/strong><\/p>\n<p><img decoding=\"async\" src=\"https:\/\/www.europesays.com\/es\/wp-content\/uploads\/2025\/12\/1b8b2fb2-4e91-4f96-8a00-0270f5f42b0f_alta-libre-aspect-ratio_default_0.jpg\" width=\"1200\" height=\"675\" alt=\"V\u00edctor Sada tratando de detener a Derek Fisher en el Bar\u00e7a - Lakers de 2010\" class=\"ft-helper-img-rd\" loading=\"lazy\"\/><\/p>\n<p class=\"ft-helper-fontColor-quaternary ft-helper-fontSize-body-S ft-helper-spacer-t-xxs\">V\u00edctor Sada tratando de detener a Derek Fisher en el Bar\u00e7a &#8211; Lakers de 2010  \/ Valent\u00ed Enrich<\/p>\n<p>Un recuerdo imborrable<\/p>\n<p class=\"ft-text\">\u00abNosotros \u00e9ramos un equipo superprofesional, superfocalizado y evidentemente era un partido en el Sant Jordi contra los Lakers y eso vende mucho. Pero era un partido amistoso, ellos ven\u00edan de vacaciones y nosotros ya est\u00e1bamos en din\u00e1mica. <strong>Luego, cuando acabamos el a\u00f1o, que es la ACB que ganamos contra el Bilbao Basket sin perder ning\u00fan partido en playoff, recuerdo que alguien dijo, \u00abese momento contra los Lakers es el mejor del a\u00f1o\u00bb.<\/strong> Yo pens\u00e9, ostras, hemos ganado una Copa en Madrid, hemos ganado los Playoffs sin perder un partido, ganar a los Lakers est\u00e1 bien, sin duda, pero era un partido amistoso de hac\u00eda como ocho meses. Pero sin duda lo disfrutamos en cuanto a un espect\u00e1culo. Al final la NBA es muy espect\u00e1culo, ese partido de Sant Jordi fue un espect\u00e1culo para los aficionados, para la gente y evidentemente <strong>lo disfrutamos porque fue como una culminaci\u00f3n tambi\u00e9n de la temporada anterior\u00bb,<\/strong> coment\u00f3 recientemente Sada en una entrevista para SPORT.<\/p>\n<p class=\"ft-text\">Para la historia qued\u00f3 aquel<strong> pique entre Kobe Bryant y Pete Mickeal<\/strong>, en un emparejamiento en el que saltaron chispas durante todo el partido. El p\u00fablico presente en el Sant Jordi estaba confundido con lo que estaba ocurriendo y no sab\u00eda con qui\u00e9n posicionarse: si con uno de sus jugadores favoritos del Bar\u00e7a o con uno de sus \u00eddolos deportivos. Sada record\u00f3 aquellos momentos de tensi\u00f3n, pero tambi\u00e9n rememor\u00f3 un episodio, con el m\u00edtico <strong>Ron Artest <\/strong>como protagonista, en el que &#8216;recibi\u00f3&#8217; las caricias de uno de los jugadores m\u00e1s duros de la historia en la NBA.<\/p>\n<p><img decoding=\"async\" src=\"https:\/\/www.europesays.com\/es\/wp-content\/uploads\/2025\/12\/0d532692-d62c-4ae2-a1a6-28aa46d41592_alta-libre-aspect-ratio_default_0.jpg\" width=\"1200\" height=\"675\" alt=\"Kobe Bryant y Pete Mickeal protagonizaron un pique legendario en el Bar\u00e7a - Lakers de 2010\" class=\"ft-helper-img-rd\" loading=\"lazy\"\/><\/p>\n<p class=\"ft-helper-fontColor-quaternary ft-helper-fontSize-body-S ft-helper-spacer-t-xxs\">Kobe Bryant y Pete Mickeal protagonizaron un pique legendario en el Bar\u00e7a &#8211; Lakers de 2010  \/ Valent\u00ed Enrich<\/p>\n<p>\u00abArtest me peg\u00f3 una hostia\u00bb<\/p>\n<p class=\"ft-text\"><strong>\u00abMe acuerdo de que a m\u00ed me peg\u00f3 una hostia Ron Artest en un &#8216;box out&#8217; (lucha por el rebote) que le hice, me peg\u00f3 una hostia porque estaban perdiendo, al final Lakers tambi\u00e9n era un equipo ganador, \u00bfno?<\/strong> Pero Pete Mickeal, ese pique con Kobe Bryant fue muy bonito. <strong>Pete es una persona supercompetitiva, superganadora y aun jugando un partido amistoso daba al m\u00e1ximo.<\/strong> Fue un partido para recordar, con momentos as\u00ed y luego tambi\u00e9n, siempre pienso lo malo, que Kobe Bryant muri\u00f3, pero tuve la suerte de abrazarlo despu\u00e9s del partido. Y un a\u00f1o antes, que jugamos en Los \u00c1ngeles,<strong> tambi\u00e9n pude abrazar a Magic Johnson, tuve la suerte de poderlo hacer como fan de los Lakers que soy.<\/strong> Son momentos para recordar\u00bb, desvel\u00f3.<\/p>\n<p class=\"ft-text\">Un V\u00edctor Sada que, gracias a su trabajo, esfuerzo, pero tambi\u00e9n a su visi\u00f3n de juego privilegiada, obtuvo la recompensa de <strong>formar parte de la selecci\u00f3n espa\u00f1ola<\/strong> en pleno apogeo de la generaci\u00f3n dorada. El director de juego fue llamado por Sergio Scariolo para disputar el <strong>Eurobasket de 2011 y los Juegos Ol\u00edmpicos de Londres 2012, <\/strong>torneos en los que Espa\u00f1a se llev\u00f3 el oro y la plata ol\u00edmpica.<\/p>\n<p>\u00c9xito con la selecci\u00f3n<\/p>\n<p class=\"ft-text\">\u00abEstoy tambi\u00e9n muy agradecido a toda la gente con quien me he cruzado y en la selecci\u00f3n tuve suerte de estar dos a\u00f1os con Sergio Scariolo de entrenador y con un grupo humano incre\u00edble. Bueno, el nivel de jugadores era espectacular. <strong>Ahora con el tiempo miras los jugadores que hab\u00eda en la selecci\u00f3n y flipas, O sea, flipas en cuanto a calidad, en cuanto a grupo, en cuanto a uni\u00f3n y fueron dos a\u00f1os muy buenos.<\/strong> Una medalla de oro en el Europeo, donde Juan Carlos (Navarro) hizo tres \u00faltimos partidos incre\u00edbles. Una medalla de plata en los Juegos Ol\u00edmpicos de Londres. Tambi\u00e9n muy divertido, una vivencia para disfrutarla, que lo explico much\u00edsimo. Espero en un futuro a mi hijo explicarle que estuve en los Juegos Ol\u00edmpicos, que al final no es nada f\u00e1cil y la verdad es que cuando miras hacia el pasado, te salen sonrisas, momentos buen\u00edsimos. En esa final del Europeo contra Francia, estaba Tony Parker y yo era el tercer base, con Jose Manuel Calder\u00f3n y Ricky Rubio. <strong>Yo era el tercer base y me acuerdo de tuve que salir porque a Calder\u00f3n le metieron un dedo en el ojo, Ricky acababa de jugar y sal\u00ed yo que jugaba menos minutos. Y tuve una final en la que tambi\u00e9n tuve \u00e9xito y ayud\u00e9 mucho al equipo.<\/strong> La verdad es que son momentos muy buenos\u00bb, cont\u00f3.<\/p>\n<p><img decoding=\"async\" src=\"https:\/\/www.europesays.com\/es\/wp-content\/uploads\/2025\/12\/e7efca34-cca2-4ea0-bee8-2d35570a3b19_alta-libre-aspect-ratio_default_0.jpg\" width=\"1200\" height=\"675\" alt=\"V\u00edctor Sada gan\u00f3 con Espa\u00f1a el Eurobasket de 2011 y la plata ol\u00edmpica de Londres 2012\" class=\"ft-helper-img-rd\" loading=\"lazy\"\/><\/p>\n<p class=\"ft-helper-fontColor-quaternary ft-helper-fontSize-body-S ft-helper-spacer-t-xxs\">V\u00edctor Sada gan\u00f3 con Espa\u00f1a el Eurobasket de 2011 y la plata ol\u00edmpica de Londres 2012  \/ EFE<\/p>\n<p>\u00c9l y Marc Gasol adelantaron a Usain Bolt, el hombre m\u00e1s r\u00e1pido del planeta<\/p>\n<p class=\"ft-text\">Adem\u00e1s, Sada explic\u00f3 en SPORT una an\u00e9cdota vivida en los Juegos, junto a su querido <strong>Marc Gasol,<\/strong> y que tuvo como protagonista al hombre m\u00e1s r\u00e1pido de la historia, <strong>Usain Bolt. <\/strong>\u00abYo coincid\u00ed en la habitaci\u00f3n con Marc Gasol, que ya nos llev\u00e1bamos muy bien y en esa \u00e9poca hab\u00edamos jugado en el Akasvayu, en Girona, y en el Bar\u00e7a, evidentemente. Las camas estaban bien, al final nosotros pod\u00edamos descansar y estaba muy bien, la Villa Ol\u00edmpica tambi\u00e9n es muy divertida. Pasaron un mont\u00f3n de vivencias tambi\u00e9n fuera de la pista. Y de esta s\u00ed que te dir\u00e9 una que fue divertida. La mayor\u00eda de jugadores que no hab\u00edamos estado en los Juegos Ol\u00edmpicos fuimos a la inauguraci\u00f3n y hab\u00eda que andar much\u00edsimo.<strong> \u00cdbamos con unos zapatos muy inc\u00f3modos, con el traje que llev\u00e1bamos, que tambi\u00e9n era inc\u00f3modo, y fuimos andando, no s\u00e9 si tres o cuatro kil\u00f3metros hasta el estadio. Y volviendo todo el mundo ten\u00eda mucha hambre, much\u00edsima hambre.<\/strong> Ten\u00edamos ganas de volver a la villa para comer, y me acuerdo de que Marc Gasol y yo \u00edbamos muy r\u00e1pido porque ten\u00edamos mucha hambre. En esa \u00e9poca hab\u00eda m\u00f3viles pero no tan buenos, y yo llev\u00e9 una c\u00e1mara para grabar. La t\u00edpica de que llevas a los Juegos Ol\u00edmpicos para grabar, vivencias y tal. <strong>Entonces, yo iba grabando y de golpe \u00edbamos muy r\u00e1pido y pasamos a Usain Bolt. Usain Bolt iba andando tambi\u00e9n hacia la Villa Ol\u00edmpica porque todo el mundo iba para all\u00ed y nosotros lo pasamos y yo tengo grabado, adelantando a Usain Bolt y diciendo \u00abbueno, tampoco es tan r\u00e1pido porque lo estamos pasando y tampoco es tan r\u00e1pido\u00bb (r\u00ede).<\/strong> Fue un momento muy divertido de la inauguraci\u00f3n\u00bb, concluy\u00f3.<\/p>\n","protected":false},"excerpt":{"rendered":"A finales de 2018, V\u00edctor Sada anunci\u00f3 su retirada como jugador de baloncesto. El base badalon\u00e9s pon\u00eda punto&hellip;\n","protected":false},"author":2,"featured_media":306311,"comment_status":"","ping_status":"","sticky":false,"template":"","format":"standard","meta":{"footnotes":""},"categories":[269],"tags":[72425,299,2296,298,27920,168,25,24,27919,12989,72427,72426,23518,72424,23,167,1780],"class_list":{"0":"post-306310","1":"post","2":"type-post","3":"status-publish","4":"format-standard","5":"has-post-thumbnail","7":"category-baloncesto","8":"tag-artest","9":"tag-baloncesto","10":"tag-barca","11":"tag-basketball","12":"tag-bryant","13":"tag-deportes","14":"tag-es","15":"tag-espana","16":"tag-kobe","17":"tag-lakers","18":"tag-mickeal","19":"tag-pete","20":"tag-ron","21":"tag-sada","22":"tag-spain","23":"tag-sports","24":"tag-victor"},"share_on_mastodon":{"url":"https:\/\/pubeurope.com\/@es\/115779830365134153","error":""},"_links":{"self":[{"href":"https:\/\/www.europesays.com\/es\/wp-json\/wp\/v2\/posts\/306310","targetHints":{"allow":["GET"]}}],"collection":[{"href":"https:\/\/www.europesays.com\/es\/wp-json\/wp\/v2\/posts"}],"about":[{"href":"https:\/\/www.europesays.com\/es\/wp-json\/wp\/v2\/types\/post"}],"author":[{"embeddable":true,"href":"https:\/\/www.europesays.com\/es\/wp-json\/wp\/v2\/users\/2"}],"replies":[{"embeddable":true,"href":"https:\/\/www.europesays.com\/es\/wp-json\/wp\/v2\/comments?post=306310"}],"version-history":[{"count":0,"href":"https:\/\/www.europesays.com\/es\/wp-json\/wp\/v2\/posts\/306310\/revisions"}],"wp:featuredmedia":[{"embeddable":true,"href":"https:\/\/www.europesays.com\/es\/wp-json\/wp\/v2\/media\/306311"}],"wp:attachment":[{"href":"https:\/\/www.europesays.com\/es\/wp-json\/wp\/v2\/media?parent=306310"}],"wp:term":[{"taxonomy":"category","embeddable":true,"href":"https:\/\/www.europesays.com\/es\/wp-json\/wp\/v2\/categories?post=306310"},{"taxonomy":"post_tag","embeddable":true,"href":"https:\/\/www.europesays.com\/es\/wp-json\/wp\/v2\/tags?post=306310"}],"curies":[{"name":"wp","href":"https:\/\/api.w.org\/{rel}","templated":true}]}}