{"id":306321,"date":"2025-12-25T11:00:10","date_gmt":"2025-12-25T11:00:10","guid":{"rendered":"https:\/\/www.europesays.com\/es\/306321\/"},"modified":"2025-12-25T11:00:10","modified_gmt":"2025-12-25T11:00:10","slug":"el-rey-mortadelo-ctxt-es","status":"publish","type":"post","link":"https:\/\/www.europesays.com\/es\/306321\/","title":{"rendered":"El rey Mortadelo | ctxt.es"},"content":{"rendered":"<p class=\"p1\">Desde el Palacio Real de Madrid, discurso de Navidad de Felipe VI en el Sal\u00f3n de Columnas. Un sitio ideal si necesitas esconderte detr\u00e1s de una y mucho m\u00e1s vistoso que un parking. La fecha de 2025 era especial. Se cumpl\u00edan 50 a\u00f1os, medio siglo que se dice pronto, desde que su santo padre inaugurase en 1975 la tradici\u00f3n de estos bolos televisados. En aquel primero, el cad\u00e1ver de Franco estaba a\u00fan caliente y nadie imaginaba que hoy, ese mismo cad\u00e1ver seguir\u00eda emanando pestilencias desde la Meseta Central convirtiendo la vida pol\u00edtica, de un litoral a otro, en una cosa infumable. Al parecer, as\u00ed lo anunci\u00f3 el rey en el arranque de su speech, tambi\u00e9n se cumpl\u00edan 40 a\u00f1os desde la entrada de Espa\u00f1a en la Uni\u00f3n Europea. No se habla de otra cosa en las pescader\u00edas. As\u00ed que \u2013tachaaa\u00e1n, que dir\u00eda Juan Tamariz\u2013 su majestad se centr\u00f3 en la \u201cEspa\u00f1a europea\u201d como concepto abstracto barra clavo ardiendo barra cubilete para esconder la bolita y no tener que hablar con detalle de la Espa\u00f1a actual, la m\u00e1s dividida en d\u00e9cadas, un marronazo. El Borb\u00f3n al mando pod\u00eda haber elegido los 42 a\u00f1os del Espa\u00f1a-Malta y hablarnos de esp\u00edritu de remontada o los 36 a\u00f1os del lanzamiento de la Game Boy para reflexionar sobre tecnolog\u00edas. Lo que fuese con tal de irse a la cama seco a pesar del tremendo chaparr\u00f3n. Lo que haga falta para igualar la plusmarca mundial en equidistancia establecida semanas atr\u00e1s por el anuncio de Campofr\u00edo. Ya saben: Ana Rosa Quintana llamando hijo de puta al presidente del Gobierno a un lado y quienes denuncian el auge del fascismo al otro. Crispados todos. A ver si nos dejamos de crispaci\u00f3n, hombre ya. Vender productos gen\u00e9ricos, como el ch\u00f3ped o la monarqu\u00eda, a veces requiere de equilibrios imposibles y de esto iba el discurso de Navidad de Felipe VI.<\/p>\n<p class=\"p1\">Al rey que en 2017 se disfraz\u00f3 de vehemente defensor de la democracia se\u00f1alando a catalanes subidos al cap\u00f3 de un coche, le tocaba ahora seguir la estrategia del ch\u00f3ped, el pavo y el york haci\u00e9ndose un Mortadelo. Es decir, disfraz\u00e1ndose de cactus para pasar desapercibido en medio de la mayor crisis democr\u00e1tica en d\u00e9cadas y evitar posicionarse. Ni a favor ni en contra de quienes estos d\u00edas acosan a inmigrantes en Badalona. Ni a favor ni en contra de quienes piden que se respeten los derechos humanos en Badalona. Quienes apuestan por encarcelar al rival pol\u00edtico usando la justicia como arma tramposa y quienes piden que el juego sea limpio son, para Felipe VI y Campofr\u00edo, extremos que deber\u00edan entenderse. Felpudo VI, como lo llaman con gran salero los espa\u00f1oles m\u00e1s fet\u00e9n, habl\u00f3 poco \u2013fue el discurso navide\u00f1o m\u00e1s corto de su reinado\u2013 y lo hizo en clave. \u201cEuropa\u201d, \u201cconvivencia\u201d y \u201cconfianza\u201d fueron los tres pilares sobre los que construy\u00f3 una huida pretendidamente equidistante y encriptada. Desencript\u00e9mosla. Europa nos ha tra\u00eddo progreso, repiti\u00f3 varias veces asimilando los tiempos del progreso a los de la monarqu\u00eda. Del borbon\u00e9s al castellano: \u00bft\u00fa qu\u00e9 prefieres, una monarqu\u00eda parlamentaria moderna como esta o una Espa\u00f1a aislada del mundo con vete t\u00fa a saber qui\u00e9n al frente del Estado? Espa\u00f1a est\u00e1 viviendo un problema de convivencia, explic\u00f3, pero no lo achac\u00f3 ni al auge del fascismo, ni a la industria del bulo y el odio, ni al quien pueda hacer que haga, sino a una crisis de confianza. Como las mejores canciones, la gracia de estas letrillas es que cada uno pueda interpretarlas como quiera. Con gran posibilidad de acierto, a la derecha lo de la crisis de confianza les sonar\u00e1 a que para recuperar la confianza hay que cargarse a Xabi Alonso \u2013Xabildu lo llaman ahora porque son los mejores en lo suyo\u2013, cargarse a Pedro S\u00e1nchez y cargarse a cualquiera en el que, por alg\u00fan motivo que no tienen por qu\u00e9 explicar, desconf\u00eden. Con ellos al mando, como dios manda, quedar\u00e1 obviamente solucionado ese problema de confianza y la convivencia mejorar\u00e1 una barbaridad.<\/p>\n<p class=\"p1\">A falta de m\u00e1s contenido que echarnos a la boca, la noticia, seg\u00fan destacan los medios entusiasmados, fue la puesta en escena. Ser\u00e1 de lo m\u00e1s moderna, llevaban todo el d\u00eda avis\u00e1ndonos y la modernidad consisti\u00f3 en que el rey camin\u00f3 primero y habl\u00f3 de pie despu\u00e9s. Una modernidad relativa, ya que el Australopithecus ya hac\u00eda esto mismo hace cuatro millones de a\u00f1os sin tanta algarab\u00eda. Alg\u00fan d\u00eda lo verdaderamente moderno ser\u00e1 que el jefe de un Estado en riesgo por el auge de la ultraderecha \u2013roja sat\u00e1nica llaman a la reina y esposa de Felpudo VI\u2013 le hable a la ciudadan\u00eda con tanta claridad como lo hacen quienes destrozan la \u201cconvivencia\u201d porque tienen absoluta \u201cconfianza\u201d en una victoria basada en la ley del m\u00e1s fuerte que dejar\u00e1 a \u201cEuropa\u201d, como tantas veces a lo largo de la Historia, sumida en el mismo fango. Si sigue al frente alg\u00fan Borb\u00f3n, ser\u00e1 entonces buen momento para recuperar en el discurso el 12 a 1 a Malta, a ver si as\u00ed nos animamos un poco.<\/p>\n<p class=\"p1\">Desde el Palacio Real de Madrid, discurso de Navidad de Felipe VI en el Sal\u00f3n de Columnas. Un sitio ideal si necesitas esconderte detr\u00e1s de una y mucho m\u00e1s vistoso que un parking. La fecha de 2025 era especial. Se cumpl\u00edan 50 a\u00f1os, medio siglo que se dice pronto, desde que su santo padre inaugurase en&#8230;<br \/>\n                                <\/p>\n<p>\t\t\t\t    Este art\u00edculo es exclusivo para las personas suscritas a CTXT. Puedes iniciar sesi\u00f3n <strong><a href=\"https:\/\/ctxt.es\/auth\" rel=\"nofollow noopener\" target=\"_blank\">aqu\u00ed<\/a><\/strong> o suscribirte <strong><a target=\"_blank\" href=\"https:\/\/agora.ctxt.es\/suscripciones\/\" rel=\"nofollow noopener\">aqu\u00ed<\/a><\/strong><\/p>\n","protected":false},"excerpt":{"rendered":"Desde el Palacio Real de Madrid, discurso de Navidad de Felipe VI en el Sal\u00f3n de Columnas. Un&hellip;\n","protected":false},"author":2,"featured_media":306322,"comment_status":"","ping_status":"","sticky":false,"template":"","format":"standard","meta":{"footnotes":""},"categories":[169],"tags":[177,1709,3942,1710,146,147,25,24,10642,176,6979,6041,175,2951,5330,23],"class_list":{"0":"post-306321","1":"post","2":"type-post","3":"status-publish","4":"format-standard","5":"has-post-thumbnail","7":"category-cine","8":"tag-cine","9":"tag-ctxt-revista-contexto-politica","10":"tag-discurso","11":"tag-economia-y-cultura-feminismos-cambio-climatico-noticias","12":"tag-entertainment","13":"tag-entretenimiento","14":"tag-es","15":"tag-espana","16":"tag-felipe","17":"tag-film","18":"tag-gerardo-tece","19":"tag-monarquia","20":"tag-movies","21":"tag-navidad","22":"tag-rey","23":"tag-spain"},"share_on_mastodon":{"url":"https:\/\/pubeurope.com\/@es\/115779864046406512","error":""},"_links":{"self":[{"href":"https:\/\/www.europesays.com\/es\/wp-json\/wp\/v2\/posts\/306321","targetHints":{"allow":["GET"]}}],"collection":[{"href":"https:\/\/www.europesays.com\/es\/wp-json\/wp\/v2\/posts"}],"about":[{"href":"https:\/\/www.europesays.com\/es\/wp-json\/wp\/v2\/types\/post"}],"author":[{"embeddable":true,"href":"https:\/\/www.europesays.com\/es\/wp-json\/wp\/v2\/users\/2"}],"replies":[{"embeddable":true,"href":"https:\/\/www.europesays.com\/es\/wp-json\/wp\/v2\/comments?post=306321"}],"version-history":[{"count":0,"href":"https:\/\/www.europesays.com\/es\/wp-json\/wp\/v2\/posts\/306321\/revisions"}],"wp:featuredmedia":[{"embeddable":true,"href":"https:\/\/www.europesays.com\/es\/wp-json\/wp\/v2\/media\/306322"}],"wp:attachment":[{"href":"https:\/\/www.europesays.com\/es\/wp-json\/wp\/v2\/media?parent=306321"}],"wp:term":[{"taxonomy":"category","embeddable":true,"href":"https:\/\/www.europesays.com\/es\/wp-json\/wp\/v2\/categories?post=306321"},{"taxonomy":"post_tag","embeddable":true,"href":"https:\/\/www.europesays.com\/es\/wp-json\/wp\/v2\/tags?post=306321"}],"curies":[{"name":"wp","href":"https:\/\/api.w.org\/{rel}","templated":true}]}}