{"id":306368,"date":"2025-12-25T11:33:09","date_gmt":"2025-12-25T11:33:09","guid":{"rendered":"https:\/\/www.europesays.com\/es\/306368\/"},"modified":"2025-12-25T11:33:09","modified_gmt":"2025-12-25T11:33:09","slug":"un-joven-de-17-anos-y-un-hombre-de-63","status":"publish","type":"post","link":"https:\/\/www.europesays.com\/es\/306368\/","title":{"rendered":"un joven de 17 a\u00f1os y un hombre de 63"},"content":{"rendered":"<p class=\"c-paragraph\"><b>Dos hombres han fallecido esta Nochebuena en Madrid<\/b> tras ser agredidos con arma blanca, un joven de 17 a\u00f1os de nacionalidad espa\u00f1ola en el barrio de Puente de Vallecas, y el otro de 63 a\u00f1os, en el de Chamber\u00ed.\u00a0<\/p>\n<p class=\"c-paragraph\">Seg\u00fan ha informado este jueves el SUMA 112, <b>la primera v\u00edctima, en la calle Lagartera, en Puente de Vallecas<\/b>, estaba en parada cardiorrespiratoria como consecuencia de una agresi\u00f3n con arma blanca en el hemit\u00f3rax izquierdo. La polic\u00eda detuvo despu\u00e9s a dos personas relacionadas con este crimen.\u00a0Los dos hombres, uno de 19 a\u00f1os y de nacionalidad espa\u00f1ola y otro de 21 y venezolano, conoc\u00edan a la v\u00edctima, y <b>no<\/b>\u00a0<b>se descarta que pertenecieran a alguna banda callejera<\/b> y que el suceso obedezca a alg\u00fan enfrentamiento entre bandas rivales, seg\u00fan informaron fuentes policiales a 20minutos.<\/p>\n<p class=\"c-paragraph\">El <b>segundo fallecimiento por agresi\u00f3n con arma blanca, en la calle Alonso Cano, en Chamber\u00ed<\/b>, se ha producido a las 5:40 de la ma\u00f1ana y se trataba de un hombre de 63 a\u00f1os con varias heridas, en parada cardiorrespiratoria cuando llegaron los equipos del Samur-PC, que tras 40 minutos de maniobras avanzadas, solo pudieron confirmar el fallecimiento.<\/p>\n<p>Accidente en la M-31<\/p>\n<p class=\"c-paragraph\">El <b>tercer suceso grave de esta Nochebuena se produjo a las 19 horas, un accidente en la M-31<\/b>, tras el que un conductor de 31 a\u00f1os qued\u00f3 atrapado. Una ambulancia del Summa 112 comenz\u00f3 la atenci\u00f3n hasta la llegada de los equipos de Samur-PC. Bomberos del Ayuntamiento de Madrid rescataron a la v\u00edctima del interior del veh\u00edculo, que tuvo que ser intubada y trasladada politraumatizada con preaviso al 12 de octubre.\u00a0<\/p>\n<p class=\"c-paragraph\">Los <b>ocupantes del segundo veh\u00edculo sufrieron lesiones leves<\/b>, uno no requiri\u00f3 traslado y otro fue trasladado por Samur al Hospital Universitario Gregorio Mara\u00f1\u00f3n con contusiones. Guardia Civil realiza el atestado e investiga las circunstancias.<\/p>\n","protected":false},"excerpt":{"rendered":"Dos hombres han fallecido esta Nochebuena en Madrid tras ser agredidos con arma blanca, un joven de 17&hellip;\n","protected":false},"author":2,"featured_media":306369,"comment_status":"","ping_status":"","sticky":false,"template":"","format":"standard","meta":{"footnotes":""},"categories":[5],"tags":[17,18,24171,1563,25,24,13,14,11,19,20,205,9,70764,10,15,16,23,12,12130,21,22],"class_list":["post-306368","post","type-post","status-publish","format-standard","has-post-thumbnail","category-titulares","tag-breaking-news","tag-breakingnews","tag-con","tag-dos","tag-es","tag-espana","tag-featured-news","tag-featurednews","tag-headlines","tag-latest-news","tag-latestnews","tag-madrid","tag-news","tag-nochebuena","tag-noticias","tag-noticias-destacadas","tag-noticiasdestacadas","tag-spain","tag-titulares","tag-tragica","tag-ultimas-noticias","tag-ultimasnoticias"],"share_on_mastodon":{"url":"https:\/\/pubeurope.com\/@es\/115779993801042779","error":""},"_links":{"self":[{"href":"https:\/\/www.europesays.com\/es\/wp-json\/wp\/v2\/posts\/306368","targetHints":{"allow":["GET"]}}],"collection":[{"href":"https:\/\/www.europesays.com\/es\/wp-json\/wp\/v2\/posts"}],"about":[{"href":"https:\/\/www.europesays.com\/es\/wp-json\/wp\/v2\/types\/post"}],"author":[{"embeddable":true,"href":"https:\/\/www.europesays.com\/es\/wp-json\/wp\/v2\/users\/2"}],"replies":[{"embeddable":true,"href":"https:\/\/www.europesays.com\/es\/wp-json\/wp\/v2\/comments?post=306368"}],"version-history":[{"count":0,"href":"https:\/\/www.europesays.com\/es\/wp-json\/wp\/v2\/posts\/306368\/revisions"}],"wp:featuredmedia":[{"embeddable":true,"href":"https:\/\/www.europesays.com\/es\/wp-json\/wp\/v2\/media\/306369"}],"wp:attachment":[{"href":"https:\/\/www.europesays.com\/es\/wp-json\/wp\/v2\/media?parent=306368"}],"wp:term":[{"taxonomy":"category","embeddable":true,"href":"https:\/\/www.europesays.com\/es\/wp-json\/wp\/v2\/categories?post=306368"},{"taxonomy":"post_tag","embeddable":true,"href":"https:\/\/www.europesays.com\/es\/wp-json\/wp\/v2\/tags?post=306368"}],"curies":[{"name":"wp","href":"https:\/\/api.w.org\/{rel}","templated":true}]}}