{"id":306421,"date":"2025-12-25T12:18:08","date_gmt":"2025-12-25T12:18:08","guid":{"rendered":"https:\/\/www.europesays.com\/es\/306421\/"},"modified":"2025-12-25T12:18:08","modified_gmt":"2025-12-25T12:18:08","slug":"un-helicoptero-medicalizado-con-dos-turistas-a-bordo-se-estrella-en-el-kilimanjaro-hay-cinco-muertos","status":"publish","type":"post","link":"https:\/\/www.europesays.com\/es\/306421\/","title":{"rendered":"Un helic\u00f3ptero medicalizado con dos turistas a bordo se estrella en el Kilimanjaro: hay cinco muertos"},"content":{"rendered":"<p class=\"c-paragraph\"><b>Cinco personas murieron tras estrellarse un helic\u00f3ptero en el Kilimanjaro<\/b>, la monta\u00f1a m\u00e1s alta de \u00c1frica y situada en el norte de Tanzania, mientras realizaba una misi\u00f3n de rescate, seg\u00fan informaron este jueves fuentes oficiales<\/p>\n<p class=\"c-paragraph\">Seg\u00fan la TCAA, el accidente ocurri\u00f3 este mi\u00e9rcoles por la tarde <b>en una de las rutas tur\u00edsticas m\u00e1s transitadas<\/b>, cuando un helic\u00f3ptero Airbus modelo H125, con matr\u00edcula 5H-KMA, se estrell\u00f3 en el campamento de Barafu a una altitud superior a los 4.000 metros en el Kilimanjaro.<\/p>\n<p class=\"c-paragraph\">Entre los fallecidos<b> un gu\u00eda, un m\u00e9dico, el piloto y dos turistas extranjeros, <\/b>cuya nacionalidad no se ha hecho p\u00fablica.<\/p>\n<p class=\"c-paragraph\">El jefe de la Polic\u00eda de la regi\u00f3n de Kilimanjaro, Simon Maigwa, dijo a la prensa local que<b> la aeronave pertenec\u00eda a la empresa Kilimanjaro Aviation<\/b>, dedicada a servicios de evacuaci\u00f3n m\u00e9dica.<\/p>\n<p class=\"c-paragraph\">\u00abLa investigaci\u00f3n est\u00e1 en curso para determinar las causas del accidente\u00bb, se\u00f1al\u00f3 Maigwa, quien a\u00f1adi\u00f3 que se facilitar\u00e1 m\u00e1s informaci\u00f3n a medida que avancen las pesquisas. Este tipo de accidentes a\u00e9reos en el Kilimanjaro son <b>poco frecuentes,<\/b> ya que el \u00faltimo incidente de este tipo data de noviembre de 2008, cuando cuatro personas murieron en un siniestro similar.<\/p>\n<p class=\"c-paragraph\">El Kilimanjaro es el\u00a0<b><b>pico m\u00e1s alto de \u00c1frica<\/b><\/b>, 6.000 metros, y alrededor de 50.000 turistas ascienden a \u00e9l anualmente.<\/p>\n","protected":false},"excerpt":{"rendered":"Cinco personas murieron tras estrellarse un helic\u00f3ptero en el Kilimanjaro, la monta\u00f1a m\u00e1s alta de \u00c1frica y situada&hellip;\n","protected":false},"author":2,"featured_media":306422,"comment_status":"","ping_status":"","sticky":false,"template":"","format":"standard","meta":{"footnotes":""},"categories":[42],"tags":[17,18,24171,1563,13,14,11,11442,61,62,63,64,19,20,72437,9,10,15,16,12,21,22,16743,65,66,67],"class_list":{"0":"post-306421","1":"post","2":"type-post","3":"status-publish","4":"format-standard","5":"has-post-thumbnail","7":"category-internacional","8":"tag-breaking-news","9":"tag-breakingnews","10":"tag-con","11":"tag-dos","12":"tag-featured-news","13":"tag-featurednews","14":"tag-headlines","15":"tag-helicoptero","16":"tag-internacional","17":"tag-international","18":"tag-international-news","19":"tag-internationalnews","20":"tag-latest-news","21":"tag-latestnews","22":"tag-medicalizado","23":"tag-news","24":"tag-noticias","25":"tag-noticias-destacadas","26":"tag-noticiasdestacadas","27":"tag-titulares","28":"tag-ultimas-noticias","29":"tag-ultimasnoticias","30":"tag-un","31":"tag-world","32":"tag-world-news","33":"tag-worldnews"},"share_on_mastodon":{"url":"https:\/\/pubeurope.com\/@es\/115780171074892850","error":""},"_links":{"self":[{"href":"https:\/\/www.europesays.com\/es\/wp-json\/wp\/v2\/posts\/306421","targetHints":{"allow":["GET"]}}],"collection":[{"href":"https:\/\/www.europesays.com\/es\/wp-json\/wp\/v2\/posts"}],"about":[{"href":"https:\/\/www.europesays.com\/es\/wp-json\/wp\/v2\/types\/post"}],"author":[{"embeddable":true,"href":"https:\/\/www.europesays.com\/es\/wp-json\/wp\/v2\/users\/2"}],"replies":[{"embeddable":true,"href":"https:\/\/www.europesays.com\/es\/wp-json\/wp\/v2\/comments?post=306421"}],"version-history":[{"count":0,"href":"https:\/\/www.europesays.com\/es\/wp-json\/wp\/v2\/posts\/306421\/revisions"}],"wp:featuredmedia":[{"embeddable":true,"href":"https:\/\/www.europesays.com\/es\/wp-json\/wp\/v2\/media\/306422"}],"wp:attachment":[{"href":"https:\/\/www.europesays.com\/es\/wp-json\/wp\/v2\/media?parent=306421"}],"wp:term":[{"taxonomy":"category","embeddable":true,"href":"https:\/\/www.europesays.com\/es\/wp-json\/wp\/v2\/categories?post=306421"},{"taxonomy":"post_tag","embeddable":true,"href":"https:\/\/www.europesays.com\/es\/wp-json\/wp\/v2\/tags?post=306421"}],"curies":[{"name":"wp","href":"https:\/\/api.w.org\/{rel}","templated":true}]}}