{"id":306425,"date":"2025-12-25T12:20:12","date_gmt":"2025-12-25T12:20:12","guid":{"rendered":"https:\/\/www.europesays.com\/es\/306425\/"},"modified":"2025-12-25T12:20:12","modified_gmt":"2025-12-25T12:20:12","slug":"muere-un-vecino-de-rianxo-de-65-anos-al-salirse-de-la-via-con-su-coche-en-nochebuena","status":"publish","type":"post","link":"https:\/\/www.europesays.com\/es\/306425\/","title":{"rendered":"Muere\u00a0un vecino de Rianxo de 65 a\u00f1os al salirse de la v\u00eda con su coche en Nochebuena"},"content":{"rendered":"<p>\t\t\t \t\t \t\t\t\t\t\t\tEl veh\u00edculo acab\u00f3 empotrado contra un muro <strong class=\"pd-l\">BOMBEIROS BOIRO  <\/strong><\/p>\n<p>\t\t\t\t\t\tEl hombre acababa de jubilarse en el servicio contraincendios de la Xunta y hab\u00eda sido concejal por el PP<br \/>\n\t\t\t\t\t\t\t\t\t\t\t\t<strong>25 dic 2025<\/strong> . Actualizado a las 10:21 h.\t\t\t\t\t\t<\/p>\n<p class=\"first-paragraph txt\">La Nochebuena comenz\u00f3 de la peor manera en Rianxo donde ayer, sobre las 21.30 horas, perd\u00eda la vida Francisco Rubio Vicente, un vecino del municipio despu\u00e9s de sufrir un accidente de tr\u00e1fico en<strong> el kil\u00f3metro 1 de la carretera provincial DP-3301, a su paso por la zona de As Cortes.<\/strong> Por motivos que se est\u00e1n investigando, el conductor perdi\u00f3 el control de su veh\u00edculo, un Nissan Terrano, y se sali\u00f3 de la v\u00eda colisionando contra un poste de hormig\u00f3n y un muro de piedra.<\/p>\n<p class=\"txt\">Un particular alert\u00f3 al 112, explicando que el hombre <strong>se encontraba inconsciente y parec\u00eda que hab\u00eda quedado atrapado en el interior del veh\u00edculo<\/strong>. Hasta la zona se desplazaron los bomberos del parque de Boiro para poder liberarlo, as\u00ed como una patrulla de la Guardia Civil, otra de la Polic\u00eda Local de Rianxo y una ambulancia del 061.<\/p>\n<p class=\"txt\">Sin embargo, cuando llegaron al lugar nada pudieron hacer por salvarle la vida porque hab\u00eda fallecido. Los primeros indicios apuntan a que el conductor\u00a0pudo sufrir una indisposici\u00f3n mientras conduc\u00eda, puesto que no hab\u00eda frenadas en la calzada.<\/p>\n<p class=\"txt\">Francisco Rubio, al que todo el mundo conoc\u00eda como Paco Rubio, ten\u00eda 65 a\u00f1os y hab\u00eda trabajado en el servicio contraincendios de la Xunta y justo acababa de jubilarse el pasado verano. Adem\u00e1s, fue concejal del grupo municipal del PP en Rianxo en el anterior mandato, cuando el Concello de Rianxo estaba gobernado por el BNG de Adolfo Mu\u00ed\u00f1os. Hab\u00eda ocupado en n\u00famero de 3 de la lista de los populares en las elecciones.\u00a0<\/p>\n","protected":false},"excerpt":{"rendered":"El veh\u00edculo acab\u00f3 empotrado contra un muro BOMBEIROS BOIRO El hombre acababa de jubilarse en el servicio contraincendios&hellip;\n","protected":false},"author":2,"featured_media":306426,"comment_status":"","ping_status":"","sticky":false,"template":"","format":"standard","meta":{"footnotes":""},"categories":[5],"tags":[17,18,25,24,13,14,11,19,20,9,10,15,16,23,12,21,22],"class_list":{"0":"post-306425","1":"post","2":"type-post","3":"status-publish","4":"format-standard","5":"has-post-thumbnail","7":"category-titulares","8":"tag-breaking-news","9":"tag-breakingnews","10":"tag-es","11":"tag-espana","12":"tag-featured-news","13":"tag-featurednews","14":"tag-headlines","15":"tag-latest-news","16":"tag-latestnews","17":"tag-news","18":"tag-noticias","19":"tag-noticias-destacadas","20":"tag-noticiasdestacadas","21":"tag-spain","22":"tag-titulares","23":"tag-ultimas-noticias","24":"tag-ultimasnoticias"},"share_on_mastodon":{"url":"https:\/\/pubeurope.com\/@es\/115780178609151385","error":""},"_links":{"self":[{"href":"https:\/\/www.europesays.com\/es\/wp-json\/wp\/v2\/posts\/306425","targetHints":{"allow":["GET"]}}],"collection":[{"href":"https:\/\/www.europesays.com\/es\/wp-json\/wp\/v2\/posts"}],"about":[{"href":"https:\/\/www.europesays.com\/es\/wp-json\/wp\/v2\/types\/post"}],"author":[{"embeddable":true,"href":"https:\/\/www.europesays.com\/es\/wp-json\/wp\/v2\/users\/2"}],"replies":[{"embeddable":true,"href":"https:\/\/www.europesays.com\/es\/wp-json\/wp\/v2\/comments?post=306425"}],"version-history":[{"count":0,"href":"https:\/\/www.europesays.com\/es\/wp-json\/wp\/v2\/posts\/306425\/revisions"}],"wp:featuredmedia":[{"embeddable":true,"href":"https:\/\/www.europesays.com\/es\/wp-json\/wp\/v2\/media\/306426"}],"wp:attachment":[{"href":"https:\/\/www.europesays.com\/es\/wp-json\/wp\/v2\/media?parent=306425"}],"wp:term":[{"taxonomy":"category","embeddable":true,"href":"https:\/\/www.europesays.com\/es\/wp-json\/wp\/v2\/categories?post=306425"},{"taxonomy":"post_tag","embeddable":true,"href":"https:\/\/www.europesays.com\/es\/wp-json\/wp\/v2\/tags?post=306425"}],"curies":[{"name":"wp","href":"https:\/\/api.w.org\/{rel}","templated":true}]}}