{"id":306467,"date":"2025-12-25T12:56:09","date_gmt":"2025-12-25T12:56:09","guid":{"rendered":"https:\/\/www.europesays.com\/es\/306467\/"},"modified":"2025-12-25T12:56:09","modified_gmt":"2025-12-25T12:56:09","slug":"el-telepasion-de-rtve-mas-reivindicativo-polemico-y-alabado","status":"publish","type":"post","link":"https:\/\/www.europesays.com\/es\/306467\/","title":{"rendered":"El \u00abTelepasi\u00f3n\u00bb de RTVE m\u00e1s reivindicativo, pol\u00e9mico y alabado"},"content":{"rendered":"<p>\t\t&#13;\n\t <\/p>\n<p>\t\t\t\t\t\tAitor Albizua y LalaCh\u00fas condujeron el tradicional programa de Nochebuena, con buenas cr\u00edticas a su factura t\u00e9cnica y art\u00edstica y que respondi\u00f3 a las numerosas controversias que rodean al canal<br \/>\n\t\t\t\t\t\t\t\t\t\t\t\t<strong>25 dic 2025<\/strong> . Actualizado a las 13:10 h.\t\t\t\t\t\t<\/p>\n<p class=\"first-paragraph txt\"><strong>Telepasi\u00f3n 2025. Mi gran noche<\/strong> fue una de las opciones de la <a href=\"https:\/\/www.lavozdegalicia.es\/temas\/nochebuena\" rel=\"nofollow noopener\" target=\"_blank\">Nochebuena<\/a> m\u00e1s cl\u00e1sicas, seguidas y alabadas de este a\u00f1o. Pero tambi\u00e9n aprovech\u00f3 para ajustar cuentas, <a href=\"https:\/\/www.lavozdegalicia.es\/temas\/rtve\" rel=\"nofollow noopener\" target=\"_blank\">RTVE<\/a>, desde el tradicional espacio navide\u00f1o para las<strong> numerosas controversias<\/strong> que le han rodeado a lo largo de estos meses.\u00a0<\/p>\n<p class=\"txt\"><strong>Aitor Albizua y <a href=\"https:\/\/www.lavozdegalicia.es\/temas\/lalachus\" rel=\"nofollow noopener\" target=\"_blank\">LalaCh\u00fas<\/a><\/strong> ejercieron de maestros de ceremonias del espacio, un desaf\u00edo que afrontaron con la ayuda de dos secretarias muy poco convencionales y misteriosas. Todos abordaron\u00a0el proyecto con mucha ilusi\u00f3n y con locas ideas. Participaron m\u00e1s de 130 profesionales de RTVE que llenaron la noche de m\u00fasica y baile de todas las \u00e9pocas, con muchas sorpresas\u2026<\/p>\n<p class=\"txt\">Hubo m\u00fasica y tem\u00e1ticas para todos los gustos, donde las caras m\u00e1s conocidas del Canal 24 horas o los Deportes de RTVE, cambiaron de registro completamente.\u00a0<\/p>\n<p class=\"txt\">Muchos telespectadores destacaron la gran factura t\u00e9cnica y art\u00edstica de esta edici\u00f3n de <strong>Telepasi\u00f3n<\/strong>, dirigida por Juan Luis Iborra.\u00a0<\/p>\n<p class=\"txt\">Y tambi\u00e9n hueco para la inclusi\u00f3n, ya que tambi\u00e9n participaron los presentadores de la Once como destacaba y agradec\u00eda\u00a0la propia Patty Bonet compartiendo en redes parte de su actuaci\u00f3n.\u00a0<\/p>\n<p class=\"txt\">Pero la pieza m\u00e1s reivindicativa y con la que la direcci\u00f3n de RTVE parec\u00eda responder o acallar todas las pol\u00e9micas que le rodean en un a\u00f1o en el que, con fracasos estrepitosos, tambi\u00e9n ha conseguido grandes hitos como aumentar la audiencia media de la cadena a registros no vistos en los \u00faltimos a\u00f1os.\u00a0<\/p>\n<p class=\"txt\"><a class=\"link-txt\" href=\"https:\/\/www.lavozdegalicia.es\/noticia\/television\/2025\/12\/08\/explicaciones-ines-hernand-despues-hablar-sobre-eta-academia-ot\/00031765201244915752346.htm\" rel=\"nofollow noopener\" target=\"_blank\">In\u00e9s Hernand, siempre tambi\u00e9n abonada a la pol\u00e9mica <\/a>y sin pelos en la lengua, fue una de las protagonistas de una manifestaci\u00f3n en la que el lema de la pancarta era \u00abQui\u00e9n quiera pararme no podr\u00e1\u00bb, con el tema de Manuel Carrasco Tengo el poder. El propio presidente de RTVE, Jos\u00e9 Pablo L\u00f3pez, tuiteaba ese momento de<strong> Telepasi\u00f3n<\/strong> en sus redes sociales. En \u00e9l se ve\u00eda a parte del equipo de Cine de barrio, con In\u00e9s Ballester a la cabeza, pero tambi\u00e9n realizadores, productores, c\u00e1maras y t\u00e9cnicos de sonido, entre otros muchos, tanto de la central madrile\u00f1a como de los centros territoriales auton\u00f3micos.\u00a0<\/p>\n<p class=\"txt\">Buscaba as\u00ed responder, a su manera, a un a\u00f1o en el que algunos programas<a class=\"link-txt\" href=\"https:\/\/www.lavozdegalicia.es\/noticia\/television\/2025\/05\/24\/consejo-informativos-rtve-investiga-programas-javier-ruiz-jesus-cintora-tras-quejas-internas\/00031748079134975841900.htm\" rel=\"nofollow noopener\" target=\"_blank\"> como Malas lenguas o Ma\u00f1aneros, han sido muy criticados por su presunta \u00abfalta de pluralidad\u00bb<\/a>.\u00a0<\/p>\n<p>&#13;<br \/>\n\tArchivado en:&#13;<br \/>\n\t\t\t\t\t<a href=\"https:\/\/www.lavozdegalicia.es\/temas\/rtve\/\" target=\"_blank\" class=\"mg-l\" rel=\"nofollow noopener\">RTVE<\/a>&#13;<br \/>\n\t\t\t\t\t<a href=\"https:\/\/www.lavozdegalicia.es\/temas\/lalachus\/\" target=\"_blank\" class=\"mg-l\" rel=\"nofollow noopener\">Lalach\u00fas<\/a>&#13;<br \/>\n\t\t\t\t\t<a href=\"https:\/\/www.lavozdegalicia.es\/temas\/nochebuena\/\" target=\"_blank\" class=\"mg-l\" rel=\"nofollow noopener\">Nochebuena<\/a>&#13;<br \/>\n\t\t\t\t\t<a href=\"https:\/\/www.lavozdegalicia.es\/temas\/ines-hernand\/\" target=\"_blank\" class=\"mg-l\" rel=\"nofollow noopener\">In\u00e9s Hernand<\/a>&#13;<br \/>\n\t&#13;<\/p>\n","protected":false},"excerpt":{"rendered":"&#13; Aitor Albizua y LalaCh\u00fas condujeron el tradicional programa de Nochebuena, con buenas cr\u00edticas a su factura t\u00e9cnica&hellip;\n","protected":false},"author":2,"featured_media":306468,"comment_status":"","ping_status":"","sticky":false,"template":"","format":"standard","meta":{"footnotes":""},"categories":[171],"tags":[146,147,25,24,27792,27837,70764,518,23,214],"class_list":{"0":"post-306467","1":"post","2":"type-post","3":"status-publish","4":"format-standard","5":"has-post-thumbnail","7":"category-tv","8":"tag-entertainment","9":"tag-entretenimiento","10":"tag-es","11":"tag-espana","12":"tag-ines-hernand","13":"tag-lalachus","14":"tag-nochebuena","15":"tag-rtve","16":"tag-spain","17":"tag-tv"},"share_on_mastodon":{"url":"https:\/\/pubeurope.com\/@es\/115780320293063985","error":""},"_links":{"self":[{"href":"https:\/\/www.europesays.com\/es\/wp-json\/wp\/v2\/posts\/306467","targetHints":{"allow":["GET"]}}],"collection":[{"href":"https:\/\/www.europesays.com\/es\/wp-json\/wp\/v2\/posts"}],"about":[{"href":"https:\/\/www.europesays.com\/es\/wp-json\/wp\/v2\/types\/post"}],"author":[{"embeddable":true,"href":"https:\/\/www.europesays.com\/es\/wp-json\/wp\/v2\/users\/2"}],"replies":[{"embeddable":true,"href":"https:\/\/www.europesays.com\/es\/wp-json\/wp\/v2\/comments?post=306467"}],"version-history":[{"count":0,"href":"https:\/\/www.europesays.com\/es\/wp-json\/wp\/v2\/posts\/306467\/revisions"}],"wp:featuredmedia":[{"embeddable":true,"href":"https:\/\/www.europesays.com\/es\/wp-json\/wp\/v2\/media\/306468"}],"wp:attachment":[{"href":"https:\/\/www.europesays.com\/es\/wp-json\/wp\/v2\/media?parent=306467"}],"wp:term":[{"taxonomy":"category","embeddable":true,"href":"https:\/\/www.europesays.com\/es\/wp-json\/wp\/v2\/categories?post=306467"},{"taxonomy":"post_tag","embeddable":true,"href":"https:\/\/www.europesays.com\/es\/wp-json\/wp\/v2\/tags?post=306467"}],"curies":[{"name":"wp","href":"https:\/\/api.w.org\/{rel}","templated":true}]}}