{"id":306479,"date":"2025-12-25T13:03:17","date_gmt":"2025-12-25T13:03:17","guid":{"rendered":"https:\/\/www.europesays.com\/es\/306479\/"},"modified":"2025-12-25T13:03:17","modified_gmt":"2025-12-25T13:03:17","slug":"horarios-especiales-de-mercadona-para-el-dia-de-navidad-jueves-25-de-diciembre","status":"publish","type":"post","link":"https:\/\/www.europesays.com\/es\/306479\/","title":{"rendered":"Horarios especiales de Mercadona para el d\u00eda de Navidad, jueves 25 de diciembre"},"content":{"rendered":"<p>La cadena de distribuci\u00f3n cierra sus supermercados con motivo del \u00faltimo festivo nacional del a\u00f1o<\/p>\n<p><img fetchpriority=\"high\" class=\"voc-img\" src=\"https:\/\/www.europesays.com\/es\/wp-content\/uploads\/2025\/12\/navidad-mercadona-RsAm6hP1ChUPVkl85qRHYDK-1200x840@diario_abc.jpg\" loading=\"eager\" decoding=\"async\" alt=\"Imagen de archivo de un supermercado de Mercadona\" width=\"1200\" height=\"840\"\/><\/p>\n<p>Imagen de archivo de un supermercado de Mercadona    JUAN CARLOS SOLER  <\/p>\n<p class=\"voc-p\" style=\"\"><strong>Mercadona<\/strong> ha confirmado el cierre de sus <a href=\"https:\/\/www.abc.es\/espana\/comunidad-valenciana\/horarios-especiales-mercadona-nochebuena-miercoles-diciembre-hora-20251223105951-nt.html\" target=\"_blank\" data-voc-vtm-id=\"in-text-traffic\" title=\"1.603 supermercados\" rel=\"nofollow noopener\">1.603 supermercados<\/a> ubicados en Espa\u00f1a durante la jornada de este jueves 25 de diciembre, con motivo del festivo nacional de <strong>Navidad<\/strong>, el \u00faltimo del a\u00f1o, de acuerdo con el calendario laboral 2025.<\/p>\n<p class=\"voc-p\" style=\"\">La cadena de  &#8230; distribuci\u00f3n ofreci\u00f3 servicio especial este pasado mi\u00e9rcoles 24 de diciembre, <strong>Nochebuena<\/strong>, para que sus clientes pudieran ultimar sus compras hasta las 19.00 horas antes de celebrar la tradicional cena navide\u00f1a con sus familias.<\/p>\n<p class=\"voc-p\" style=\"\">No obstante, para este jueves 25 de diciembre, al ser considerado festivo y jornada inh\u00e1bil a efectos laborales en todo el pa\u00eds, Mercadona <strong>ha cerrado sus tiendas nacionales<\/strong> durante todo el d\u00eda, ofreciendo servicio habitual ya el viernes 26 y el s\u00e1bado 27 del mismo mes, en horario de 9.00 a 21.30 horas.<\/p>\n<p class=\"voc-p\" style=\"\">Para la semana que viene, Mercadona volver\u00e1 a facilitar horarios especiales para <strong>Nochevieja<\/strong>, 31 de diciembre, con horario de nueve de la ma\u00f1ana a siete de la tarde, mientras que cerrar\u00e1 supermercados por completo el 1 de enero, A\u00f1o Nuevo, al ser festivo nacional.<\/p>\n<p>\nArt\u00edculo solo para suscriptores\n<\/p>\n<p>Reportar un error<\/p>\n","protected":false},"excerpt":{"rendered":"La cadena de distribuci\u00f3n cierra sus supermercados con motivo del \u00faltimo festivo nacional del a\u00f1o Imagen de archivo&hellip;\n","protected":false},"author":2,"featured_media":306480,"comment_status":"","ping_status":"","sticky":false,"template":"","format":"standard","meta":{"footnotes":""},"categories":[80],"tags":[82,978,35329,95,94,25,24,2172,4074,887,4973,2951,23],"class_list":{"0":"post-306479","1":"post","2":"type-post","3":"status-publish","4":"format-standard","5":"has-post-thumbnail","7":"category-economia","8":"tag-business","9":"tag-dia","10":"tag-diciembre","11":"tag-economia","12":"tag-economy","13":"tag-es","14":"tag-espana","15":"tag-especiales","16":"tag-horarios","17":"tag-jueves","18":"tag-mercadona","19":"tag-navidad","20":"tag-spain"},"share_on_mastodon":{"url":"https:\/\/pubeurope.com\/@es\/115780348303429478","error":""},"_links":{"self":[{"href":"https:\/\/www.europesays.com\/es\/wp-json\/wp\/v2\/posts\/306479","targetHints":{"allow":["GET"]}}],"collection":[{"href":"https:\/\/www.europesays.com\/es\/wp-json\/wp\/v2\/posts"}],"about":[{"href":"https:\/\/www.europesays.com\/es\/wp-json\/wp\/v2\/types\/post"}],"author":[{"embeddable":true,"href":"https:\/\/www.europesays.com\/es\/wp-json\/wp\/v2\/users\/2"}],"replies":[{"embeddable":true,"href":"https:\/\/www.europesays.com\/es\/wp-json\/wp\/v2\/comments?post=306479"}],"version-history":[{"count":0,"href":"https:\/\/www.europesays.com\/es\/wp-json\/wp\/v2\/posts\/306479\/revisions"}],"wp:featuredmedia":[{"embeddable":true,"href":"https:\/\/www.europesays.com\/es\/wp-json\/wp\/v2\/media\/306480"}],"wp:attachment":[{"href":"https:\/\/www.europesays.com\/es\/wp-json\/wp\/v2\/media?parent=306479"}],"wp:term":[{"taxonomy":"category","embeddable":true,"href":"https:\/\/www.europesays.com\/es\/wp-json\/wp\/v2\/categories?post=306479"},{"taxonomy":"post_tag","embeddable":true,"href":"https:\/\/www.europesays.com\/es\/wp-json\/wp\/v2\/tags?post=306479"}],"curies":[{"name":"wp","href":"https:\/\/api.w.org\/{rel}","templated":true}]}}