{"id":306481,"date":"2025-12-25T13:04:17","date_gmt":"2025-12-25T13:04:17","guid":{"rendered":"https:\/\/www.europesays.com\/es\/306481\/"},"modified":"2025-12-25T13:04:17","modified_gmt":"2025-12-25T13:04:17","slug":"leon-xiv-celebra-la-misa-de-navidad-tres-decadas-despues-y-llama-a-la-paz","status":"publish","type":"post","link":"https:\/\/www.europesays.com\/es\/306481\/","title":{"rendered":"Le\u00f3n XIV celebra la misa de Navidad tres d\u00e9cadas despu\u00e9s y llama a la paz"},"content":{"rendered":"<p>\n  Por&amp;nbsp<b>Euronews Italia<\/b>\n<\/p>\n<p>\n                    Publicado                 25\/12\/2025 &#8211; 13:11 CET<br \/>\n                \u2022Ultima actualizaci\u00f3n<br \/>\n                                     13:34\n                                        <\/p>\n<p>Tras celebrar la <strong>misa de Navidad<\/strong> y saludar a los fieles congregados en la Plaza de San Pedro a bordo del papam\u00f3vil, Le\u00f3n XIV se asom\u00f3 a la Logia de la Bendici\u00f3n-la misma desde la que <a href=\"https:\/\/es.euronews.com\/my-europe\/2025\/05\/08\/papa-leon-xiv-quien-es-robert-francis-prevost-el-nuevo-lider-de-la-iglesia-catolica\" rel=\"nofollow noopener\" target=\"_blank\">Prevost se present\u00f3 al mundo como sucesor de Francisco<\/a> el 8 de mayo- para extender la tradicional bendici\u00f3n &#8216;Urbi et Orbi&#8217; (\u00abA la ciudad [de Roma] y al mundo\u00bb).<\/p>\n<p>\u00abQuien no ama, no se salva\u00bb, ha sido uno de los pasajes m\u00e1s significativos del mensaje del Papa. A las 10:00 de este 25 de diciembre, el Pont\u00edfice hab\u00eda entrado en procesi\u00f3n en la Bas\u00edlica de San Pedro. <strong>Hac\u00eda 31 a\u00f1os que un Papa no celebraba misa en este d\u00eda<\/strong>: la \u00faltima vez fue bajo el pontificado de Juan Pablo II, en 1994.<\/p>\n<p>En efecto, desde Pablo VI, Santo Pont\u00edfice entre 1963 y 1978, los obispos de Roma siempre han optado por confiar esta celebraci\u00f3n a un cardenal, reserv\u00e1ndose \u00fanicamente la bendici\u00f3n &#8216;Urbi et Orbi&#8217; a mediod\u00eda.<\/p>\n<p>Las palabras del Papa por la paz<\/p>\n<p>Con la Navidad, aunque nadie parezca creerlo, <strong>\u00abla paz existe y est\u00e1 ya entre nosotros\u00bb<\/strong> ha dicho el Santo Padre.<\/p>\n<p>\u00abHoy, pues, no s\u00f3lo nos sorprende la paz que ya est\u00e1 aqu\u00ed, sino que celebramos c\u00f3mo se nos ha hecho este don. En el c\u00f3mo, en efecto, brilla la diferencia divina que nos hace estallar en cantos de alegr\u00eda. As\u00ed, en todo el mundo, la Navidad es por excelencia una fiesta de m\u00fasica y de cantos\u00bb, a\u00f1adi\u00f3 el Pont\u00edfice.<\/p>\n<p>\u00abTantos hermanos y hermanas no tienen palabra despojados de su dignidad y reducidos al silencio\u00bb, continu\u00f3 el Papa. \u00abLa carne humana clama cuidados, invoca acogida y reconocimiento, busca <strong>manos capaces de ternura y mentes dispuestas a la atenci\u00f3n<\/strong>\u00ab.<\/p>\n<p>Gaza y el sinsentido de la guerra<\/p>\n<p>Las heridas de la humanidad que sufre la guerra centraron la homil\u00eda de la misa del d\u00eda de Navidad celebrada por Le\u00f3n XIV en San Pedro. Citando un pasaje del Papa Francisco, Le\u00f3n XIV advirti\u00f3 a los fieles contra la <strong>\u00abtentaci\u00f3n de ser cristianos manteniendo una prudente distancia de las llagas del Se\u00f1or\u00bb<\/strong>, inst\u00e1ndoles, en cambio, a tocar la \u00abcarne sufriente de los dem\u00e1s\u00bb.<\/p>\n<p>\u00ab\u00bfC\u00f3mo no pensar en las tiendas de <a href=\"https:\/\/es.euronews.com\/2025\/12\/24\/ministro-defensa-israeli-retracta-promesa-establecer-asentamientos-gaza\" rel=\"nofollow noopener\" target=\"_blank\">Gaza<\/a>, expuestas durante semanas a la lluvia, al viento y al fr\u00edo, y en las de tantos otros refugiados y desplazados en todos los continentes?\u00bb, se pregunt\u00f3 el Papa.<\/p>\n<p>La homil\u00eda toc\u00f3 expl\u00edcitamente el tema de la guerra y la manipulaci\u00f3n de las conciencias, calificando de fr\u00e1giles \u00ablas mentes y las vidas de los j\u00f3venes obligados a empu\u00f1ar las armas, que precisamente en el frente sienten el sinsentido de lo que se les exige y las mentiras con las que est\u00e1n impregnados los discursos grandilocuentes de quienes los <strong>env\u00edan a morir<\/strong>\u00ab.<\/p>\n<p>Para Le\u00f3n XIV, la <strong>verdadera paz<\/strong> no es un concepto abstracto ni un equilibrio de fuerzas, sino un <strong>acontecimiento interior y social que brota de la empat\u00eda<\/strong>: \u00abCuando la fragilidad del otro penetra en nuestro coraz\u00f3n, cuando el dolor del otro hace a\u00f1icos nuestras gran\u00edticas certezas, entonces ya comienza la paz\u00bb. \u00c9sta, a\u00f1adi\u00f3, \u00abnace de un lamento acogido, de un grito escuchado: nace entre ruinas que invocan nuevas solidaridades\u00bb.<\/p>\n<p>\u00abLa Iglesia no sirve a los matones, sino a los buenos\u00bb<\/p>\n<p>\u00abLa Navidad llama a una Iglesia misionera, impuls\u00e1ndola por los caminos que la palabra de Dios le ha trazado. No servimos a una palabra prepotente -ya la o\u00edmos por todas partes-, sino a una <strong>presencia que suscita el bien<\/strong>, conoce su eficacia, no reclama su monopolio. Este es el camino de la misi\u00f3n: un camino hacia el otro\u00bb.<\/p>\n<p>\u00ab<strong>En Dios, cada palabra es una palabra dirigida<\/strong>, es una invitaci\u00f3n a la conversaci\u00f3n, una palabra que nunca es la misma. Es la renovaci\u00f3n que promovi\u00f3 el Concilio Vaticano II y que s\u00f3lo veremos florecer caminando junto a toda la humanidad, nunca separ\u00e1ndonos de ella. Mundano es lo contrario: tener a uno mismo como centro\u00bb, sentenci\u00f3 Le\u00f3n XIV.<\/p>\n","protected":false},"excerpt":{"rendered":"Por&amp;nbspEuronews Italia Publicado 25\/12\/2025 &#8211; 13:11 CET \u2022Ultima actualizaci\u00f3n 13:34 Tras celebrar la misa de Navidad y saludar&hellip;\n","protected":false},"author":2,"featured_media":306482,"comment_status":"","ping_status":"","sticky":false,"template":"","format":"standard","meta":{"footnotes":""},"categories":[42],"tags":[17,18,13,14,11,401,61,62,63,64,19,20,2951,9,10,15,16,400,12,21,22,403,65,66,67],"class_list":{"0":"post-306481","1":"post","2":"type-post","3":"status-publish","4":"format-standard","5":"has-post-thumbnail","7":"category-internacional","8":"tag-breaking-news","9":"tag-breakingnews","10":"tag-featured-news","11":"tag-featurednews","12":"tag-headlines","13":"tag-iglesia-catolica","14":"tag-internacional","15":"tag-international","16":"tag-international-news","17":"tag-internationalnews","18":"tag-latest-news","19":"tag-latestnews","20":"tag-navidad","21":"tag-news","22":"tag-noticias","23":"tag-noticias-destacadas","24":"tag-noticiasdestacadas","25":"tag-papa-leon-xiv","26":"tag-titulares","27":"tag-ultimas-noticias","28":"tag-ultimasnoticias","29":"tag-vaticano","30":"tag-world","31":"tag-world-news","32":"tag-worldnews"},"share_on_mastodon":{"url":"https:\/\/pubeurope.com\/@es\/115780351771008221","error":""},"_links":{"self":[{"href":"https:\/\/www.europesays.com\/es\/wp-json\/wp\/v2\/posts\/306481","targetHints":{"allow":["GET"]}}],"collection":[{"href":"https:\/\/www.europesays.com\/es\/wp-json\/wp\/v2\/posts"}],"about":[{"href":"https:\/\/www.europesays.com\/es\/wp-json\/wp\/v2\/types\/post"}],"author":[{"embeddable":true,"href":"https:\/\/www.europesays.com\/es\/wp-json\/wp\/v2\/users\/2"}],"replies":[{"embeddable":true,"href":"https:\/\/www.europesays.com\/es\/wp-json\/wp\/v2\/comments?post=306481"}],"version-history":[{"count":0,"href":"https:\/\/www.europesays.com\/es\/wp-json\/wp\/v2\/posts\/306481\/revisions"}],"wp:featuredmedia":[{"embeddable":true,"href":"https:\/\/www.europesays.com\/es\/wp-json\/wp\/v2\/media\/306482"}],"wp:attachment":[{"href":"https:\/\/www.europesays.com\/es\/wp-json\/wp\/v2\/media?parent=306481"}],"wp:term":[{"taxonomy":"category","embeddable":true,"href":"https:\/\/www.europesays.com\/es\/wp-json\/wp\/v2\/categories?post=306481"},{"taxonomy":"post_tag","embeddable":true,"href":"https:\/\/www.europesays.com\/es\/wp-json\/wp\/v2\/tags?post=306481"}],"curies":[{"name":"wp","href":"https:\/\/api.w.org\/{rel}","templated":true}]}}