{"id":306613,"date":"2025-12-25T14:56:09","date_gmt":"2025-12-25T14:56:09","guid":{"rendered":"https:\/\/www.europesays.com\/es\/306613\/"},"modified":"2025-12-25T14:56:09","modified_gmt":"2025-12-25T14:56:09","slug":"orgullo-nacional-las-10-mejores-peliculas-espanolas-de-2025","status":"publish","type":"post","link":"https:\/\/www.europesays.com\/es\/306613\/","title":{"rendered":"Orgullo nacional: Las 10 mejores pel\u00edculas espa\u00f1olas de 2025"},"content":{"rendered":"<p>\t\t\t\t\t\t\t\t<img decoding=\"async\" loading=\"lazy\" src=\"https:\/\/www.europesays.com\/es\/wp-content\/uploads\/2025\/12\/61221.jpg\" scrset=\"https:\/\/www.ecartelera.com\/images\/sets\/61200\/61221-h3.jpg 300w, https:\/\/www.ecartelera.com\/images\/sets\/61200\/61221-h2.jpg 500w, https:\/\/www.ecartelera.com\/images\/sets\/61200\/61221-h1.jpg 750w, https:\/\/www.europesays.com\/es\/wp-content\/uploads\/2025\/12\/61221.jpg 1000w\" alt=\"'Sorda'\" width=\"1540\" height=\"864\"\/><\/p>\n<p><a href=\"https:\/\/www.ecartelera.com\/personas\/eva-libertad\/\" data-mention-type=\"persona\" data-mention-id=\"31529\" rel=\"nofollow noopener\" target=\"_blank\">Eva Libertad<\/a> recupera su cortometraje hom\u00f3nimo, nominado al Goya a mejor cortometraje de ficci\u00f3n en 2023, para crear <a href=\"https:\/\/www.ecartelera.com\/peliculas\/sorda\/\" data-mention-type=\"pelicula\" data-mention-id=\"19017\" rel=\"nofollow noopener\" target=\"_blank\">Sorda<\/a>, esta pel\u00edcula tan especial protagonizada por <a href=\"https:\/\/www.ecartelera.com\/personas\/miriam-garlo\/\" data-mention-type=\"persona\" data-mention-id=\"31531\" rel=\"nofollow noopener\" target=\"_blank\">Miriam Garlo<\/a> (tambi\u00e9n protagonista del cortometraje). <\/p>\n<p>&#8216;Sorda&#8217;, inserta en el g\u00e9nero dram\u00e1tico, <strong>aborda las problem\u00e1ticas que una mujer sorda experimenta durante su embarazo y la posterior cr\u00eda del beb\u00e9<\/strong>. Los miedos en torno a c\u00f3mo ser\u00e1 la <\/p>\n<p>comunicaci\u00f3n con su hija  sumergen a \u00c1ngela, el personaje de Miriam Garlo, en un <strong>bucle de malestar con ella misma, su entorno y su pareja<\/strong>, interpretada por <a href=\"https:\/\/www.ecartelera.com\/personas\/alvaro-cervantes\/\" data-mention-type=\"persona\" data-mention-id=\"4248\" rel=\"nofollow noopener\" target=\"_blank\">\u00c1lvaro Cervantes<\/a>. <\/p>\n<p>La directora propone un <b>montaje muy interesante y arriesgado<\/b>, que nos hace comprender (o al menos intentarlo) que el mundo a veces no est\u00e1 hecho para aquellos que se escapa del canon m\u00e1s normativo. La pel\u00edcula arras\u00f3\u00a0en el Festival de M\u00e1laga de 2025, donde fue <b>premiada con la\u00a0<\/b><b>Biznaga de Oro<\/b>, \u00c1lvaro Cervantes y Miriam Garlo como\u00a0mejor actor y mejor actriz y donde obtuvo, adem\u00e1s, el Premio del P\u00fablico. Este mismo galard\u00f3n le fue dado en el Festival Internacional de Berl\u00edn.\u00a0<\/p>\n<p>Adem\u00e1s, a nivel nacional, &#8216;Sorda&#8217; ha sido reconocida con el <b>premio<\/b><b>\u00a0<\/b><b>al cine y educaci\u00f3n en valores\u00a0en los Forqu\u00e9<\/b> y est\u00e1 nominada a seis categor\u00edas en los Premios Feroz y a 10 en los Gaud\u00ed.\u00a0<\/p>\n","protected":false},"excerpt":{"rendered":"Eva Libertad recupera su cortometraje hom\u00f3nimo, nominado al Goya a mejor cortometraje de ficci\u00f3n en 2023, para crear&hellip;\n","protected":false},"author":2,"featured_media":306614,"comment_status":"","ping_status":"","sticky":false,"template":"","format":"standard","meta":{"footnotes":""},"categories":[169],"tags":[1014,1015,1013,177,1011,146,147,25,24,782,176,1019,1016,175,753,1012,23,1017,1018],"class_list":{"0":"post-306613","1":"post","2":"type-post","3":"status-publish","4":"format-standard","5":"has-post-thumbnail","7":"category-cine","8":"tag-actores","9":"tag-actrices","10":"tag-cartelera","11":"tag-cine","12":"tag-ecartelera","13":"tag-entertainment","14":"tag-entretenimiento","15":"tag-es","16":"tag-espana","17":"tag-estrellas","18":"tag-film","19":"tag-fotogramas","20":"tag-fotos","21":"tag-movies","22":"tag-peliculas","23":"tag-pelis","24":"tag-spain","25":"tag-trailers","26":"tag-videos"},"share_on_mastodon":{"url":"https:\/\/pubeurope.com\/@es\/115780792878084954","error":""},"_links":{"self":[{"href":"https:\/\/www.europesays.com\/es\/wp-json\/wp\/v2\/posts\/306613","targetHints":{"allow":["GET"]}}],"collection":[{"href":"https:\/\/www.europesays.com\/es\/wp-json\/wp\/v2\/posts"}],"about":[{"href":"https:\/\/www.europesays.com\/es\/wp-json\/wp\/v2\/types\/post"}],"author":[{"embeddable":true,"href":"https:\/\/www.europesays.com\/es\/wp-json\/wp\/v2\/users\/2"}],"replies":[{"embeddable":true,"href":"https:\/\/www.europesays.com\/es\/wp-json\/wp\/v2\/comments?post=306613"}],"version-history":[{"count":0,"href":"https:\/\/www.europesays.com\/es\/wp-json\/wp\/v2\/posts\/306613\/revisions"}],"wp:featuredmedia":[{"embeddable":true,"href":"https:\/\/www.europesays.com\/es\/wp-json\/wp\/v2\/media\/306614"}],"wp:attachment":[{"href":"https:\/\/www.europesays.com\/es\/wp-json\/wp\/v2\/media?parent=306613"}],"wp:term":[{"taxonomy":"category","embeddable":true,"href":"https:\/\/www.europesays.com\/es\/wp-json\/wp\/v2\/categories?post=306613"},{"taxonomy":"post_tag","embeddable":true,"href":"https:\/\/www.europesays.com\/es\/wp-json\/wp\/v2\/tags?post=306613"}],"curies":[{"name":"wp","href":"https:\/\/api.w.org\/{rel}","templated":true}]}}