{"id":306615,"date":"2025-12-25T14:57:11","date_gmt":"2025-12-25T14:57:11","guid":{"rendered":"https:\/\/www.europesays.com\/es\/306615\/"},"modified":"2025-12-25T14:57:11","modified_gmt":"2025-12-25T14:57:11","slug":"saeta-la-marca-colombiana-que-vestira-a-la-sorprendente-haiti-en-el-mundial-2026","status":"publish","type":"post","link":"https:\/\/www.europesays.com\/es\/306615\/","title":{"rendered":"Saeta, la marca colombiana que vestir\u00e1 a la sorprendente Hait\u00ed en el Mundial 2026"},"content":{"rendered":"<p class=\"\">La clasificaci\u00f3n de la <a href=\"https:\/\/elpais.com\/america\/2025-11-20\/asi-sello-haiti-una-gesta-al-clasificarse-al-mundial-sin-pisar-un-pais-acorralado-por-la-violencia.html\" target=\"_self\" rel=\"nofollow noopener\" title=\"https:\/\/elpais.com\/america\/2025-11-20\/asi-sello-haiti-una-gesta-al-clasificarse-al-mundial-sin-pisar-un-pais-acorralado-por-la-violencia.html\">selecci\u00f3n de Hait\u00ed<\/a> al Mundial de F\u00fatbol 2026 en Norteam\u00e9rica tiene todos los ingredientes de una epopeya. Casi todos los jugadores que lograron esa haza\u00f1a han nacido de la <a href=\"https:\/\/elpais.com\/internacional\/2021-08-09\/el-exodo-silencioso-de-los-haitianos-en-america-latina.html\" target=\"_self\" rel=\"nofollow noopener\" title=\"https:\/\/elpais.com\/internacional\/2021-08-09\/el-exodo-silencioso-de-los-haitianos-en-america-latina.html\">di\u00e1spora<\/a>, el equipo juega sus partidos de local en <a href=\"https:\/\/elpais.com\/deportes\/futbol\/2025-11-19\/el-milagro-de-curazao-con-155000-habitantes-el-pais-de-menos-poblacion-y-extension-en-disputar-un-mundial.html\" rel=\"nofollow noopener\" title=\"https:\/\/elpais.com\/deportes\/futbol\/2025-11-19\/el-milagro-de-curazao-con-155000-habitantes-el-pais-de-menos-poblacion-y-extension-en-disputar-un-mundial.html\" target=\"_blank\">Curaz\u00e3o<\/a>, una peque\u00f1a isla a unos 800 kil\u00f3metros de Puerto Pr\u00edncipe, y su entrenador, el franc\u00e9s S\u00e9bastien Mign\u00e9, nunca ha pisado el pa\u00eds caribe\u00f1o. A falta de dos partidos, estaban pr\u00e1cticamente eliminados. En noviembre, cuando contra todo pron\u00f3stico vencieron 2-0 a Nicaragua en la \u00faltima jornada de las eliminatorias de la Concacaf para asegurar su boleto, en el pecho de la camiseta azul de les grenadiers aparec\u00eda el logo de Saeta, una recordada marca colombiana. Un detalle que no ha pasado inadvertido en el pa\u00eds sudamericano.<\/p>\n<p class=\"\">Despu\u00e9s de m\u00e1s de medio siglo de ausencia \u2013solo se hab\u00eda clasificado para Alemania 1974\u2013, el cupo en la Copa del Mundo de Estados Unidos, M\u00e9xico y Canad\u00e1 llega como un b\u00e1lsamo en medio de las dificultades de un pa\u00eds acorralado por la violencia. Las bandas y la inestabilidad pol\u00edtica azotan a Hait\u00ed, lastrado por una dictadura de 30 a\u00f1os, golpes de Estado, <a href=\"https:\/\/elpais.com\/internacional\/2021-07-07\/jovenel-moise-un-hombre-rodeado-de-enemigos.html\" rel=\"nofollow noopener\" target=\"_blank\">un magnicidio<\/a>, <a href=\"https:\/\/elpais.com\/especiales\/2021\/trageda-en-haiti\/\" rel=\"nofollow noopener\" target=\"_blank\">terremotos<\/a> devastadores o <a href=\"https:\/\/elpais.com\/america-futura\/2023-01-11\/el-brote-de-colera-en-haiti-ha-dejado-mas-de-450-muertos.html\" rel=\"nofollow noopener\" target=\"_blank\">brotes de c\u00f3lera<\/a>. El v\u00ednculo de Saeta con la naci\u00f3n caribe\u00f1a que comparte la isla de La Espa\u00f1ola con la Rep\u00fablica Dominicana tiene un antecedente con el se\u00edsmo de 2010, una enorme tragedia que mat\u00f3 a m\u00e1s de 200.000 personas. En ese entonces, la marca envi\u00f3 a trav\u00e9s de la Cruz Roja miles de camisetas, remanentes de clubes colombianos, a manera de donaci\u00f3n. <\/p>\n<p><img decoding=\"auto\" class=\"_re lazyload a_m-h\" height=\"276\"  width=\"414\"  src=\"https:\/\/www.europesays.com\/es\/wp-content\/uploads\/2025\/12\/ZXLGT6C345BKVD6EDRUXVHDLLY.jpg\" loading=\"lazy\"\/>Sorteo del Mundial de 2026, en Washington (Estados Unidos), el 5 de diciembre.Hector Vivas &#8211; FIFA (FIFA via Getty Images)<\/p>\n<p class=\"\">El patrocinio formal a las selecciones de f\u00fatbol de Hait\u00ed comenz\u00f3 en 2013. \u201cCuando empezamos a patrocinar el equipo lo hicimos porque sab\u00edamos que pasaba por una situaci\u00f3n dif\u00edcil\u201d, relata por tel\u00e9fono la gerente general de Saeta USA, Sandra Carrero. Recuerda que la marca ya visti\u00f3 a los juveniles en el Mundial Sub-17 de este a\u00f1o y a la selecci\u00f3n femenina en el de Australia 2023. La federaci\u00f3n haitiana no paga nada por esas dotaciones, ya que hacen parte de un contrato de patrocinio. \u201cSegu\u00edamos apostando, esperando que se diera este milagro. Y el milagro se dio\u201d, recuerda la ejecutiva. Si antes dif\u00edcilmente vend\u00edan las camisetas, ahora se agotan en instantes. \u201cEstamos muy felices, pues estamos representando tambi\u00e9n a Colombia con nuestra marca\u201d, valora. <\/p>\n<p class=\"\">Ahora, se enfocan en el nuevo modelo con el que se presentar\u00e1 Hait\u00ed en los estadios del Mundial 2026. Saeta ha explicado que trabaja en la recopilaci\u00f3n de ideas, referencias culturales y elementos identitarios que permitan crear una prenda aut\u00e9ntica y representativa del orgullo nacional: \u201cEl objetivo es construir una camiseta que refleje la historia, la energ\u00eda y la resiliencia del pueblo haitiano, pero con una est\u00e9tica contempor\u00e1nea y adecuada para la competencia internacional\u201d.<\/p>\n<p class=\"\">En medio de ese furor, la noticia se ha rese\u00f1ado con una alta dosis de nostalgia en Colombia. Antes de la llegada de gigantes globales como Nike o Adidas \u2013la marca que produce la camiseta de la selecci\u00f3n Colombia, <a href=\"https:\/\/elpais.com\/america-colombia\/2025-12-06\/videoanalisis-colombia-sale-bien-librada-con-su-grupo-en-el-mundial-2026.html\" target=\"_self\" rel=\"nofollow noopener\" title=\"https:\/\/elpais.com\/america-colombia\/2025-12-06\/videoanalisis-colombia-sale-bien-librada-con-su-grupo-en-el-mundial-2026.html\">tambi\u00e9n clasificada al Mundial<\/a>\u2013, los uniformes de varios de los equipos m\u00e1s tradicionales del f\u00fatbol profesional colombiano fueron confeccionados por Saeta, fundada en 1982 en Bogot\u00e1. Entre otros, los de Santa Fe y Millonarios, los dos clubes hist\u00f3ricos de la capital. Tambi\u00e9n visti\u00f3 en su d\u00eda al <a href=\"https:\/\/elpais.com\/deportes\/2020-03-03\/los-diablos-de-cali-abandonan-el-purgatorio.html\" target=\"_self\" rel=\"nofollow noopener\" title=\"https:\/\/elpais.com\/deportes\/2020-03-03\/los-diablos-de-cali-abandonan-el-purgatorio.html\">Am\u00e9rica de Cali<\/a>, Once Caldas o Deportivo Cali, e incluso a la selecci\u00f3n nacional de f\u00fatbol de sal\u00f3n y atletas ol\u00edmpicos y paral\u00edmpicos en distintas disciplinas. \u201cToda la gente que ha jugado f\u00fatbol en Colombia ha tenido en alg\u00fan momento de su vida un uniforme de Saeta\u201d, apunta Carrero.<\/p>\n<p><img decoding=\"auto\" class=\"_re lazyload a_m-h\" height=\"277\"  width=\"414\"  src=\"https:\/\/www.europesays.com\/es\/wp-content\/uploads\/2025\/12\/3PN2SOSOQFG6FM3VY5DWBE4ASI.jpg\" loading=\"lazy\"\/>Roberto Louima, de Hait\u00ed, celebra tras anotar un gol, en Guadalajara (M\u00e9xico), el 25 de marzo de 2021.Jam Media (Getty Images)<\/p>\n<p class=\"\">\u201cEs una marca bogotana muy querida, que ha estado muy vinculada al f\u00fatbol aficionado y profesional en la ciudad\u201d, refrenda el periodista Nicol\u00e1s Samper, coautor del libro El Bestiario del bal\u00f3n. \u201cPara que alguna vez nos sedujera un par de guayos [botines] Copa Mundo Adidas o unos Puma Azteca, debimos atravesar ese campo plagado de marcas nacionales como AS, Guayigol, Saeta y FSS, que tambi\u00e9n eran frecuentes en nuestros atuendos de futbolistas aficionados con \u00ednfulas de Lothar Matthaus o Diego Maradona. Esa construcci\u00f3n interna del futbol competitivo en tiempos de amateurismo propio tuvo a Saeta como impajaritable socio moral\u201d, rememora.<\/p>\n<p class=\"\">El Mundial del 2026, que se disputar\u00e1 del 11 de junio al 19 de julio, ser\u00e1 el primero con 48 selecciones. A la espera de los \u00faltimos repechajes intercontinentales, y de un pu\u00f1ado de cupos europeos, entre los 42 equipos ya clasificados 13 est\u00e1n con Adidas \u2013incluida Colombia\u2013, 11 con Nike y 10 con Puma. Pero Saeta ser\u00e1 la piel de Hait\u00ed, que cay\u00f3 en el dur\u00edsimo Grupo C, en el que se medir\u00e1 con Brasil, Marruecos y Escocia. La entra\u00f1able marca bogotana podr\u00e1 jactarse de contar con la m\u00e1s grande vitrina que se puede imaginar, subraya Samper. \u201cPensar que, en un intercambio de camisetas aparezcan Richarlison, Amrabat o McTominay llevando una camiseta Saeta colgada del hombro al finalizar un encuentro es un poco el triunfo de aquellos que, con alma amateur, ven que esa ropa que se pusieron est\u00e1 tambi\u00e9n en las grandes citas mundialistas\u201d, concluye.<\/p>\n","protected":false},"excerpt":{"rendered":"La clasificaci\u00f3n de la selecci\u00f3n de Hait\u00ed al Mundial de F\u00fatbol 2026 en Norteam\u00e9rica tiene todos los ingredientes&hellip;\n","protected":false},"author":2,"featured_media":306616,"comment_status":"","ping_status":"","sticky":false,"template":"","format":"standard","meta":{"footnotes":""},"categories":[93],"tags":[889,1803,168,25,24,282,24065,1804,32463,11754,23,167,72464],"class_list":{"0":"post-306615","1":"post","2":"type-post","3":"status-publish","4":"format-standard","5":"has-post-thumbnail","7":"category-deportes","8":"tag-america","9":"tag-colombia","10":"tag-deportes","11":"tag-es","12":"tag-espana","13":"tag-futbol","14":"tag-haiti","15":"tag-latinoamerica","16":"tag-mundial-2026","17":"tag-mundial-futbol","18":"tag-spain","19":"tag-sports","20":"tag-uniformes-deportivos"},"share_on_mastodon":{"url":"https:\/\/pubeurope.com\/@es\/115780796063233993","error":""},"_links":{"self":[{"href":"https:\/\/www.europesays.com\/es\/wp-json\/wp\/v2\/posts\/306615","targetHints":{"allow":["GET"]}}],"collection":[{"href":"https:\/\/www.europesays.com\/es\/wp-json\/wp\/v2\/posts"}],"about":[{"href":"https:\/\/www.europesays.com\/es\/wp-json\/wp\/v2\/types\/post"}],"author":[{"embeddable":true,"href":"https:\/\/www.europesays.com\/es\/wp-json\/wp\/v2\/users\/2"}],"replies":[{"embeddable":true,"href":"https:\/\/www.europesays.com\/es\/wp-json\/wp\/v2\/comments?post=306615"}],"version-history":[{"count":0,"href":"https:\/\/www.europesays.com\/es\/wp-json\/wp\/v2\/posts\/306615\/revisions"}],"wp:featuredmedia":[{"embeddable":true,"href":"https:\/\/www.europesays.com\/es\/wp-json\/wp\/v2\/media\/306616"}],"wp:attachment":[{"href":"https:\/\/www.europesays.com\/es\/wp-json\/wp\/v2\/media?parent=306615"}],"wp:term":[{"taxonomy":"category","embeddable":true,"href":"https:\/\/www.europesays.com\/es\/wp-json\/wp\/v2\/categories?post=306615"},{"taxonomy":"post_tag","embeddable":true,"href":"https:\/\/www.europesays.com\/es\/wp-json\/wp\/v2\/tags?post=306615"}],"curies":[{"name":"wp","href":"https:\/\/api.w.org\/{rel}","templated":true}]}}