{"id":306626,"date":"2025-12-25T15:03:42","date_gmt":"2025-12-25T15:03:42","guid":{"rendered":"https:\/\/www.europesays.com\/es\/306626\/"},"modified":"2025-12-25T15:03:42","modified_gmt":"2025-12-25T15:03:42","slug":"burriana-refuerza-y-moderniza-la-seguridad-ciudadana-con-la-incorporacion-de-cinco-vehiculos-policiales","status":"publish","type":"post","link":"https:\/\/www.europesays.com\/es\/306626\/","title":{"rendered":"Burriana refuerza y moderniza la seguridad ciudadana con la incorporaci\u00f3n de cinco veh\u00edculos policiales"},"content":{"rendered":"<ul class=\"wp-block-list\">\n<li>Los nuevos patrulleros cuentan con tecnolog\u00eda h\u00edbrida y equipamiento de \u00faltima generaci\u00f3n que mejoran la capacidad operativa, la atenci\u00f3n a pie de calle y la sostenibilidad del servicio municipal<\/li>\n<\/ul>\n<p><strong>Burriana.- (25-12-2025). <\/strong>El Ayuntamiento de Burriana ha presentado los cuatro nuevos veh\u00edculos h\u00edbridos Kia Sportage a la Polic\u00eda Local, que ya se encuentran operativos y forman parte del parque m\u00f3vil del cuerpo, reforzando as\u00ed los medios materiales destinados a la seguridad ciudadana.<\/p>\n<p>Se trata de cuatro patrulleros de tecnolog\u00eda h\u00edbrida y bajo nivel de emisiones, equipados con motor 1.6 con asistencia el\u00e9ctrica y una potencia de 230 caballos, lo que supone una mejora notable respecto a los veh\u00edculos anteriores en t\u00e9rminos de potencia, tama\u00f1o, habitabilidad y capacidad de intervenci\u00f3n. Los nuevos veh\u00edculos incorporan puente luminoso de \u00faltima generaci\u00f3n, sistema de megafon\u00eda con memoria para la grabaci\u00f3n de mensajes dirigidos a la poblaci\u00f3n y, en la parte trasera, un m\u00f3dulo de oficina m\u00f3vil que permite tramitar documentaci\u00f3n y realizar gestiones administrativas a pie de calle, mejorando la atenci\u00f3n directa a la ciudadan\u00eda.<\/p>\n<p>Adem\u00e1s, el consistorio de la capital de la Plana Baixa ha adquirido un quinto veh\u00edculo, un Kia Niro h\u00edbrido de 130 caballos, que se incorporar\u00e1 al servicio en los pr\u00f3ximos d\u00edas. Este veh\u00edculo estar\u00e1 dotado de iluminaci\u00f3n policial y kit homologado para el transporte de detenidos, ampliando las capacidades operativas del cuerpo.<\/p>\n<p>Cabe a\u00f1adir, que estas mejoras del parque m\u00f3vil se suman a\u00a0 la incorporaci\u00f3n el pasado verano de un nuevo furg\u00f3n policial, destinado a las labores de investigaci\u00f3n de accidentes de tr\u00e1fico y controles relacionados con la seguridad vial, dotando a la Polic\u00eda Local de medios especializados para este tipo de actuaciones.<\/p>\n<p>Esta adquisici\u00f3n se suma a otras numerosas iniciativas impulsadas por el Ayuntamiento en los \u00faltimos dos a\u00f1os para fortalecer la seguridad en Burriana. En este periodo, la plantilla de la Polic\u00eda Local se ha reforzado con m\u00e1s de 20 nuevos agentes, junto a la renovaci\u00f3n de veh\u00edculos y uniformes.<\/p>\n<p><a\/>Asimismo, se ha puesto en marcha el Grupo Operativo Canino (GOC), con la reciente adquisici\u00f3n de un veh\u00edculo espec\u00edfico para esta unidad, liderada por el agente Bolt, un pastor belga malinois de cuatro a\u00f1os, especializado en la detecci\u00f3n y localizaci\u00f3n de estupefacientes, que ya presta servicio en la ciudad.<\/p>\n<p><a\/>El alcalde de Burriana, Jorge Monferrer, ha se\u00f1alado que <strong>\u201cla entrega de estos nuevos veh\u00edculos es un ejemplo m\u00e1s de c\u00f3mo este equipo de gobierno trabaja cada d\u00eda por mejorar la seguridad en la ciudad, dotando a la Polic\u00eda Local de medios modernos, m\u00e1s potentes, m\u00e1s seguros y m\u00e1s sostenibles\u201d<\/strong>. Asimismo, ha a\u00f1adido que<strong> \u201cuna Polic\u00eda bien equipada debe estar dotada de las mejores herramientas para ofrecer un mejor servicio y una mayor cercan\u00eda a la ciudadan\u00eda\u201d.<\/strong><\/p>\n","protected":false},"excerpt":{"rendered":"Los nuevos patrulleros cuentan con tecnolog\u00eda h\u00edbrida y equipamiento de \u00faltima generaci\u00f3n que mejoran la capacidad operativa, la&hellip;\n","protected":false},"author":2,"featured_media":306627,"comment_status":"","ping_status":"","sticky":false,"template":"","format":"standard","meta":{"footnotes":""},"categories":[8],"tags":[17,18,25,24,13,14,11,19,20,9,10,15,16,23,12,21,22],"class_list":{"0":"post-306626","1":"post","2":"type-post","3":"status-publish","4":"format-standard","5":"has-post-thumbnail","7":"category-espana","8":"tag-breaking-news","9":"tag-breakingnews","10":"tag-es","11":"tag-espana","12":"tag-featured-news","13":"tag-featurednews","14":"tag-headlines","15":"tag-latest-news","16":"tag-latestnews","17":"tag-news","18":"tag-noticias","19":"tag-noticias-destacadas","20":"tag-noticiasdestacadas","21":"tag-spain","22":"tag-titulares","23":"tag-ultimas-noticias","24":"tag-ultimasnoticias"},"share_on_mastodon":{"url":"https:\/\/pubeurope.com\/@es\/115780819552832901","error":""},"_links":{"self":[{"href":"https:\/\/www.europesays.com\/es\/wp-json\/wp\/v2\/posts\/306626","targetHints":{"allow":["GET"]}}],"collection":[{"href":"https:\/\/www.europesays.com\/es\/wp-json\/wp\/v2\/posts"}],"about":[{"href":"https:\/\/www.europesays.com\/es\/wp-json\/wp\/v2\/types\/post"}],"author":[{"embeddable":true,"href":"https:\/\/www.europesays.com\/es\/wp-json\/wp\/v2\/users\/2"}],"replies":[{"embeddable":true,"href":"https:\/\/www.europesays.com\/es\/wp-json\/wp\/v2\/comments?post=306626"}],"version-history":[{"count":0,"href":"https:\/\/www.europesays.com\/es\/wp-json\/wp\/v2\/posts\/306626\/revisions"}],"wp:featuredmedia":[{"embeddable":true,"href":"https:\/\/www.europesays.com\/es\/wp-json\/wp\/v2\/media\/306627"}],"wp:attachment":[{"href":"https:\/\/www.europesays.com\/es\/wp-json\/wp\/v2\/media?parent=306626"}],"wp:term":[{"taxonomy":"category","embeddable":true,"href":"https:\/\/www.europesays.com\/es\/wp-json\/wp\/v2\/categories?post=306626"},{"taxonomy":"post_tag","embeddable":true,"href":"https:\/\/www.europesays.com\/es\/wp-json\/wp\/v2\/tags?post=306626"}],"curies":[{"name":"wp","href":"https:\/\/api.w.org\/{rel}","templated":true}]}}