{"id":306654,"date":"2025-12-25T15:27:09","date_gmt":"2025-12-25T15:27:09","guid":{"rendered":"https:\/\/www.europesays.com\/es\/306654\/"},"modified":"2025-12-25T15:27:09","modified_gmt":"2025-12-25T15:27:09","slug":"08-y-contacto-con-cuatro-personas-del-gobierno-entre-ellas-sanchez","status":"publish","type":"post","link":"https:\/\/www.europesays.com\/es\/306654\/","title":{"rendered":"08 y contact\u00f3 con cuatro personas del Gobierno, entre ellas S\u00e1nchez"},"content":{"rendered":"<p class=\"L6-news-detail__text\">Este mi\u00e9rcoles, en plena v\u00edspera de Navidad, conocimos que <b><a title=\"Alberto N\u00fa\u00f1ez Feij\u00f3o hizo llegar\" href=\"https:\/\/www.lasexta.com\/noticias\/nacional\/feijoo-envia-jueza-catarroja-whatsapps-que-mazon-envio-dia-dana_20251224694c1fa4ea66eb73531e234b.html\" target=\"_blank\" rel=\"nofollow noopener\">Alberto N\u00fa\u00f1ez Feij\u00f3o hizo llegar<\/a><\/b> al Juzgado de Instrucci\u00f3n n\u00famero 3 de Catarroja los &#8216;whatsapps&#8217; que le mand\u00f3 el ex president de la Generalitat Carlos Maz\u00f3n el 29 de octubre de 2024, d\u00eda de la DANA en la que 230 personas murieron en la Comunitat Valenciana.<\/p>\n<p class=\"L6-news-detail__text\">Estos mensajes arrojan un poco m\u00e1s de luz a lo ocurrido aquel tr\u00e1gico d\u00eda y <b><a title=\"desmontan las mentiras\" href=\"https:\/\/www.lasexta.com\/noticias\/nacional\/mensajes-mazon-feijoo-dia-dana-puto-desastre-ser-esto-presi_20251225694d03c322f0db7daffd8a72.html\" target=\"_blank\" rel=\"nofollow noopener\">desmontan las mentiras<\/a><\/b> que ha ido arrojando Maz\u00f3n a lo largo del \u00faltimo a\u00f1o. La primera es que Feij\u00f3o estuvo enterado en todo momento del dispositivo desplegado para gestionar la DANA, cuando en realidad su conversaci\u00f3n empieza ya pasadas las peores horas de la crisis. A las 19:59 horas llega el primer mensaje por parte de Feij\u00f3o a Maz\u00f3n, donde le env\u00eda su \u00absolidaridad\u00bb. El primer mensaje de Maz\u00f3n llega nueve minutos despu\u00e9s, a las 20:08 horas, cuando le traslada que la situaci\u00f3n \u00ab<b>se est\u00e1 jodiendo cada minuto<\/b>\u00ab.<\/p>\n<p class=\"L6-news-detail__text\">Durante la conversaci\u00f3n, pero mucho m\u00e1s adelante (a las 23:22 horas) Feij\u00f3o pregunta si desde el Gobierno se han puesto en contacto con \u00e9l, algo que Maz\u00f3n confirma. \u00abM\u00e1s o menos, s\u00ed. Pero <b>han montado un gabinete de crisis que no vale para nada. Bah<\/b>\u00ab. Acto seguido, desvela que ha hablado con <b>Pedro S\u00e1nchez, Mar\u00eda Jes\u00fas Montero, \u00ablos de Defensa e Interior\u00bb<\/b>, aludiendo a <b>Margarita Robles y Fernando Grande-Marlaska<\/b>. Esto contrasta con otra mentira del expresident, que el pasado mes de noviembre asegur\u00f3 que nadie hab\u00eda hablado con \u00e9l desde el Gobierno.<\/p>\n<p class=\"L6-news-detail__text\">\u00abSaben ustedes que llamadas no recib\u00ed. Ni la de Pedro S\u00e1nchez, ni la de nadie de Seguridad Nacional, ni de Adif, ni del ministro del Interior\u00bb, asegur\u00f3 ante los medios de comunicaci\u00f3n. Maz\u00f3n tambi\u00e9n dijo que \u00abnadie sab\u00eda que la gente se estaba ahogando hasta las 5 de la ma\u00f1ana del d\u00eda siguiente\u00bb, es decir, del 30 de octubre.<\/p>\n<p class=\"L6-news-detail__text\">No obstante, a Feij\u00f3o le dijo a las 23:25 horas que <b>ya estaban \u00abapareciendo muertos en Utiel\u00bb <\/b>y que iban \u00aba aparecer bastantes m\u00e1s\u00bb. \u00ab<b>Un puto desastre va a ser esto, presi<\/b>\u00ab, llega a asegurar Maz\u00f3n, antes de vaticinar que \u00ab<b>van a ser decenas (de muertos) seguro<\/b>\u00ab.<\/p>\n<p class=\"L6-news-detail__text\">Feij\u00f3o tambi\u00e9n asume que fue un error decir su famosa frase cuando visit\u00f3 Valencia el d\u00eda 31, cuando afirm\u00f3 que Maz\u00f3n le ven\u00eda \u00abinformando en tiempo real desde el pasado lunes\u00bb de su gesti\u00f3n. Ahora, el l\u00edder del PP <b>reconoce que no fue hasta el martes por la tarde<\/b> cuando realmente lo hizo.<\/p>\n<p class=\"L6-news-detail__text\"><b><a title=\"*Sigue a laSexta en Google. Toda la actualidad y el mejor contenido aqu\u00ed.\" href=\"https:\/\/profile.google.com\/cp\/CgkvbS8wZG5xejA\" target=\"_blank\" rel=\"nofollow noopener\">*Sigue a laSexta en Google. Toda la actualidad y el mejor contenido aqu\u00ed.<\/a><\/b><\/p>\n<p class=\"L6-support-news-video__title\">&#8216;Jugones&#8217;<\/p>\n<p>            <a href=\"https:\/\/www.lasexta.com\/noticias\/deportes\/otros-deportes\/decenas-nadadores-participan-tradicional-copa-nadal-agua-12-gritos-hace-frio_20251225694d4c9aea66eb73531eb3cf.html\" class=\"L6-news__link\" rel=\"nofollow noopener\" target=\"_blank\"><br \/>\n                Decenas de nadadores participan en la tradicional Copa Nadal: agua a 12\u00ba y gritos de \u00ab\u00a1no hace fr\u00edo!\u00bb<\/p>\n<p class=\"recirculation-video-desc\">Es tradici\u00f3n en la d\u00eda de Navidad la Copa Nadal en el puerto de Barcelona, que re\u00fane a decenas de nadadores.<\/p>\n<p>            <\/a><\/p>\n","protected":false},"excerpt":{"rendered":"Este mi\u00e9rcoles, en plena v\u00edspera de Navidad, conocimos que Alberto N\u00fa\u00f1ez Feij\u00f3o hizo llegar al Juzgado de Instrucci\u00f3n&hellip;\n","protected":false},"author":2,"featured_media":306655,"comment_status":"","ping_status":"","sticky":false,"template":"","format":"standard","meta":{"footnotes":""},"categories":[8],"tags":[17,18,25,24,13,14,11,19,20,9,10,15,16,23,12,21,22],"class_list":{"0":"post-306654","1":"post","2":"type-post","3":"status-publish","4":"format-standard","5":"has-post-thumbnail","7":"category-espana","8":"tag-breaking-news","9":"tag-breakingnews","10":"tag-es","11":"tag-espana","12":"tag-featured-news","13":"tag-featurednews","14":"tag-headlines","15":"tag-latest-news","16":"tag-latestnews","17":"tag-news","18":"tag-noticias","19":"tag-noticias-destacadas","20":"tag-noticiasdestacadas","21":"tag-spain","22":"tag-titulares","23":"tag-ultimas-noticias","24":"tag-ultimasnoticias"},"share_on_mastodon":{"url":"https:\/\/pubeurope.com\/@es\/115780914141722299","error":""},"_links":{"self":[{"href":"https:\/\/www.europesays.com\/es\/wp-json\/wp\/v2\/posts\/306654","targetHints":{"allow":["GET"]}}],"collection":[{"href":"https:\/\/www.europesays.com\/es\/wp-json\/wp\/v2\/posts"}],"about":[{"href":"https:\/\/www.europesays.com\/es\/wp-json\/wp\/v2\/types\/post"}],"author":[{"embeddable":true,"href":"https:\/\/www.europesays.com\/es\/wp-json\/wp\/v2\/users\/2"}],"replies":[{"embeddable":true,"href":"https:\/\/www.europesays.com\/es\/wp-json\/wp\/v2\/comments?post=306654"}],"version-history":[{"count":0,"href":"https:\/\/www.europesays.com\/es\/wp-json\/wp\/v2\/posts\/306654\/revisions"}],"wp:featuredmedia":[{"embeddable":true,"href":"https:\/\/www.europesays.com\/es\/wp-json\/wp\/v2\/media\/306655"}],"wp:attachment":[{"href":"https:\/\/www.europesays.com\/es\/wp-json\/wp\/v2\/media?parent=306654"}],"wp:term":[{"taxonomy":"category","embeddable":true,"href":"https:\/\/www.europesays.com\/es\/wp-json\/wp\/v2\/categories?post=306654"},{"taxonomy":"post_tag","embeddable":true,"href":"https:\/\/www.europesays.com\/es\/wp-json\/wp\/v2\/tags?post=306654"}],"curies":[{"name":"wp","href":"https:\/\/api.w.org\/{rel}","templated":true}]}}