{"id":306656,"date":"2025-12-25T15:28:07","date_gmt":"2025-12-25T15:28:07","guid":{"rendered":"https:\/\/www.europesays.com\/es\/306656\/"},"modified":"2025-12-25T15:28:07","modified_gmt":"2025-12-25T15:28:07","slug":"movilidad-en-bogota-y-soacha-habilitan-paralela-en-autopista-sur-2025","status":"publish","type":"post","link":"https:\/\/www.europesays.com\/es\/306656\/","title":{"rendered":"Movilidad en Bogot\u00e1 y Soacha habilitan paralela en autopista Sur 2025"},"content":{"rendered":"<p>\u00a1En\u00a0<a href=\"https:\/\/bogota.gov.co\/tag\/bogota-mi-ciudad-mi-casa\" target=\"_blank\" rel=\"nofollow noopener\">\u2018Bogot\u00e1, mi Ciudad, mi Casa\u2019<\/a>\u00a0trabajamos en medidas de control, acompa\u00f1amiento y acciones en seguridad vial! <strong>Desde este mi\u00e9rcoles 24 al mi\u00e9rcoles 31 de diciembre se espera la salida de alrededor de 580 mil veh\u00edculos de <a href=\"https:\/\/bogota.gov.co\/\" style=\"color:blue; text-decoration:underline\" rel=\"nofollow noopener\" target=\"_blank\">Bogot\u00e1<\/a>\u00a0y de Cundinamarca y cerca del 30 % de estos automotores, tomar\u00e1n la autopista Sur, una v\u00eda que, por las obras de las fases 2 y 3 de\u00a0<a href=\"https:\/\/www.transmilenio.gov.co\/\" style=\"color:blue; text-decoration:underline\" rel=\"nofollow noopener\" target=\"_blank\">TransMilenio<\/a>\u00a0a Soacha, pasa de tres a dos carriles. Por ello, en el municipio de\u00a0Soacha fue habilitada una paralera o tercer carril para facilitar la salida de viajeros hasta el 31 de diciembre de 2025.<\/strong><\/p>\n<p dir=\"ltr\"><strong>Te puede interesar:\u00a0<\/strong><a href=\"https:\/\/bogota.gov.co\/mi-ciudad\/movilidad\/plan-exodo-de-navidad-2025-bogota-refuerza-medidas-y-controles\" rel=\"nofollow noopener\" target=\"_blank\">Bogot\u00e1 refuerza medidas y acciones con Plan \u00c9xodo para la salida de veh\u00edculos en Navidad<\/a><\/p>\n<p dir=\"ltr\">Sin embargo, para esta operaci\u00f3n \u00e9xodo se habilit\u00f3 un carril adicional, con una v\u00eda de desv\u00edo a la altura de la calle 18 con autopista Sur en el vecino municipio de Soacha, para facilitar la salida de viajeros desde\u00a0<a href=\"https:\/\/bogota.gov.co\/\" style=\"color:blue; text-decoration:underline\" rel=\"nofollow noopener\" target=\"_blank\">Bogot\u00e1<\/a>\u00a0y de municipios de la Sabana.<\/p>\n<blockquote>\n<p dir=\"ltr\">\u00abEste plan de manejo de tr\u00e1fico traer\u00e1 represamientos; por eso sugerimos tomar v\u00edas alternas que conecten la v\u00eda Mondo\u00f1edo, Canoas, Chusaca, que evita tomar el casco urbano de Soacha y conectar de manera directa a la concesi\u00f3n v\u00eda del Sumapaz. Evite no viajar en horas pico, respetar las se\u00f1ales de tr\u00e1nsito, reducir la velocidad y acatar las se\u00f1ales de tr\u00e1nsito\u00bb, expres\u00f3 el gobernador de Cundinamarca Jorge Emilio Rey.<\/p>\n<\/blockquote>\n<p dir=\"ltr\">La Gobernaci\u00f3n de Cundinamarca recomienda a conductores que para salir por la autopista Sur, es mejor evitar viajar en horas pico, respetar las se\u00f1ales de tr\u00e1nsito, reducir la velocidad y acatar las se\u00f1ales de tr\u00e1nsito.<\/p>\n<p>Las autoridades definieron cinco estrategias para garantizar el flujo vehicular por la autopista Sur. Se contar\u00e1 con la presencia de la\u00a0<strong>Direcci\u00f3n Nacional de Polic\u00eda de Tr\u00e1nsito<\/strong>\u00a0y agentes de movilidad de Soacha y\u00a0<strong><a href=\"https:\/\/bogota.gov.co\/\" style=\"color:blue; text-decoration:underline\" rel=\"nofollow noopener\" target=\"_blank\">Bogot\u00e1<\/a>\u00a0\u00a0<\/strong>adem\u00e1s del acompa\u00f1amiento de los GPS de la Gobernaci\u00f3n. Tambi\u00e9n se implementar\u00e1 un monitoreo en tiempo real con\u00a0<strong>drones<\/strong>\u00a0para identificar puntos de mayor afluencia y atenderlos de manera prioritaria.<\/p>\n<p>Otra medida ser\u00e1 la coordinaci\u00f3n semaf\u00f3rica con\u00a0<strong><a href=\"https:\/\/bogota.gov.co\/\" style=\"color:blue; text-decoration:underline\" rel=\"nofollow noopener\" target=\"_blank\">Bogot\u00e1<\/a><\/strong>, aplicando regulaciones de\u00a0<strong>dos por uno<\/strong>\u00a0o\u00a0<strong>tres por uno<\/strong>\u00a0seg\u00fan el flujo vehicular. En puntos espec\u00edficos como\u00a0<strong>Unisur<\/strong>\u00a0y el denominado \u201cTerminalito\u201d se controlar\u00e1 el ascenso y descenso de pasajeros. Finalmente, se mantendr\u00e1 la restricci\u00f3n de circulaci\u00f3n para veh\u00edculos de carga superiores a\u00a0<strong>3,4 toneladas<\/strong>\u00a0en d\u00edas de mayor congesti\u00f3n.<\/p>\n<p>Fechas clave del plan \u00e9xodo y salida de viajeros en Bogot\u00e1 por la autopista Sur<\/p>\n<p>El plan contempla tres jornadas de control especial este m\u00ed\u00e9rcoles 24, viernes 26 y mi\u00e9rcoles 31 de diciembre de 2025. Estas fechas corresponden a los d\u00edas de mayor volumen de viajeros y en ellas se reforzar\u00e1 la presencia de autoridades para mitigar los efectos de la reducci\u00f3n de carriles por las obras en curso.<\/p>\n<p><strong>No te vayas sin conocer:\u00a0<\/strong><a href=\"https:\/\/bogota.gov.co\/mi-ciudad\/gestion-publica\/tarjeta-tullave-se-puede-recargar-en-linea-traves-del-portal-bogota\" rel=\"nofollow noopener\" target=\"_blank\">\u00a1Toma nota! Tarjeta TuLlave ahora se puede recargar en l\u00ednea a trav\u00e9s del Portal Bogot\u00e1<\/a><\/p>\n<p>Corredores alternos recomendados para salir de Bogot\u00e1 y Soacha<\/p>\n<p>Las autoridades recomendaron a los conductores utilizar v\u00edas alternas como la\u00a0<strong>calle 13<\/strong>\u00a0y la\u00a0<strong>calle 80<\/strong>, que conectan con Mondo\u00f1edo y la concesi\u00f3n de\u00a0<strong>BISAP<\/strong>, para luego ingresar a Canoas y enlazar con Chuzac\u00e1. El objetivo es distribuir el flujo vehicular y evitar represamientos en la Autopista Sur, que tendr\u00e1 una alta demanda durante las festividades.<\/p>\n","protected":false},"excerpt":{"rendered":"\u00a1En\u00a0\u2018Bogot\u00e1, mi Ciudad, mi Casa\u2019\u00a0trabajamos en medidas de control, acompa\u00f1amiento y acciones en seguridad vial! Desde este mi\u00e9rcoles&hellip;\n","protected":false},"author":2,"featured_media":306657,"comment_status":"","ping_status":"","sticky":false,"template":"","format":"standard","meta":{"footnotes":""},"categories":[5],"tags":[17,18,25,24,13,14,11,19,20,9,10,15,16,23,12,21,22],"class_list":{"0":"post-306656","1":"post","2":"type-post","3":"status-publish","4":"format-standard","5":"has-post-thumbnail","7":"category-titulares","8":"tag-breaking-news","9":"tag-breakingnews","10":"tag-es","11":"tag-espana","12":"tag-featured-news","13":"tag-featurednews","14":"tag-headlines","15":"tag-latest-news","16":"tag-latestnews","17":"tag-news","18":"tag-noticias","19":"tag-noticias-destacadas","20":"tag-noticiasdestacadas","21":"tag-spain","22":"tag-titulares","23":"tag-ultimas-noticias","24":"tag-ultimasnoticias"},"share_on_mastodon":{"url":"https:\/\/pubeurope.com\/@es\/115780917899134501","error":""},"_links":{"self":[{"href":"https:\/\/www.europesays.com\/es\/wp-json\/wp\/v2\/posts\/306656","targetHints":{"allow":["GET"]}}],"collection":[{"href":"https:\/\/www.europesays.com\/es\/wp-json\/wp\/v2\/posts"}],"about":[{"href":"https:\/\/www.europesays.com\/es\/wp-json\/wp\/v2\/types\/post"}],"author":[{"embeddable":true,"href":"https:\/\/www.europesays.com\/es\/wp-json\/wp\/v2\/users\/2"}],"replies":[{"embeddable":true,"href":"https:\/\/www.europesays.com\/es\/wp-json\/wp\/v2\/comments?post=306656"}],"version-history":[{"count":0,"href":"https:\/\/www.europesays.com\/es\/wp-json\/wp\/v2\/posts\/306656\/revisions"}],"wp:featuredmedia":[{"embeddable":true,"href":"https:\/\/www.europesays.com\/es\/wp-json\/wp\/v2\/media\/306657"}],"wp:attachment":[{"href":"https:\/\/www.europesays.com\/es\/wp-json\/wp\/v2\/media?parent=306656"}],"wp:term":[{"taxonomy":"category","embeddable":true,"href":"https:\/\/www.europesays.com\/es\/wp-json\/wp\/v2\/categories?post=306656"},{"taxonomy":"post_tag","embeddable":true,"href":"https:\/\/www.europesays.com\/es\/wp-json\/wp\/v2\/tags?post=306656"}],"curies":[{"name":"wp","href":"https:\/\/api.w.org\/{rel}","templated":true}]}}