{"id":306662,"date":"2025-12-25T15:37:10","date_gmt":"2025-12-25T15:37:10","guid":{"rendered":"https:\/\/www.europesays.com\/es\/306662\/"},"modified":"2025-12-25T15:37:10","modified_gmt":"2025-12-25T15:37:10","slug":"chimy-avila-ofrecido-al-getafe","status":"publish","type":"post","link":"https:\/\/www.europesays.com\/es\/306662\/","title":{"rendered":"Chimy \u00c1vila, ofrecido al Getafe"},"content":{"rendered":"<p style=\"\"><strong>Chimy \u00c1vila<\/strong> ser\u00e1 uno de los futbolistas que est\u00e9n en la rampa de salida del <strong>Betis<\/strong> durante el mes de enero. El atacante argentino ha participado en<strong> 14 encuentros<\/strong> durante esta temporada entre todas las competiciones y puede abandonar el club  &#8230; para que la direcci\u00f3n deportiva comandada por <strong>Manu Fajardo<\/strong> tenga m\u00e1s espacio para tambi\u00e9n poder reforzar la plantilla de <strong>Manuel Pellegrini<\/strong>. <\/p>\n<p class=\"voc-p\" style=\"\">As\u00ed, con el futbolista de <strong>31 a\u00f1os<\/strong> como posible salida, con el futbolista tambi\u00e9n siendo consciente de que fuera del Betis tendr\u00eda m\u00e1s minutos seguramente, y con el Getafe a la caza de un delantero, todos los caminos podr\u00edan confluir. <\/p>\n<p class=\"voc-p\" style=\"\">Tanto es as\u00ed, que el jugador ha sido, seg\u00fan informa el Diario AS, <strong>ofrecido al Getafe<\/strong> para el mercado invernal. La f\u00f3rmula a trav\u00e9s de la cual se gestionar\u00eda la operaci\u00f3n ser\u00eda a trav\u00e9s de <strong>una cesi\u00f3n<\/strong>. <\/p>\n<p class=\"voc-p\" style=\"\">Chimy \u00c1vila lleg\u00f3 en el mercado invernal de enero de 2024 al Betis procedente de Osasuna. El cuadro verdiblanco invirti\u00f3<strong> cuatro millones de euros<\/strong>, una cifra que se ha ido elevando por las variables incluidas en el acuerdo. Firm\u00f3 <strong>hasta junio de 2027<\/strong>, por lo que tiene todav\u00eda un a\u00f1o y medio de contrato por delante. Desde su lllegada <strong>ha jugado<\/strong><strong>52 partidos con el club y ha anotado cinco tantos<\/strong>. El Betis ya trabaj\u00f3 en la salida del futbolista durante el \u00faltimo mercado veraniego, pero finalmente el jugador permaneci\u00f3 en la plantilla de Pellegrini. <\/p>\n","protected":false},"excerpt":{"rendered":"Chimy \u00c1vila ser\u00e1 uno de los futbolistas que est\u00e9n en la rampa de salida del Betis durante el&hellip;\n","protected":false},"author":2,"featured_media":306663,"comment_status":"","ping_status":"","sticky":false,"template":"","format":"standard","meta":{"footnotes":""},"categories":[268],"tags":[7607,37682,168,25,24,280,282,13723,72468,281,23,167],"class_list":{"0":"post-306662","1":"post","2":"type-post","3":"status-publish","4":"format-standard","5":"has-post-thumbnail","7":"category-futbol","8":"tag-avila","9":"tag-chimy","10":"tag-deportes","11":"tag-es","12":"tag-espana","13":"tag-football","14":"tag-futbol","15":"tag-getafe","16":"tag-ofrecido","17":"tag-soccer","18":"tag-spain","19":"tag-sports"},"share_on_mastodon":{"url":"https:\/\/pubeurope.com\/@es\/115780953544588697","error":""},"_links":{"self":[{"href":"https:\/\/www.europesays.com\/es\/wp-json\/wp\/v2\/posts\/306662","targetHints":{"allow":["GET"]}}],"collection":[{"href":"https:\/\/www.europesays.com\/es\/wp-json\/wp\/v2\/posts"}],"about":[{"href":"https:\/\/www.europesays.com\/es\/wp-json\/wp\/v2\/types\/post"}],"author":[{"embeddable":true,"href":"https:\/\/www.europesays.com\/es\/wp-json\/wp\/v2\/users\/2"}],"replies":[{"embeddable":true,"href":"https:\/\/www.europesays.com\/es\/wp-json\/wp\/v2\/comments?post=306662"}],"version-history":[{"count":0,"href":"https:\/\/www.europesays.com\/es\/wp-json\/wp\/v2\/posts\/306662\/revisions"}],"wp:featuredmedia":[{"embeddable":true,"href":"https:\/\/www.europesays.com\/es\/wp-json\/wp\/v2\/media\/306663"}],"wp:attachment":[{"href":"https:\/\/www.europesays.com\/es\/wp-json\/wp\/v2\/media?parent=306662"}],"wp:term":[{"taxonomy":"category","embeddable":true,"href":"https:\/\/www.europesays.com\/es\/wp-json\/wp\/v2\/categories?post=306662"},{"taxonomy":"post_tag","embeddable":true,"href":"https:\/\/www.europesays.com\/es\/wp-json\/wp\/v2\/tags?post=306662"}],"curies":[{"name":"wp","href":"https:\/\/api.w.org\/{rel}","templated":true}]}}