{"id":306691,"date":"2025-12-25T15:57:21","date_gmt":"2025-12-25T15:57:21","guid":{"rendered":"https:\/\/www.europesays.com\/es\/306691\/"},"modified":"2025-12-25T15:57:21","modified_gmt":"2025-12-25T15:57:21","slug":"el-club-de-ganadores-de-5-tours-es-la-excelencia-entre-los-ciclistas","status":"publish","type":"post","link":"https:\/\/www.europesays.com\/es\/306691\/","title":{"rendered":"El club de ganadores de 5 Tours es la excelencia entre los ciclistas\u00a0"},"content":{"rendered":"<p><img fetchpriority=\"high\" decoding=\"async\" class=\"aligncenter size-full wp-image-67398\" src=\"data:image\/svg+xml,%3Csvg%20xmlns=\" http:=\"\" alt=\"\" width=\"1025\" height=\"400\" data-lazy- data-lazy- data-lazy-src=\"https:\/\/www.europesays.com\/es\/wp-content\/uploads\/2025\/11\/anunci-generic-bla-1-1024x120-px-v3-02.jpg\"\/><\/p>\n<p>El club de ganadores de 5 Tours es la excelencia entre los ciclistas<\/p>\n<p>Hay ma\u00f1anas de Navidad, sin ciclistas pululando por el intenso fr\u00edo, en las que el mundo parece haberse detenido bajo una capa de escarcha silenciosa.<\/p>\n<p>Son d\u00edas de calles vac\u00edas, de un aire que corta la cara y de esa extra\u00f1a soledad del ciclista que, mientras otros desenvuelven paquetes, decide que su mejor regalo es el roce de la cadena y el vaho saliendo de la boca.<\/p>\n<p><a class=\"wppaslink\" href=\"https:\/\/joanseguidor.com\/pas\/ccmm-valenciana\/44016\/0\" target=\"_blank\" rel=\"nofollow noopener\"><img decoding=\"async\" src=\"data:image\/svg+xml,%3Csvg%20xmlns=\" http:=\"\" alt=\"CCMM Valenciana\" border=\"0\" data-lazy-src=\"https:\/\/www.europesays.com\/es\/wp-content\/uploads\/2025\/12\/1766678241_247_aralleida-hivern-970x250-crea2-es.jpg\"\/><\/a><\/p>\n<p>En ese silencio, si uno presta atenci\u00f3n, parece que el asfalto devuelve el eco de los que lo hicieron sagrado.<\/p>\n<p><strong>Navidad no es solo una fecha; es memoria.<\/strong><\/p>\n<p>Y en el ciclismo, la memoria tiene nombres que pesan como el acero de sus cuadros. Imaginen, por un momento, que en la grupeta de esta ma\u00f1ana nos aguardan ellos.<\/p>\n<p>Sin aspavientos, sin el brillo del carbono moderno, solo con la elegancia de quien no necesita demostrar nada porque ya lo gan\u00f3 todo.<\/p>\n<p><strong>Ah\u00ed estar\u00eda Jacques Anquetil, impecable incluso bajo el fr\u00edo<\/strong>, con el pelo perfectamente peinado bajo la gorra de algod\u00f3n, record\u00e1ndonos que la clase es un deber, incluso cuando el term\u00f3metro roza el cero.<\/p>\n<p><strong> A su lado, Eddy Merckx, el Can\u00edbal, que no entender\u00eda de treguas navide\u00f1as<\/strong>; para \u00e9l, cada rampa es un desaf\u00edo y cada salida, una oportunidad de devorar kil\u00f3metros, contagi\u00e1ndonos esa ambici\u00f3n insaciable que hoy parece diluirse en vatios y potenci\u00f3metros.<\/p>\n<p>Un poco m\u00e1s atr\u00e1s, <strong>con la mirada perdida en el horizonte, Bernard Hinault<\/strong>.<\/p>\n<p>El \u2018Tej\u00f3n\u2019 no pedir\u00eda permiso al invierno. Lo mirar\u00edamos a los ojos y ver\u00edamos aquella Lieja del 80, bajo la nieve, record\u00e1ndonos que el ciclismo es, ante todo, una cuesti\u00f3n de orgullo y resistencia ante la adversidad.<\/p>\n<p>Y cerrando el grupo, con esa paz que solo tienen los elegidos, Miguel Indur\u00e1in, a quien no le molaba nada el fr\u00edo.<\/p>\n<p>Su figura, inmensa y tranquila, nos dar\u00eda el relevo necesario cuando las piernas empezaran a flaquear, transmitiendo esa serenidad navarra que convirti\u00f3 la agon\u00eda en una forma de arte.<\/p>\n<p>Hoy el regalo no est\u00e1 bajo el \u00e1rbol, sino en la herencia que estos gigantes nos dejaron. Es el privilegio de pedalear por las mismas carreteras que ellos dignificaron. En este d\u00eda tan especial, el ciclismo cl\u00e1sico nos ofrece el mejor de los obsequios: la certeza de que, aunque pasen los a\u00f1os, la \u00e9pica, el respeto y la elegancia de un buen pedalear son eternos.<\/p>\n<p>\u00bfSe sentar\u00e1 Tadej Poga\u010dar en la misma mesa que Anquetil, Merckx, Hinault e Indur\u00e1in?<\/p>\n<p>El esloveno no solo pedalea contra sus rivales, sino contra la historia.<\/p>\n<p>Posee la voracidad de Merckx y la clarividencia de los elegidos, pero <strong>el \u201cClub de los Cinco\u201d es un olimpo con una cerradura compleja que no entiende de favoritismos<\/strong>. No se trata solo de fuerza, sino de esa alineaci\u00f3n astral de salud, equipo y fortuna que los cuatro grandes dominaron con pu\u00f1o de hierro.<\/p>\n<p>La respuesta empezar\u00e1 a dibujarse en apenas medio a\u00f1o.<\/p>\n<p>El Tour de Francia 2026 \u2014con la salida desde el coraz\u00f3n de Barcelona\u2014 ser\u00e1 el escenario donde Poga\u010dar busque sellar su pasaporte hacia la eternidad.<\/p>\n<p>Ver el maillot amarillo recortarse contra la silueta de la Ciudad Condal ser\u00e1 el primer paso para saber si estamos ante el quinto jinete de un apocalipsis que solo unos pocos elegidos han logrado completar.<\/p>\n<p>El camino a la gloria eterna pasa por nuestras calles. Estaremos all\u00ed para contarlo.<\/p>\n<p data-start=\"1758\" data-end=\"2060\">Imagen:\u00a0a.s.o.\/charly lopez<\/p>\n","protected":false},"excerpt":{"rendered":"El club de ganadores de 5 Tours es la excelencia entre los ciclistas Hay ma\u00f1anas de Navidad, sin&hellip;\n","protected":false},"author":2,"featured_media":306692,"comment_status":"","ping_status":"","sticky":false,"template":"","format":"standard","meta":{"footnotes":""},"categories":[273],"tags":[313,2838,312,168,25,24,2548,23,167],"class_list":{"0":"post-306691","1":"post","2":"type-post","3":"status-publish","4":"format-standard","5":"has-post-thumbnail","7":"category-ciclismo","8":"tag-ciclismo","9":"tag-ciclistas","10":"tag-cycling","11":"tag-deportes","12":"tag-es","13":"tag-espana","14":"tag-featured","15":"tag-spain","16":"tag-sports"},"share_on_mastodon":{"url":"https:\/\/pubeurope.com\/@es\/115781031891383058","error":""},"_links":{"self":[{"href":"https:\/\/www.europesays.com\/es\/wp-json\/wp\/v2\/posts\/306691","targetHints":{"allow":["GET"]}}],"collection":[{"href":"https:\/\/www.europesays.com\/es\/wp-json\/wp\/v2\/posts"}],"about":[{"href":"https:\/\/www.europesays.com\/es\/wp-json\/wp\/v2\/types\/post"}],"author":[{"embeddable":true,"href":"https:\/\/www.europesays.com\/es\/wp-json\/wp\/v2\/users\/2"}],"replies":[{"embeddable":true,"href":"https:\/\/www.europesays.com\/es\/wp-json\/wp\/v2\/comments?post=306691"}],"version-history":[{"count":0,"href":"https:\/\/www.europesays.com\/es\/wp-json\/wp\/v2\/posts\/306691\/revisions"}],"wp:featuredmedia":[{"embeddable":true,"href":"https:\/\/www.europesays.com\/es\/wp-json\/wp\/v2\/media\/306692"}],"wp:attachment":[{"href":"https:\/\/www.europesays.com\/es\/wp-json\/wp\/v2\/media?parent=306691"}],"wp:term":[{"taxonomy":"category","embeddable":true,"href":"https:\/\/www.europesays.com\/es\/wp-json\/wp\/v2\/categories?post=306691"},{"taxonomy":"post_tag","embeddable":true,"href":"https:\/\/www.europesays.com\/es\/wp-json\/wp\/v2\/tags?post=306691"}],"curies":[{"name":"wp","href":"https:\/\/api.w.org\/{rel}","templated":true}]}}