{"id":306796,"date":"2025-12-25T17:26:11","date_gmt":"2025-12-25T17:26:11","guid":{"rendered":"https:\/\/www.europesays.com\/es\/306796\/"},"modified":"2025-12-25T17:26:11","modified_gmt":"2025-12-25T17:26:11","slug":"montero-tiene-elaborados-los-presupuestos-y-trabaja-con-los-grupos-parlamentarios","status":"publish","type":"post","link":"https:\/\/www.europesays.com\/es\/306796\/","title":{"rendered":"Montero tiene \u00abelaborados\u00bb los presupuestos y trabaja con los grupos parlamentarios"},"content":{"rendered":"<p>La vicepresidenta primera del Gobierno, Mar\u00eda Jes\u00fas Montero, ha asegurado que ya tiene \u00abelaborados\u00bb los pr\u00f3ximos presupuestos generales del Estado y que <strong>est\u00e1 \u00abtrabajando\u00bb con los grupos parlamentarios para poder presentarlos<\/strong>. <\/p>\n<p>\u00abEstoy discutiendo con los diferentes grupos pol\u00edticos, y nuestra idea es presentar las cuentas p\u00fablicas lo antes posible, a lo largo del primer trimestre del pr\u00f3ximo a\u00f1o\u00bb, ha avanzado en una entrevista emitida este jueves por la Cadena SER en Andaluc\u00eda.<\/p>\n<p>Respecto al nuevo modelo de <strong>financiaci\u00f3n auton\u00f3mica<\/strong>, ha asegurado que se necesita uno que aporte <strong>m\u00e1s recursos al conjunto de las comunidades<\/strong>, especialmente a aquellas que han estado infrafinanciadas durante el periodo anterior: \u00abUn modelo que tengo muy avanzado y que espero que el Partido Popular pueda apoyar\u00bb, ha sostenido.<\/p>\n<p>Rechaza la abstenci\u00f3n en Extremadura<\/p>\n<p>Asimismo, la ministra ha dicho, ante la posibilidad de una hipot\u00e9tica abstenci\u00f3n del PSOE para facilitar la investidura de Mar\u00eda Guardiola como presidenta de Extremadura sin depender de Vox, que el proyecto del PP es \u00abantag\u00f3nico\u00bb al de los socialistas.<\/p>\n<p>A ra\u00edz del debate que ha planteado el expresidente de esta comunidad Juan Carlos <strong>Rodr\u00edguez Ibarra, favorable a esa abstenci\u00f3n <\/strong>para permitir que Guardiola sea investida tras las elecciones del pasado domingo, la tambi\u00e9n ministra de Hacienda ha aclarado que la <strong>\u00faltima palabra para establecer alianzas la tienen los militantes<\/strong>.<\/p>\n<p>\u00abPero es obvio que el proyecto del Partido Popular y el del Partido Socialista son antag\u00f3nicos. Las pol\u00edticas que practica el PP no tienen el consenso ni el aval del PSOE\u00bb.<\/p>\n<p>La dirigente socialista ha asegurado igualmente que la sociedad en general no est\u00e1 entendiendo al Partido Popular en su pol\u00edtica de alianza con su \u00fanico socio posible, que es \u00abla ultraderecha\u00bb.<\/p>\n<p>\u00abCuando no tiene presupuesto, ha hecho una convocatoria electoral que, al final, se ha saldado con que ni tiene investidura ni tiene presupuesto. Parece que Vox va a redoblar la apuesta inicial porque Guardiola ha hecho un mal c\u00e1lculo\u00bb, ha indicado Montero, quien a su vez ha reconocido el muy mal resultado de su partido, tanto por la imputaci\u00f3n de su candidato como por la abstenci\u00f3n de la izquierda.<\/p>\n<p>Casos de acoso en el PSOE<\/p>\n<p>Por otra parte, respecto a los casos de acoso que han salpicado a miembros del PSOE, ha recordado que el machismo es \u00abestructural y transversal\u00bb a todas las organizaciones.<\/p>\n<p>Ella est\u00e1 \u00abmuy orgullosa\u00bb de su partido por actuar \u00abcon contundencia\u00bb y haber sido el primero que ha dado \u00abpasos de gigante\u00bb en la lucha por la igualdad, al mostrarse en contra de la prostituci\u00f3n y por poner en marcha un canal de denuncia de machismo o acoso.<\/p>\n<p>Preguntada sobre la causa judicial al expresidente de la SEPI Vicente Fern\u00e1ndez, ha explicado que los hechos investigados ocurrieron dos a\u00f1os despu\u00e9s de que abandonara esa sociedad p\u00fablica: \u00abDurante el periodo que estuvo trabajando en una estructura del Gobierno no se est\u00e1 investigando ning\u00fan hecho delictivo\u00bb, ha aclarado.<\/p>\n","protected":false},"excerpt":{"rendered":"La vicepresidenta primera del Gobierno, Mar\u00eda Jes\u00fas Montero, ha asegurado que ya tiene \u00abelaborados\u00bb los pr\u00f3ximos presupuestos generales&hellip;\n","protected":false},"author":2,"featured_media":283473,"comment_status":"","ping_status":"","sticky":false,"template":"","format":"standard","meta":{"footnotes":""},"categories":[8],"tags":[17,18,25,24,13,14,11,19,20,9,10,15,16,23,12,21,22],"class_list":{"0":"post-306796","1":"post","2":"type-post","3":"status-publish","4":"format-standard","5":"has-post-thumbnail","7":"category-espana","8":"tag-breaking-news","9":"tag-breakingnews","10":"tag-es","11":"tag-espana","12":"tag-featured-news","13":"tag-featurednews","14":"tag-headlines","15":"tag-latest-news","16":"tag-latestnews","17":"tag-news","18":"tag-noticias","19":"tag-noticias-destacadas","20":"tag-noticiasdestacadas","21":"tag-spain","22":"tag-titulares","23":"tag-ultimas-noticias","24":"tag-ultimasnoticias"},"share_on_mastodon":{"url":"https:\/\/pubeurope.com\/@es\/115781382266129076","error":""},"_links":{"self":[{"href":"https:\/\/www.europesays.com\/es\/wp-json\/wp\/v2\/posts\/306796","targetHints":{"allow":["GET"]}}],"collection":[{"href":"https:\/\/www.europesays.com\/es\/wp-json\/wp\/v2\/posts"}],"about":[{"href":"https:\/\/www.europesays.com\/es\/wp-json\/wp\/v2\/types\/post"}],"author":[{"embeddable":true,"href":"https:\/\/www.europesays.com\/es\/wp-json\/wp\/v2\/users\/2"}],"replies":[{"embeddable":true,"href":"https:\/\/www.europesays.com\/es\/wp-json\/wp\/v2\/comments?post=306796"}],"version-history":[{"count":0,"href":"https:\/\/www.europesays.com\/es\/wp-json\/wp\/v2\/posts\/306796\/revisions"}],"wp:featuredmedia":[{"embeddable":true,"href":"https:\/\/www.europesays.com\/es\/wp-json\/wp\/v2\/media\/283473"}],"wp:attachment":[{"href":"https:\/\/www.europesays.com\/es\/wp-json\/wp\/v2\/media?parent=306796"}],"wp:term":[{"taxonomy":"category","embeddable":true,"href":"https:\/\/www.europesays.com\/es\/wp-json\/wp\/v2\/categories?post=306796"},{"taxonomy":"post_tag","embeddable":true,"href":"https:\/\/www.europesays.com\/es\/wp-json\/wp\/v2\/tags?post=306796"}],"curies":[{"name":"wp","href":"https:\/\/api.w.org\/{rel}","templated":true}]}}