{"id":306821,"date":"2025-12-25T17:48:10","date_gmt":"2025-12-25T17:48:10","guid":{"rendered":"https:\/\/www.europesays.com\/es\/306821\/"},"modified":"2025-12-25T17:48:10","modified_gmt":"2025-12-25T17:48:10","slug":"el-representante-de-acnur-se-despide-de-mexico-me-llevo-la-sonrisa-de-muchas-personas-refugiadas-que-pensaron-que-no-iban-a-sonreir-mas","status":"publish","type":"post","link":"https:\/\/www.europesays.com\/es\/306821\/","title":{"rendered":"El representante de ACNUR se despide de M\u00e9xico: \u201cMe llevo la sonrisa de muchas personas refugiadas que pensaron que no iban a sonre\u00edr m\u00e1s\u201d"},"content":{"rendered":"<p class=\"\">Sonriente y como si se tratara de una jornada laboral cualquiera, Giovanni Lepri (Mil\u00e1n, 54 a\u00f1os) recibe a EL PA\u00cdS en las oficinas del <a href=\"https:\/\/elpais.com\/economia\/branded\/especial-esg\/2025-11-27\/cuando-la-solidaridad-se-convierte-en-accion-75-anos-de-compromiso.html\" target=\"_self\" rel=\"nofollow noopener\" title=\"https:\/\/elpais.com\/economia\/branded\/especial-esg\/2025-11-27\/cuando-la-solidaridad-se-convierte-en-accion-75-anos-de-compromiso.html\">Alto Comisionado de las Naciones Unidas para los Refugiados (ACNUR)<\/a> para su \u00faltima entrevista como representante, tras cuatro a\u00f1os al frente de la agencia en M\u00e9xico. Emocionado, admite que han sido a\u00f1os \u201cturbulentos\u201d, pero tambi\u00e9n \u201cmuy productivos\u201d. Recuerda que antes de su llegada, \u201cM\u00e9xico recib\u00eda 1.000, 2.000 solicitudes de asilo al a\u00f1o\u201d, mientras que <a href=\"https:\/\/elpais.com\/mexico\/2022-04-25\/mexico-rompe-el-record-de-solicitudes-de-asilo-en-un-ano.html\" target=\"_self\" rel=\"nofollow noopener\" title=\"https:\/\/elpais.com\/mexico\/2022-04-25\/mexico-rompe-el-record-de-solicitudes-de-asilo-en-un-ano.html\">\u201cen los \u00faltimos cinco a\u00f1os, ha recibido 600.000 o m\u00e1s\u201d<\/a>, lo que genera una carga de trabajo considerable en las instituciones mexicanas encargadas de la atenci\u00f3n a los refugiados. \u201cLa magnitud ha cambiado de manera enorme [y] la capacidad del sistema se ha incrementado\u201d, asegura, aunque reconoce tambi\u00e9n que a\u00fan queda mucho por hacer. <\/p>\n<p class=\"\">Lepri cuenta que ha tenido que enfrentar muchos retos que han obstaculizado el trabajo de la instituci\u00f3n. El \u00faltimo de ellos se mantiene en la Casa Blanca y ha lanzado una f\u00e9rrea ofensiva contra los migrantes que ha cerrado la frontera sur de Estados Unidos a los solicitantes de asilo. Esta situaci\u00f3n ha ido acompa\u00f1ada tambi\u00e9n de <a href=\"https:\/\/elpais.com\/internacional\/2025-12-10\/filippo-grandi-alto-comisionado-de-acnur-escribalo-asi-estoy-furioso-con-los-europeos-por-recortar-ayudas-a-los-refugiados-y-luego-exigir-resultados.html\" rel=\"nofollow noopener\" target=\"_blank\">severos recortes a la ayuda humanitaria que han afectado a varias organizaciones internacionales<\/a> que depend\u00edan de esos fondos, como la Agencia de la ONU para los Refugiados. <\/p>\n<p class=\"\">Seg\u00fan datos de la misma entidad, programas esenciales que ascienden a 1.400 millones de d\u00f3lares tuvieron que ser recortados o suspendidos este a\u00f1o. <a href=\"https:\/\/elpais.com\/mexico\/2025-03-16\/los-duros-recortes-de-trump-a-la-politica-de-cooperacion-golpean-de-lleno-a-decenas-de-programas-clave-para-mexico.html\" rel=\"nofollow noopener\" target=\"_blank\">En M\u00e9xico, esto se materializ\u00f3 en el cierre de cuatro oficinas<\/a>: Palenque, Tuxtla Guti\u00e9rrez, Tenosique y Guadalajara. Para Lepri, que cuenta con m\u00e1s de 20 a\u00f1os de carrera como funcionario internacional, la decisi\u00f3n m\u00e1s dif\u00edcil ha sido en estas circunstancias. \u201cCada una de las 200 personas [a las] que he tenido que recortar los contratos en estos \u00faltimos meses y, sobre todo, la segunda o la tercera ronda\u201d, confiesa. \u201cLa primera tambi\u00e9n fue grav\u00edsima, pero digamos [que], tal vez estrat\u00e9gicamente, todav\u00eda se pod\u00edan hacer algunos ajustes. Pero a partir de la segunda en adelante, era ir cortando el esqueleto, cortando la columna de la operaci\u00f3n\u201d, explica. <\/p>\n<p><img decoding=\"auto\" class=\"_re lazyload a_m-h\" height=\"276\"  width=\"414\"  src=\"https:\/\/imagenes.elpais.com\/resizer\/v2\/B44ETPNIKRCGFD4L6TGN5O7E5M.jpg?auth=6740d6d6b146f5bdaf755a7e4098ed1aa2ff85a320db198d7ffd1f8df638574a&amp;width=414\" loading=\"lazy\"\/>Giovanni Lepri en Ciudad de M\u00e9xico.Aggi Gardu\u00f1o<\/p>\n<p class=\"\">Pero tambi\u00e9n quiere destacar los logros del ACNUR en M\u00e9xico. Uno de ellos es la apertura en <a href=\"https:\/\/elpais.com\/mexico\/2025-02-12\/un-programa-ofrece-trabajo-temporal-a-los-migrantes-varados-en-tapachula.html\" rel=\"nofollow noopener\" target=\"_blank\">Tapachula<\/a> de un centro de atenci\u00f3n a personas refugiadas, en el que se concentran tanto las dependencias gubernamentales como las organizaciones civiles y agencias de la ONU, que tiene capacidad para atender hasta 1.500 personas. El diplom\u00e1tico italiano resalta tambi\u00e9n el \u201chaberle dado m\u00e1s voz a la persona refugiada\u201d dado que, para \u00e9l, los organismos internacionales a veces se olvidan de que su trabajo \u201ces darle la posibilidad a la persona de hablar\u201d.<\/p>\n<p class=\"\">No se olvida de mencionar al sector privado. \u201cEs un actor nuevo, pero que entr\u00f3 con fuerza\u201d, comenta. Subraya que el Premio Nansen, un galard\u00f3n creado en 1954 y que otorga el ACNUR a personas o grupos como reconocimiento por su trabajo a favor de las personas en movilidad, <a href=\"https:\/\/elpais.com\/mexico\/2025-12-10\/pablo-moreno-cadena-el-ejecutivo-que-dio-empleo-a-los-refugiados-en-mexico.html\" rel=\"nofollow noopener\" target=\"_blank\">este a\u00f1o lo recibi\u00f3 una empresa mexicana<\/a>. \u201cEs un s\u00edmbolo muy tangible de c\u00f3mo actores nuevos van entrando y colaborando en estos procesos\u201d, agrega. Recuerda los primeros acercamientos de la organizaci\u00f3n con un sector privado al que le urg\u00eda mano de obra y la \u201cresistencia\u201d que exist\u00eda en el gremio, un panorama que poco a poco fue cambiando. \u201cCuando fueron los empresarios que empezaron a hablar con otros empresarios de c\u00f3mo les hab\u00eda ido bien con el programa de refugiados, esto cre\u00f3 un efecto cadena, un contagio positivo que lleg\u00f3 a 650 empresas. Hoy el programa de integraci\u00f3n tiene m\u00e1s de 600 empresas asociadas y hemos trabajado con m\u00e1s de 54.000 refugiados\u201d, sostiene. <\/p>\n<p class=\"\">Las din\u00e1micas de la movilidad humana se han transformado en M\u00e9xico. Seg\u00fan la agencia, el pa\u00eds se ha consolidado como un lugar de destino para los refugiados cuando antes era solamente de tr\u00e1nsito. Lepri opina que esto se debe a que cada vez m\u00e1s personas necesitan protecci\u00f3n y a que las otras alternativas, como Estados Unidos, se han vuelto m\u00e1s dif\u00edciles. \u201cM\u00e9xico ha demostrado tener la posibilidad y la capacidad de brindar protecci\u00f3n y soluciones, una segunda oportunidad a personas que lo necesitan\u201d. Y no s\u00f3lo eso. <a href=\"https:\/\/elpais.com\/america-futura\/2025-06-20\/la-integracion-de-refugiados-como-solucion-al-desplazamiento-forzado.html\" rel=\"nofollow noopener\" target=\"_blank\">Los cambios han sido tan profundos que han penetrado a una sociedad que antes era ajena a lo que viv\u00edan los refugiados.<\/a> \u201cLa opini\u00f3n p\u00fablica mexicana entiende m\u00e1s que los refugiados son personas que llegan a M\u00e9xico, no porque no ten\u00edan nada mejor que hacer que salir de su pa\u00eds, sino porque estaban amenazados y porque no ten\u00edan las herramientas para reconstruir su vida ni avanzar en su plan de vida\u201d, asegura. <\/p>\n<p class=\"\">Pero el panorama fuera de M\u00e9xico es distinto y Lepri se muestra preocupado por <a href=\"https:\/\/elpais.com\/opinion\/2025-12-18\/mas-alla-del-multilateralismo.html\" rel=\"nofollow noopener\" target=\"_blank\">una crisis que se ha gestado en este primer a\u00f1o del segundo mandato presidencial de Donald Trump<\/a>. \u201cCreo que hay en este momento un cuestionamiento de valores de fondo que han regido el sistema multilateral en los \u00faltimos 80 a\u00f1os. A m\u00ed lo que me impresiona es cu\u00e1nto cost\u00f3 construir algunos principios que sent\u00edamos que eran intocables [&#8230;] y cu\u00e1n r\u00e1pidamente se est\u00e1n cuestionando\u201d, expone. A pesar de la complicada coyuntura, Lepri deposita su confianza en el pa\u00eds que lo ha acogido los \u00faltimos a\u00f1os. \u201c<a href=\"https:\/\/elpais.com\/opinion\/2025-07-10\/no-hay-alternativa-al-multilateralismo.html\" rel=\"nofollow noopener\" target=\"_blank\">Es un pa\u00eds que cree en el multilateralismo, no solamente global, sino regional tambi\u00e9n<\/a>\u201d, afirma. <\/p>\n<p class=\"\">En su \u00faltimo d\u00eda como representante, y antes de su siguiente misi\u00f3n que lo llevar\u00e1 a Colombia, Lepri hace un balance positivo de estos \u00faltimos cuatro a\u00f1os y se despide con una buena sensaci\u00f3n. \u201cCuando cierro los ojos me llevo la imagen de la sonrisa de muchas personas refugiadas que realmente pensaron que no iban a sonre\u00edr m\u00e1s, y que aqu\u00ed en M\u00e9xico han encontrado la posibilidad de sonre\u00edr. No hay valor m\u00e1s grande para un funcionario del ACNUR que poder sentir que, de alguna manera, hemos contribuido a eso\u201d, concluye.<\/p>\n","protected":false},"excerpt":{"rendered":"Sonriente y como si se tratara de una jornada laboral cualquiera, Giovanni Lepri (Mil\u00e1n, 54 a\u00f1os) recibe a&hellip;\n","protected":false},"author":2,"featured_media":306822,"comment_status":"","ping_status":"","sticky":false,"template":"","format":"standard","meta":{"footnotes":""},"categories":[42],"tags":[70681,889,17,18,13,14,11,61,62,63,64,19,20,1804,1906,9,10,15,16,20583,12,21,22,65,66,67],"class_list":{"0":"post-306821","1":"post","2":"type-post","3":"status-publish","4":"format-standard","5":"has-post-thumbnail","7":"category-internacional","8":"tag-acnur","9":"tag-america","10":"tag-breaking-news","11":"tag-breakingnews","12":"tag-featured-news","13":"tag-featurednews","14":"tag-headlines","15":"tag-internacional","16":"tag-international","17":"tag-international-news","18":"tag-internationalnews","19":"tag-latest-news","20":"tag-latestnews","21":"tag-latinoamerica","22":"tag-mexico","23":"tag-news","24":"tag-noticias","25":"tag-noticias-destacadas","26":"tag-noticiasdestacadas","27":"tag-refugiados","28":"tag-titulares","29":"tag-ultimas-noticias","30":"tag-ultimasnoticias","31":"tag-world","32":"tag-world-news","33":"tag-worldnews"},"share_on_mastodon":{"url":"","error":"Validation failed: Text character limit of 500 exceeded"},"_links":{"self":[{"href":"https:\/\/www.europesays.com\/es\/wp-json\/wp\/v2\/posts\/306821","targetHints":{"allow":["GET"]}}],"collection":[{"href":"https:\/\/www.europesays.com\/es\/wp-json\/wp\/v2\/posts"}],"about":[{"href":"https:\/\/www.europesays.com\/es\/wp-json\/wp\/v2\/types\/post"}],"author":[{"embeddable":true,"href":"https:\/\/www.europesays.com\/es\/wp-json\/wp\/v2\/users\/2"}],"replies":[{"embeddable":true,"href":"https:\/\/www.europesays.com\/es\/wp-json\/wp\/v2\/comments?post=306821"}],"version-history":[{"count":0,"href":"https:\/\/www.europesays.com\/es\/wp-json\/wp\/v2\/posts\/306821\/revisions"}],"wp:featuredmedia":[{"embeddable":true,"href":"https:\/\/www.europesays.com\/es\/wp-json\/wp\/v2\/media\/306822"}],"wp:attachment":[{"href":"https:\/\/www.europesays.com\/es\/wp-json\/wp\/v2\/media?parent=306821"}],"wp:term":[{"taxonomy":"category","embeddable":true,"href":"https:\/\/www.europesays.com\/es\/wp-json\/wp\/v2\/categories?post=306821"},{"taxonomy":"post_tag","embeddable":true,"href":"https:\/\/www.europesays.com\/es\/wp-json\/wp\/v2\/tags?post=306821"}],"curies":[{"name":"wp","href":"https:\/\/api.w.org\/{rel}","templated":true}]}}