{"id":306832,"date":"2025-12-25T18:00:28","date_gmt":"2025-12-25T18:00:28","guid":{"rendered":"https:\/\/www.europesays.com\/es\/306832\/"},"modified":"2025-12-25T18:00:28","modified_gmt":"2025-12-25T18:00:28","slug":"el-sorprendente-y-rosa-look-de-jennifer-lopez-para-su-plan-mas-insolito-de-nochebuena","status":"publish","type":"post","link":"https:\/\/www.europesays.com\/es\/306832\/","title":{"rendered":"El sorprendente (y rosa) &#8216;look&#8217; de Jennifer Lopez para su plan m\u00e1s ins\u00f3lito de Nochebuena"},"content":{"rendered":"<p id=\"eqodN8nCFwB\" data-wc=\"142\">Jennifer Lopez es, por derecho propio, la reina indiscutible del glamour y nunca decepciona con sus looks. Sin embargo, cuando el calendario marca la llegada de la Navidad, la diva del Bronx prefiere cambiar las lentejuelas por la calidez de su hogar y el afecto de los suyos. Este a\u00f1o, la cantante ha querido compartir con sus seguidores un atisbo de su intimidad, desvelando un plan para Nochebuena tan inusual como encantador que redefine lo que significa celebrar con estilo. Lejos de las fiestas de etiqueta y los eventos multitudinarios a los que nos tiene acostumbrados, Jennifer ha instaurado una tradici\u00f3n que pone el foco en la uni\u00f3n familiar m\u00e1s pura.<strong>\u00a0En su residencia, la espera de Pap\u00e1 Noel se vive bajo un c\u00f3digo de vestimenta estricto pero profundamente acogedor: el pijama<\/strong>. Pero, trat\u00e1ndose de JLo, no hablamos de una prenda cualquiera.\u00a0<\/p>\n<p> <img src=\"https:\/\/www.europesays.com\/es\/wp-content\/uploads\/2025\/12\/ef6613dd1b9b-jlo-1.jpg\"   width=\"768\" height=\"1024\" loading=\"lazy\" decoding=\"async\" alt=\"La artista no ha escatimado en ning\u00fan detalle\" fetchpriority=\"auto\" class=\"image ho-image\"\/>\u00a9 jloLa artista no ha escatimado en ning\u00fan detalle<\/p>\n<p id=\"ebh68kng3z\" data-wc=\"84\">La familia al completo, incluyendo a sus hijos y sus hermanas, se ha enfundado en un coordinado de <strong>dos piezas en color rosa con delicadas rayas rojas<\/strong>, una elecci\u00f3n crom\u00e1tica que huye de lo convencional para abrazar una est\u00e9tica tan dulce como sofisticada. La estampa no podr\u00eda ser m\u00e1s id\u00edlica. Bajo el resplandor de las velas y arropados por una manta de un rojo vibrante, los Lopez se han congregado en un sof\u00e1 de dimensiones infinitas que invita a la confidencia y al descanso.\u00a0<\/p>\n<p> <img src=\"https:\/\/www.europesays.com\/es\/wp-content\/uploads\/2025\/12\/9fa2f56e1a98-jlo-4.jpg\"   width=\"771\" height=\"1024\" loading=\"lazy\" decoding=\"async\" alt=\"Han posado todos llenos de felicidad y muy conjuntados\" fetchpriority=\"auto\" class=\"image ho-image\"\/>\u00a9 jloHan posado todos llenos de felicidad y muy conjuntados<\/p>\n<p> <img src=\"https:\/\/www.europesays.com\/es\/wp-content\/uploads\/2025\/12\/1b8d7c723130-jlo-7.png\"   width=\"745\" height=\"1024\" loading=\"lazy\" decoding=\"async\" alt=\"Adem\u00e1s ha querido desear feliz navidad a sus fans\" fetchpriority=\"auto\" class=\"image ho-image\"\/>Adem\u00e1s ha querido desear feliz navidad a sus fans<\/p>\n<p id=\"ePPZuNQAXn\" data-wc=\"80\">La decoraci\u00f3n de la mansi\u00f3n sigue esta misma l\u00ednea narrativa: un <strong>equilibrio perfecto entre lo vintage y lo rom\u00e1ntico, donde el esp\u00edritu navide\u00f1o se ti\u00f1e de tonos ros\u00e1ceos\u00a0<\/strong>sin perder ni un \u00e1pice de su esencia. Presidiendo el sal\u00f3n, un \u00e1rbol de dimensiones tit\u00e1nicas se alza como el gran protagonista de la estancia. Decorado con una maestr\u00eda que roza lo art\u00edstico, el abeto luce bolas en oro rosa, destellos de purpurina y flores doradas que captan cada haz de luz.\u00a0<\/p>\n<p> <img src=\"https:\/\/www.europesays.com\/es\/wp-content\/uploads\/2025\/12\/cf63c7844dd7-jlo-2.jpg\"   width=\"771\" height=\"1024\" loading=\"lazy\" decoding=\"async\" alt=\"Desde sus hijos hasta sus hermanas han disfrutado juntos de las fiestas\" fetchpriority=\"auto\" class=\"image ho-image\"\/>Desde sus hijos hasta sus hermanas han disfrutado juntos de las fiestas<\/p>\n<p id=\"eBujc5Cg5W\" data-wc=\"76\"><strong>El detalle definitivo, no obstante, reside en la repetici\u00f3n de los lazos<\/strong>: presentes tanto en las ramas del \u00e1rbol como en el cabello de la propia Jennifer, quien luce radiante y con una frescura envidiable incluso en la sencillez de su atuendo hogare\u00f1o. A los pies del \u00e1rbol, una cuidada selecci\u00f3n de regalos aguarda el momento de ser descubiertos, simbolizando el broche de oro a una jornada donde el mayor obsequio es, sin duda, la compa\u00f1\u00eda.<\/p>\n<p> <img src=\"https:\/\/www.europesays.com\/es\/wp-content\/uploads\/2025\/12\/cf9797d2c8a6-jlo-6.jpg\"   width=\"768\" height=\"1024\" loading=\"lazy\" decoding=\"async\" alt=\"El impresionante \u00e1rbol se ha llenado de regalos y decoraciones\" fetchpriority=\"auto\" class=\"image ho-image\"\/>\u00a9 jloEl impresionante \u00e1rbol se ha llenado de regalos y decoraciones<\/p>\n<p id=\"euTZpaFjW-u\" data-wc=\"91\"><strong>Pese a este outfit algo m\u00e1s austero de lo que nos tiene acostumbrados, la neoyorkina ha ido perfectamente maquillada<\/strong>. Adem\u00e1s, ha cuidado cada detalle de su look con unos pendientes de perlas. Quiz\u00e1 el mayor deseo que Jennifer ha depositado en su carta a Pap\u00e1 Noel este a\u00f1o no sea un \u00e9xito de ventas o un nuevo papel cinematogr\u00e1fico, sino la permanencia de esta calma que respira hoy entre paredes decoradas en oro rosa y pijamas a rayas. Una Navidad que, aunque diferente, sigue manteniendo viva la magia de lo aut\u00e9ntico.<\/p>\n<p> <img src=\"https:\/\/www.europesays.com\/es\/wp-content\/uploads\/2025\/12\/a5f8459146ca-jlo-5.jpg\"   width=\"768\" height=\"1024\" loading=\"lazy\" decoding=\"async\" alt=\"Los lazos han sido la tem\u00e1tica de la decoraci\u00f3n de Jennifer\" fetchpriority=\"auto\" class=\"image ho-image\"\/>\u00a9 jloLos lazos han sido la tem\u00e1tica de la decoraci\u00f3n de Jennifer<br \/>\nUn reencuentro con Ben de lo m\u00e1s navide\u00f1o<\/p>\n<p id=\"ewWukhrp_ka\" data-wc=\"62\">A pesar de que su vida personal ha atravesado cambios significativos tras su separaci\u00f3n de Ben Affleck hace m\u00e1s de un a\u00f1o, Jennifer Lopez sigue dando lecciones de madurez y generosidad. Solo unos d\u00edas antes de este refugio familiar en pijama, la cantante fue <strong>fotografiada en las calles de Los \u00c1ngeles demostrando que la amistad con su exmarido es una realidad s\u00f3lida.<\/strong><\/p>\n<p> <img src=\"https:\/\/www.europesays.com\/es\/wp-content\/uploads\/2025\/12\/501d135ab921-jlo.jpg\"   width=\"1024\" height=\"614\" loading=\"lazy\" decoding=\"async\" alt=\"Jennifer Lopez coincidi\u00f3 con Ben Affleck y su hijo Samuel en una salida de compras.\" fetchpriority=\"auto\" class=\"image ho-image\"\/>\u00a9 x17\/The Grosby GroupJennifer Lopez coincidi\u00f3 con Ben Affleck y su hijo Samuel en una salida de compras.<\/p>\n<p id=\"e1bcLM8Wk_h\" data-wc=\"79\">Jennifer y Ben coincidieron en una jornada de compras dominical por el exclusivo Brentwood Country Mart, una salida en la que no estuvieron solos. Los acompa\u00f1aba Samuel, el hijo menor del actor, con quien JLo mantiene un v\u00ednculo muy especial. La estampa de los tres recorriendo tiendas de alta gama como S\u00e9zane y Do\u00ebn, para despu\u00e9s disfrutar de un almuerzo en el mercado Farmshop, refleja la sinton\u00eda de una \u00ab<strong>familia moderna<\/strong>\u00bb que prioriza el bienestar de los m\u00e1s j\u00f3venes.<\/p>\n<p> <img src=\"https:\/\/www.europesays.com\/es\/wp-content\/uploads\/2025\/12\/53e566db6499-x17jloba25122122.jpg\"   width=\"754\" height=\"1024\" loading=\"lazy\" decoding=\"async\" alt=\"Jennifer Lopez luci\u00f3 un estiloso look en colores caf\u00e9 y marfil en su salida de compras.\" fetchpriority=\"auto\" class=\"image ho-image\"\/>\u00a9 x17\/The Grosby GroupJennifer Lopez luci\u00f3 un estiloso look en colores caf\u00e9 y marfil en su salida de compras.<\/p>\n<p id=\"epXAGjglUuP\" data-wc=\"63\">Para esta cita, Jennifer volvi\u00f3 a dar una clase magistral de estilo urbano con un vestido largo de color caf\u00e9 con lunares, de cuello halter, que combin\u00f3 con un abrigador su\u00e9ter de cuello cisne en tono hueso. Una imagen que contrasta con su versi\u00f3n m\u00e1s hogare\u00f1a de Nochebuena, pero que comparte el mismo hilo conductor: su capacidad para estar impecable en cualquier circunstancia.<\/p>\n<p> <img src=\"https:\/\/www.europesays.com\/es\/wp-content\/uploads\/2025\/12\/276ba0cb5924-x17jloba25122112.jpg\"   width=\"978\" height=\"1024\" loading=\"lazy\" decoding=\"async\" alt=\"Jennifer Lopez Luci\u00f3 muy guapa en su salida dominical.\" fetchpriority=\"auto\" class=\"image ho-image\"\/>\u00a9 x17\/The Grosby GroupJennifer Lopez Luci\u00f3 muy guapa en su salida dominical.<\/p>\n<p id=\"eixPRr0HsQd\" data-wc=\"86\">Esta armon\u00eda con el entorno de Affleck no es casualidad. El mismo fin de semana, Ben tambi\u00e9n fue visto manteniendo esa misma pol\u00edtica de buena vecindad familiar con Jennifer Garner, asistiendo juntos al teatro para apoyar a sus hijos. <a class=\"hm-link ho-link\" href=\"https:\/\/www.hola.com\/us-es\/celebrities\/20251223874595\/jennifer-lopez-ben-affleck-samuel-compras-navidad\/\" rel=\"noopener nofollow\" target=\"_blank\" data-mrf-recirculation=\"article-body-link\">Para JLo, este equilibrio es fundamental.\u00a0<\/a>Seg\u00fan fuentes cercanas, la artista se encuentra en un momento de paz, centrada en los proyectos que le devuelven la sonrisa y en fortalecer esos lazos que, como sus lazos en el pelo, mantienen unida su estructura m\u00e1s valiosa: su familia.<\/p>\n","protected":false},"excerpt":{"rendered":"Jennifer Lopez es, por derecho propio, la reina indiscutible del glamour y nunca decepciona con sus looks. Sin&hellip;\n","protected":false},"author":2,"featured_media":306833,"comment_status":"","ping_status":"","sticky":false,"template":"","format":"standard","meta":{"footnotes":""},"categories":[174],"tags":[517,255,72504,146,147,25,24,256,427,23],"class_list":{"0":"post-306832","1":"post","2":"type-post","3":"status-publish","4":"format-standard","5":"has-post-thumbnail","7":"category-famosos","8":"tag-actualidad","9":"tag-celebrities","10":"tag-decoracion-navidad","11":"tag-entertainment","12":"tag-entretenimiento","13":"tag-es","14":"tag-espana","15":"tag-famosos","16":"tag-jennifer-lopez","17":"tag-spain"},"share_on_mastodon":{"url":"https:\/\/pubeurope.com\/@es\/115781516502463869","error":""},"_links":{"self":[{"href":"https:\/\/www.europesays.com\/es\/wp-json\/wp\/v2\/posts\/306832","targetHints":{"allow":["GET"]}}],"collection":[{"href":"https:\/\/www.europesays.com\/es\/wp-json\/wp\/v2\/posts"}],"about":[{"href":"https:\/\/www.europesays.com\/es\/wp-json\/wp\/v2\/types\/post"}],"author":[{"embeddable":true,"href":"https:\/\/www.europesays.com\/es\/wp-json\/wp\/v2\/users\/2"}],"replies":[{"embeddable":true,"href":"https:\/\/www.europesays.com\/es\/wp-json\/wp\/v2\/comments?post=306832"}],"version-history":[{"count":0,"href":"https:\/\/www.europesays.com\/es\/wp-json\/wp\/v2\/posts\/306832\/revisions"}],"wp:featuredmedia":[{"embeddable":true,"href":"https:\/\/www.europesays.com\/es\/wp-json\/wp\/v2\/media\/306833"}],"wp:attachment":[{"href":"https:\/\/www.europesays.com\/es\/wp-json\/wp\/v2\/media?parent=306832"}],"wp:term":[{"taxonomy":"category","embeddable":true,"href":"https:\/\/www.europesays.com\/es\/wp-json\/wp\/v2\/categories?post=306832"},{"taxonomy":"post_tag","embeddable":true,"href":"https:\/\/www.europesays.com\/es\/wp-json\/wp\/v2\/tags?post=306832"}],"curies":[{"name":"wp","href":"https:\/\/api.w.org\/{rel}","templated":true}]}}