{"id":306854,"date":"2025-12-25T18:13:09","date_gmt":"2025-12-25T18:13:09","guid":{"rendered":"https:\/\/www.europesays.com\/es\/306854\/"},"modified":"2025-12-25T18:13:09","modified_gmt":"2025-12-25T18:13:09","slug":"las-victimas-de-la-dana-reaccionan-a-los-mensajes-que-mazon-le-envio-a-feijoo-una-tragedia-humana-no-es-un-puto-desastre-sociedad","status":"publish","type":"post","link":"https:\/\/www.europesays.com\/es\/306854\/","title":{"rendered":"Las v\u00edctimas de la DANA reaccionan a los mensajes que Maz\u00f3n le envi\u00f3 a Feij\u00f3o: \u00abUna tragedia humana no es un puto desastre\u00bb | Sociedad"},"content":{"rendered":"<p class=\"loc\">Val\u00e8ncia<\/p>\n<p>Rosa \u00c1lvarez, la presidenta de la asociaci\u00f3n de v\u00edctimas mortales de la DANA, se muestra molesta con el Partido Popular y su presidente nacional, Alberto Nu\u00f1ez Feij\u00f3o, por enviar a la jueza de Catarroja que instruye la causa de la DANA, en una fecha tan se\u00f1alada como Nochebuena, los mensajes de whatsapp que le envi\u00f3 el entonces presidente de la Generalitat, Carlos Maz\u00f3n, el 20 de octubre de 2024.<\/p>\n<p>No solo eso. \u00c1lvarez afirma sentirse indignada tambi\u00e9n por el contenido de uno de los mensajes de Maz\u00f3n a Feij\u00f3o. En concreto, <a href=\"https:\/\/cadenaser.com\/nacional\/2025\/12\/24\/feijoo-envia-a-la-jueza-de-la-dana-parte-de-los-mensajes-que-intercambio-con-carlos-mazon-cadena-ser\/\" target=\"_blank\" rel=\"nofollow noopener\" title=\"https:\/\/cadenaser.com\/nacional\/2025\/12\/24\/feijoo-envia-a-la-jueza-de-la-dana-parte-de-los-mensajes-que-intercambio-con-carlos-mazon-cadena-ser\/\">en el que el jefe del Consell duce \u00abun puto desastre va a ser esto presi\u00bb<\/a>. Asegura la presidenta de las familias de los fallecidos de la DANA \u00abque una tragedia humana no es un puto desastre, es una concatenaci\u00f3n de negligencias\u00bb.<\/p>\n<p>Exigen las conversaciones \u00edntegras<\/p>\n<p>\u00c1lvarez, por cierto, espera que la jueza obligue a Feij\u00f3o a declarar f\u00edsicamente el pr\u00f3ximo 9 de enero y ha reclamado que entregue todos los mensajes que ambos se cruzaron ese d\u00eda. El PSPV-PSOE tambi\u00e9n ha reclamado al presidente nacional del Partido Popular, Alberto N\u00fa\u00f1ez Feij\u00f3o, que la entregue. <\/p>\n<p>La portavoz de Emergencias en las Corts Valencianes y secretaria de la comisi\u00f3n de investigaci\u00f3n sobre la Dana, Alicia And\u00fajar, ha recriminado que Feij\u00f3o \u201cse ha pasado un a\u00f1o encubriendo a Maz\u00f3n y ahora le est\u00e1 ocultando informaci\u00f3n a la jueza de Catarroja\u201d. <\/p>\n<p>El c\u00f3digo iframe se ha copiado en el portapapeles<\/p>\n<p class=\"tit\">Alicia And\u00fajar (PSPV): \u00abFeij\u00f3o se ha pasado un a\u00f1o encubriendo a Maz\u00f3n y ahora le est\u00e1 ocultando informaci\u00f3n a la jueza de Catarroja\u201d<\/p>\n<p>00:00:0000:28<\/p>\n<p>FacebookTwitterLinkedinWhatsAppCerrar<\/p>\n<p>Los socialistas valencianos denuncian, adem\u00e1s, que el presidente nacional del PP \u00abminti\u00f3 a todos los valencianos cuando dijo que hab\u00eda estado informado en tiempo real desde el lunes, 28. Y ahora miente en su escrito a la jueza de Catarroja cuando se\u00f1ala que se equivoc\u00f3 de d\u00eda y que fue un error\u201d. \u201cBasta con escuchar sus declaraciones de aquella jornada. No hubo lapsus, sino falsedad para encubrir la gesti\u00f3n del PP y del Gobierno valenciano\u00bb. <\/p>\n<p>Sigue toda la \u00faltima hora en el canal de Whatsapp de Radio Valencia: <a href=\"https:\/\/eur01.safelinks.protection.outlook.com\/?url=https%3A%2F%2Fwhatsapp.com%2Fchannel%2F0029VaHjyqSFHWq2Q3iHB33R&amp;data=05%7C02%7Cjagimenez%40prisaradio.com%7Cd29625b9410b48486c1708dc7a567016%7Cc4fd49f3e15a44d882e2c909735d2e45%7C0%7C0%7C638519758883426830%7CUnknown%7CTWFpbGZsb3d8eyJWIjoiMC4wLjAwMDAiLCJQIjoiV2luMzIiLCJBTiI6Ik1haWwiLCJXVCI6Mn0%3D%7C0%7C%7C%7C&amp;sdata=Djqn4y3S5Pd25t9ESJ4hiq6KGEVBUCKst1eYePhDAHA%3D&amp;reserved=0\" target=\"_blank\" rel=\"nofollow noopener\" title=\"Direcci\u00f3n URL original: https:\/\/whatsapp.com\/channel\/0029VaHjyqSFHWq2Q3iHB33R. Haga clic o pulse si conf\u00eda en este v\u00ednculo.\">haz clic aqu\u00ed y suscr\u00edbete<\/a> para recibir toda la informaci\u00f3n y la actualidad del d\u00eda en tu m\u00f3vil.<\/p>\n","protected":false},"excerpt":{"rendered":"Val\u00e8ncia Rosa \u00c1lvarez, la presidenta de la asociaci\u00f3n de v\u00edctimas mortales de la DANA, se muestra molesta con&hellip;\n","protected":false},"author":2,"featured_media":306855,"comment_status":"","ping_status":"","sticky":false,"template":"","format":"standard","meta":{"footnotes":""},"categories":[5],"tags":[17,18,25,24,13,14,11,19,20,9,10,15,16,23,12,21,22],"class_list":{"0":"post-306854","1":"post","2":"type-post","3":"status-publish","4":"format-standard","5":"has-post-thumbnail","7":"category-titulares","8":"tag-breaking-news","9":"tag-breakingnews","10":"tag-es","11":"tag-espana","12":"tag-featured-news","13":"tag-featurednews","14":"tag-headlines","15":"tag-latest-news","16":"tag-latestnews","17":"tag-news","18":"tag-noticias","19":"tag-noticias-destacadas","20":"tag-noticiasdestacadas","21":"tag-spain","22":"tag-titulares","23":"tag-ultimas-noticias","24":"tag-ultimasnoticias"},"share_on_mastodon":{"url":"https:\/\/pubeurope.com\/@es\/115781566699737045","error":""},"_links":{"self":[{"href":"https:\/\/www.europesays.com\/es\/wp-json\/wp\/v2\/posts\/306854","targetHints":{"allow":["GET"]}}],"collection":[{"href":"https:\/\/www.europesays.com\/es\/wp-json\/wp\/v2\/posts"}],"about":[{"href":"https:\/\/www.europesays.com\/es\/wp-json\/wp\/v2\/types\/post"}],"author":[{"embeddable":true,"href":"https:\/\/www.europesays.com\/es\/wp-json\/wp\/v2\/users\/2"}],"replies":[{"embeddable":true,"href":"https:\/\/www.europesays.com\/es\/wp-json\/wp\/v2\/comments?post=306854"}],"version-history":[{"count":0,"href":"https:\/\/www.europesays.com\/es\/wp-json\/wp\/v2\/posts\/306854\/revisions"}],"wp:featuredmedia":[{"embeddable":true,"href":"https:\/\/www.europesays.com\/es\/wp-json\/wp\/v2\/media\/306855"}],"wp:attachment":[{"href":"https:\/\/www.europesays.com\/es\/wp-json\/wp\/v2\/media?parent=306854"}],"wp:term":[{"taxonomy":"category","embeddable":true,"href":"https:\/\/www.europesays.com\/es\/wp-json\/wp\/v2\/categories?post=306854"},{"taxonomy":"post_tag","embeddable":true,"href":"https:\/\/www.europesays.com\/es\/wp-json\/wp\/v2\/tags?post=306854"}],"curies":[{"name":"wp","href":"https:\/\/api.w.org\/{rel}","templated":true}]}}