{"id":30687,"date":"2025-08-07T03:24:15","date_gmt":"2025-08-07T03:24:15","guid":{"rendered":"https:\/\/www.europesays.com\/es\/30687\/"},"modified":"2025-08-07T03:24:15","modified_gmt":"2025-08-07T03:24:15","slug":"andy-y-lucas-nariz-una-doctora-explica-que-le-ha-pasado-a-la-nariz-operada-de-lucas-de-andy-y-lucas-ha-mutado-nivel-maximo","status":"publish","type":"post","link":"https:\/\/www.europesays.com\/es\/30687\/","title":{"rendered":"ANDY Y LUCAS NARIZ | Una doctora explica qu\u00e9 le ha pasado a la nariz operada de Lucas, de Andy y Lucas: \u00abHa mutado nivel m\u00e1ximo\u00bb"},"content":{"rendered":"<p class=\"ft-text\">Hace un tiempo que\u00a0<strong>Lucas<\/strong>, el cantante del famoso d\u00fao <strong>Andy y Lucas<\/strong>, lleva preocupado por su<strong>\u00a0dr\u00e1stico cambio de &#8216;look&#8217;<\/strong>. El artista se someti\u00f3 a una<strong>\u00a0operaci\u00f3n est\u00e9tica<\/strong>\u00a0que llam\u00f3 la atenci\u00f3n a sus seguidores, haci\u00e9ndole viral en redes sociales.<\/p>\n<p class=\"ft-text\">Aunque en un principio asegur\u00f3 no haberse \u00abhecho nada en la cara\u00bb, finalmente acab\u00f3 contando lo ocurrido, dado que era imposible seguir ocult\u00e1ndolo: \u00ab<strong>Fue culpa m\u00eda, no le hice caso a los m\u00e9dicos y no me puse las cremas ni las gasas<\/strong>\u00ab, asegur\u00f3 el artista en el plat\u00f3 de &#8216;El Hormiguero&#8217;.<\/p>\n<p class=\"ft-text\">Se trataba de una<strong>\u00a0<\/strong><a href=\"https:\/\/www.elperiodico.com\/es\/tele\/yotele\/20250114\/andy-lucas-llora-destrozo-nariz-rinoplastia-desafortunada-113397754\" class=\"ft-link ft-link--decoration\" rel=\"nofollow noopener\" target=\"_blank\"><strong>operaci\u00f3n est\u00e9tica en su nariz<\/strong><\/a><strong>,<\/strong>\u00a0que no ha parado de cambiar de forma desde entonces. Esto es uno de los factores que m\u00e1s ha llamado la atenci\u00f3n los \u00faltimos meses, y es que la gente no para de preguntarse\u00a0<strong>c\u00f3mo es posible que en cada aparici\u00f3n haya cambiado de forma<\/strong>.<\/p>\n<p class=\"ft-text\">Es por este motivo que muchos la han apodado como la nariz \u00ab<strong>mutante<\/strong>\u00ab, un fen\u00f3meno que los usuarios de redes sociales van comentando cada vez que el artista vuelve a aparecer frente a c\u00e1mara.<\/p>\n<p class=\"ft-text\">Hace tan solo unos d\u00edas que hemos podido volver a ver el aspecto de Lucas y, nuevamente, se han notado cambios en su nariz. \u00ab<strong>Ha mutado nivel m\u00e1ximo<\/strong>\u00ab, aseguraban algunos usuarios de redes. Pero, esta vez, hay un\u00a0<strong>detalle extra<\/strong>\u00a0que les ha llamado la atenci\u00f3n: una\u00a0<strong>tira adhesiva\u00a0<\/strong>que cubre los orificios nasales pr\u00e1cticamente en su totalidad.<\/p>\n<p>La explicaci\u00f3n de la doctora Yomil Genere<\/p>\n<p class=\"ft-text\">Con la intenci\u00f3n de entender qu\u00e9 est\u00e1 pasando con la nariz del cantante, el programa de Antena 3 &#8216;Y ahora Sonsoles&#8217; invit\u00f3 este lunes a una experta en medicina est\u00e9tica,<strong>\u00a0la doctora Yomil Genere<\/strong>, que\u00a0<strong>explic\u00f3 el motivo<\/strong>\u00a0por el que Lucas usa este ap\u00f3sito.<\/p>\n<p class=\"ft-text\">La doctora explic\u00f3 que la tira adhesiva que lleva Lucas en el v\u00eddeo es una\u00a0\u00ab<strong>f\u00e9rula nasal posquir\u00fargica<\/strong>\u00ab<strong>\u00a0<\/strong>que sirve \u00abpara mantener la nariz en su lugar mientras\u00a0cicatriza\u00a0y con esta conseguimos que se<strong>\u00a0mantenga con la forma que se desea<\/strong>\u00ab.<\/p>\n<p class=\"ft-text\">Adem\u00e1s, la especialista opin\u00f3 sobre si la forma de la nariz de Lucas<strong>\u00a0podr\u00e1 recuperar su aspecto normal<\/strong>: \u00abDepende de sus expectativas y de c\u00f3mo evolucionan los injertos que le han hecho y los cuidados. Tiene que esperar a que crezca el injerto. Eso\u00a0<strong>depende\u00a0<\/strong>de sus cuidados\u00bb.<\/p>\n","protected":false},"excerpt":{"rendered":"Hace un tiempo que\u00a0Lucas, el cantante del famoso d\u00fao Andy y Lucas, lleva preocupado por su\u00a0dr\u00e1stico cambio de&hellip;\n","protected":false},"author":2,"featured_media":30688,"comment_status":"","ping_status":"","sticky":false,"template":"","format":"standard","meta":{"footnotes":""},"categories":[174],"tags":[16221,255,16222,7917,4482,146,147,25,24,5134,256,7357,14840,23],"class_list":{"0":"post-30687","1":"post","2":"type-post","3":"status-publish","4":"format-standard","5":"has-post-thumbnail","7":"category-famosos","8":"tag-andy","9":"tag-celebrities","10":"tag-cirugia-estetica","11":"tag-doctora","12":"tag-dv","13":"tag-entertainment","14":"tag-entretenimiento","15":"tag-es","16":"tag-espana","17":"tag-explica","18":"tag-famosos","19":"tag-lucas","20":"tag-nariz","21":"tag-spain"},"share_on_mastodon":{"url":"","error":""},"_links":{"self":[{"href":"https:\/\/www.europesays.com\/es\/wp-json\/wp\/v2\/posts\/30687","targetHints":{"allow":["GET"]}}],"collection":[{"href":"https:\/\/www.europesays.com\/es\/wp-json\/wp\/v2\/posts"}],"about":[{"href":"https:\/\/www.europesays.com\/es\/wp-json\/wp\/v2\/types\/post"}],"author":[{"embeddable":true,"href":"https:\/\/www.europesays.com\/es\/wp-json\/wp\/v2\/users\/2"}],"replies":[{"embeddable":true,"href":"https:\/\/www.europesays.com\/es\/wp-json\/wp\/v2\/comments?post=30687"}],"version-history":[{"count":0,"href":"https:\/\/www.europesays.com\/es\/wp-json\/wp\/v2\/posts\/30687\/revisions"}],"wp:featuredmedia":[{"embeddable":true,"href":"https:\/\/www.europesays.com\/es\/wp-json\/wp\/v2\/media\/30688"}],"wp:attachment":[{"href":"https:\/\/www.europesays.com\/es\/wp-json\/wp\/v2\/media?parent=30687"}],"wp:term":[{"taxonomy":"category","embeddable":true,"href":"https:\/\/www.europesays.com\/es\/wp-json\/wp\/v2\/categories?post=30687"},{"taxonomy":"post_tag","embeddable":true,"href":"https:\/\/www.europesays.com\/es\/wp-json\/wp\/v2\/tags?post=30687"}],"curies":[{"name":"wp","href":"https:\/\/api.w.org\/{rel}","templated":true}]}}