{"id":306886,"date":"2025-12-25T18:45:13","date_gmt":"2025-12-25T18:45:13","guid":{"rendered":"https:\/\/www.europesays.com\/es\/306886\/"},"modified":"2025-12-25T18:45:13","modified_gmt":"2025-12-25T18:45:13","slug":"media-segunda-division-se-pelea-por-alex-fores-delantero-del-real-oviedo-la-voz-de-asturias","status":"publish","type":"post","link":"https:\/\/www.europesays.com\/es\/306886\/","title":{"rendered":"Media Segunda Divisi\u00f3n se pelea por \u00c1lex For\u00e9s, delantero del Real Oviedo &#8211; La Voz de Asturias"},"content":{"rendered":"<ol>\n<li><a href=\"https:\/\/news.google.com\/rss\/articles\/CBMi5wFBVV95cUxQRTU0NjJoVnBJcDJMNWdQR1V1dFlNS0tqbGFDVV8yajAxanNSVk5XYW5DZndmUlZpRXUxLVVUS293N3NVNW0tX3FKMTA5dzlKaFFoWmoxVlhhTV9lMk0tMlZlRnJDLW00QVkyeWpiNjBvVlJJTWxiSWRyREJ1alNUNUlZclJQbXNscnRBU2NZQlFuNk5yMy1nQmdmejNDd2Iya1B2OUxpelJaUEZZdlRuVjZjXzlyX2YyZTF4SU5wbE5hRGk5eDQtYWlZN3FabUdma2FVc0swdGxWcnl3dHYzWWVXcXl5QWfSAYMCQVVfeXFMTWVhN1JxLXNmc2NkSFJMQWI4QVg1WVBWdXJlQVNpVGd6eXVYaVprUVczS3p4MXM5eEZuXy1NU2xZSWl6eDhIRGQ2ZkdTUC0zOU5EM0xPN2JoLXpTcDFzM29zN1FtM1dnY2VsSmVjcTViX3hESVAycDR3Qm1aakY1aVVDMkVWR3Z5Z3pvcFR1ZEw5dnJUQ3RSak9rTkI1dnBCU2ZmcnpDeHFyRFpoQW5YSElONnJRREVIY080aTdMR1Nhd3F1TDNCVXMwdlFLSWRqWHQydkx3cFFFbEFhM3hXbXltX2RYbHd1ejhSbTJJSktDaVhDRlVGRDhILWtRelJrY09Zcw?oc=5\" target=\"_blank\" rel=\"nofollow noopener\">Media Segunda Divisi\u00f3n se pelea por \u00c1lex For\u00e9s, delantero del Real Oviedo<\/a>&nbsp;&nbsp;La Voz de Asturias<\/li>\n<li><a href=\"https:\/\/news.google.com\/rss\/articles\/CBMi2AFBVV95cUxPVUpON3RLcXJ4R1JwMktKaVFDbjd2cThlR2RJMXVwNWFHWW0wUmhpTEhES1pNVWJfY3RPWlhFaTBsNXBJTDI4enJjd3FJY3dmV1Q1QnRpV1pUQ1ZkeUVOcFRBdlY0WkFkTmg2UDVkeEdVaGpQSDd2WTNPdjJTVkY2bjZOdDhTNXU3SHFQWUhyUi1hQUFOZUhNTUhDYTJ2T1V1NjR1aTZTQnNBck9jaDN3aHFNRzB1NTZJZTZVV045TEoyLW1Sa3dPb3QzRVBDcGpxQzBEcUVpN1_SAfQBQVVfeXFMUDBCMkY1aVhNN1dLNnhHUVM2WWljN2tKMlg0MUpSMnNiRENNWnZ1T0hDMEFfSmwtMmhiX3VscnBDYUNleGxPM2VmZ3VIWFhOME9GQkVULWRqQVoxUXpvWHh4V1YwTmtIejhsLUpVU2VLQXhRRG5NLVNGdXU3U2RTQTEyRmxGWk55eWpMYXlXS3FKQXBfMVAwMkFVZWRXSkhxanBiN0hUWEMtaXFMUXZ2cURXUlVEcjl4c05UODJIeGhNeUpYODZpeDFBX2prRUZfU3h0REJBdzZhbXlQSUUxWjJCRXhucVlmTkNpQnZaa2RNbGtTTQ?oc=5\" target=\"_blank\" rel=\"nofollow noopener\">El Sporting sondea el fichaje de For\u00e9s, que podr\u00eda romper su cesi\u00f3n en el Oviedo<\/a>&nbsp;&nbsp;La Voz de Asturias<\/li>\n<li><a href=\"https:\/\/news.google.com\/rss\/articles\/CBMiywFBVV95cUxPRWF0RzFHbDkxTXVLeDNwRnBEVnZyUE9WRVo4Nm0tRGd4SVhZcHFNTnE2dTl4QkxGMk5ncXZqbTZpbGVLLWFRWTlqbU9RUzNxQVFrNkZSeW1fX2ZXMjlDdUljOGplbjZNbjVHUERBV1RuU3I3SFVZM1dmT0Z4TWxDNFJGX0dQZ3Q5MnJIdTMxTG81a2hINXR4Tlo4NkJ6ZXI0a1VWQm95cXp1QXh0azZ2YThTdnNMM3Q5WWtCTlN6ZGNyV2VpUGlSbEVPdw?oc=5\" target=\"_blank\" rel=\"nofollow noopener\">Mercado de invierno: \u00c1lex For\u00e9s, un deseo complejo para la delantera del C\u00f3rdoba CF<\/a>&nbsp;&nbsp;ABC<\/li>\n<li><a href=\"https:\/\/news.google.com\/rss\/articles\/CBMinwFBVV95cUxOYzdSZTBtYlZvOGtaWlRJaTRtbEYxajZ4NFRnM3lxUTF2cDVMQjZQMzhubzIyRDEzM1JDS2VRMjJSaFVrTllEWFM4cERsaU11SmEtVUpEdm1LcU5ZbmJIZ0VIRU16MFBDZmRLU3B2VUxLZFpROC01RWJBOUt0cDhsZ2dLVDdhVnJVX2UxZkdINmxLN2pTVmJEMkFrQktMbjjSAaQBQVVfeXFMTXdpZXowVG14VGZTdEtIaGIzeXJwMXdsVWx3MnFpM2pVSV9lMnNXQ0ZkNTJxcEhGRklfTjI0dlpxRW53UmJvSTBvVHpsa1lVX1EzUlhjcGFkLTZOZG5qX2J1aWRycTg0LVhkTGRRU19lMXVCODA3Y3lQUHZIcmJzTldKZ3Y2Q3pGS0xlY3FpLTJzdl9VT0MtOUxfXzQzUjhVNDM5dmE?oc=5\" target=\"_blank\" rel=\"nofollow noopener\">Fichajes C\u00f3rdoba CF: \u00c1lex For\u00e9s ampl\u00eda el abanico de opciones para reforzar la delantera del C\u00f3rdoba CF<\/a>&nbsp;&nbsp;El D\u00eda de C\u00f3rdoba<\/li>\n<li><a href=\"https:\/\/news.google.com\/rss\/articles\/CBMikAFBVV95cUxNUTM3dHI0c0lUMWFhSTZFZWZsYkdHNU1PM0QxOTBXd1VNeXJudzBINThrVjF6aUl2RXFrRmxCdnBxR0JjUGdoV0lJUy1aa1Y0WldfOWlIUDVqOW9fUV9UaW53VmE2VU9QZlF0dUVqX3habkROUFJqZGp2TU9oek9WS1haSVgyNlE5MnVib1pSWHXSAZYBQVVfeXFMTm84M0xRVmFZWFVsVTgzdVkwZ1NFWlJ0ZzVSbENLZjVBajhRckRDX3AtbjR3V2pSbzJlYkRHcnU3bE5jMmwxVmd4U2FlMmJ3U2kyQWcxYk5XWTdGVm5YRHBFblFKVGtkUWxXejFGeUxPX3ZtYllQWHprS1V2RDhmWFlhMm15M2thczVwMzFGQTJLR0M3M193?oc=5\" target=\"_blank\" rel=\"nofollow noopener\">\u00bfOtro caso Dotor? El Sporting se interesa en \u00c1lex For\u00e9s, que no continuar\u00e1 en el Oviedo<\/a>&nbsp;&nbsp;LNE<\/li>\n<\/ol>\n","protected":false},"excerpt":{"rendered":"Media Segunda Divisi\u00f3n se pelea por \u00c1lex For\u00e9s, delantero del Real Oviedo&nbsp;&nbsp;La Voz de Asturias El Sporting sondea&hellip;\n","protected":false},"author":2,"featured_media":306887,"comment_status":"","ping_status":"","sticky":false,"template":"","format":"standard","meta":{"footnotes":""},"categories":[268],"tags":[1941,3332,168,25,24,280,282,6238,1964,1462,1945,3302,7640,281,23,167,4406],"class_list":{"0":"post-306886","1":"post","2":"type-post","3":"status-publish","4":"format-standard","5":"has-post-thumbnail","7":"category-futbol","8":"tag-copa-del-rey","9":"tag-cordoba-cf","10":"tag-deportes","11":"tag-es","12":"tag-espana","13":"tag-football","14":"tag-futbol","15":"tag-las-palmas","16":"tag-mercado-de-fichajes","17":"tag-portugal","18":"tag-primera-division","19":"tag-real-oviedo","20":"tag-segunda-division","21":"tag-soccer","22":"tag-spain","23":"tag-sports","24":"tag-ud-las-palmas"},"share_on_mastodon":{"url":"https:\/\/pubeurope.com\/@es\/115781692667021071","error":""},"_links":{"self":[{"href":"https:\/\/www.europesays.com\/es\/wp-json\/wp\/v2\/posts\/306886","targetHints":{"allow":["GET"]}}],"collection":[{"href":"https:\/\/www.europesays.com\/es\/wp-json\/wp\/v2\/posts"}],"about":[{"href":"https:\/\/www.europesays.com\/es\/wp-json\/wp\/v2\/types\/post"}],"author":[{"embeddable":true,"href":"https:\/\/www.europesays.com\/es\/wp-json\/wp\/v2\/users\/2"}],"replies":[{"embeddable":true,"href":"https:\/\/www.europesays.com\/es\/wp-json\/wp\/v2\/comments?post=306886"}],"version-history":[{"count":0,"href":"https:\/\/www.europesays.com\/es\/wp-json\/wp\/v2\/posts\/306886\/revisions"}],"wp:featuredmedia":[{"embeddable":true,"href":"https:\/\/www.europesays.com\/es\/wp-json\/wp\/v2\/media\/306887"}],"wp:attachment":[{"href":"https:\/\/www.europesays.com\/es\/wp-json\/wp\/v2\/media?parent=306886"}],"wp:term":[{"taxonomy":"category","embeddable":true,"href":"https:\/\/www.europesays.com\/es\/wp-json\/wp\/v2\/categories?post=306886"},{"taxonomy":"post_tag","embeddable":true,"href":"https:\/\/www.europesays.com\/es\/wp-json\/wp\/v2\/tags?post=306886"}],"curies":[{"name":"wp","href":"https:\/\/api.w.org\/{rel}","templated":true}]}}