{"id":306890,"date":"2025-12-25T18:50:29","date_gmt":"2025-12-25T18:50:29","guid":{"rendered":"https:\/\/www.europesays.com\/es\/306890\/"},"modified":"2025-12-25T18:50:29","modified_gmt":"2025-12-25T18:50:29","slug":"avance-del-capitulo-323-de-valle-salvaje-la-serie-de-tve-y-netflix","status":"publish","type":"post","link":"https:\/\/www.europesays.com\/es\/306890\/","title":{"rendered":"Avance del cap\u00edtulo 323 de &#8216;Valle Salvaje&#8217;, la serie de TVE y Netflix"},"content":{"rendered":"<p data-journey-content=\"true\" data-node-id=\"3\" class=\"css-6wxqfj emevuu60\">Anteriormente en &#8216;<a href=\"https:\/\/www.diezminutos.es\/valle-salvaje\/\" target=\"_blank\" data-vars-ga-outbound-link=\"https:\/\/www.diezminutos.es\/valle-salvaje\/\" data-vars-ga-ux-element=\"Hyperlink\" data-vars-ga-call-to-action=\"Valle Salvaje\" data-node-id=\"3.1\" class=\"body-link css-177bzfx emevuu60\" rel=\"nofollow noopener\">Valle Salvaje<\/a>&#8216;, todos est\u00e1n sorprendidos por los \u00faltimos acontecimientos\u2026 <a href=\"https:\/\/www.diezminutos.es\/telenovela\/espanolas\/a64564256\/valle-salvaje-capitulos-141-al-145-resumen-semanal-21-al-25-abril-tve-netflix\/\" target=\"_blank\" data-vars-ga-outbound-link=\"https:\/\/www.diezminutos.es\/telenovela\/espanolas\/a64564256\/valle-salvaje-capitulos-141-al-145-resumen-semanal-21-al-25-abril-tve-netflix\/\" data-vars-ga-ux-element=\"Hyperlink\" data-vars-ga-call-to-action=\"La tensi\u00f3n entre Adriana y Victoria\" data-node-id=\"3.3\" class=\"body-link css-177bzfx emevuu60\" rel=\"nofollow noopener\">La tensi\u00f3n entre Adriana y Victoria<\/a> Irene decide presentarse ante el duque movida por la inquietud que la consume desde hace d\u00edas. Necesita saber qu\u00e9 ser\u00e1 de su compromiso si finalmente <strong data-node-id=\"3.5\">don Hernando no logra superar su delicado estado de salud<\/strong>. Lo que no espera es la reacci\u00f3n del duque, cuya respuesta la desconcierta tanto por su frialdad como por la determinaci\u00f3n que deja entrever. Al mismo tiempo, Pepa acude a visitar a Luisa, preocupada por su silencio reciente.<\/p>\n<p><img draggable=\"true\" alt=\"valle salvaje\" title=\"Valle Salvaje\" loading=\"lazy\" width=\"4096\" height=\"2731\" decoding=\"async\" data-nimg=\"1\" style=\"color:transparent;width:100%;height:auto;\"   src=\"https:\/\/www.europesays.com\/es\/wp-content\/uploads\/2025\/12\/1766688624_120_g8d2ourxeaeuan9-6948f183b001a.jpg\" class=\"css-0 e1g79fud0\"\/><\/p>\n<p>Add RTVE<\/p>\n<p>Pepa ya sabe que Luisa quiso matarse en &#8216;Valle Salvaje&#8217; <\/p>\n<p data-journey-content=\"true\" data-node-id=\"8\" class=\"css-6wxqfj emevuu60\">La conversaci\u00f3n entre ambas la deja profundamente afectada cuando descubre que Luisa, abrumada por la desesperaci\u00f3n, lleg\u00f3 a contemplar la idea de poner fin a su vida. <strong data-node-id=\"8.1\">Ese hallazgo sacude a Pepa<\/strong>, que intenta ofrecerle consuelo y apoyo. Mientras estas tensiones personales se desarrollan, el duque mueve sus hilos en la sombra para asegurarse de que Alejo cumpla estrictamente con el pacto que ambos sellaron, decidido a que nada ni nadie altere sus planes.<\/p>\n<p data-journey-content=\"true\" data-node-id=\"10\" class=\"css-6wxqfj emevuu60\">En el cap\u00edtulo de este viernes, en TVE, B\u00e1rbara y Mart\u00edn acompa\u00f1an a Matilde y Atanasio en su camino hacia la boda secreta que han decidido celebrar lejos de miradas indiscretas. Sin embargo, al llegar al lugar acordado, descubren que el cura no aparece. <strong data-node-id=\"10.1\">El retraso, cada vez m\u00e1s inquietante, despierta dudas<\/strong> y temores: \u00bfser\u00e1 una advertencia del destino o simplemente un contratiempo inesperado? La tensi\u00f3n crece mientras los minutos avanzan sin explicaci\u00f3n alguna.<\/p>\n<p>Victoria encuentra un arma contra Mercedes en &#8216;Valle Salvaje&#8217;<img draggable=\"true\" alt=\"valle salvaje\" title=\"Valle Salvaje\" loading=\"lazy\" width=\"4096\" height=\"2730\" decoding=\"async\" data-nimg=\"1\" style=\"color:transparent;width:100%;height:auto;\"   src=\"https:\/\/www.europesays.com\/es\/wp-content\/uploads\/2025\/12\/g7-cwimwiauclxo-6947cd480169f.jpg\" class=\"css-0 e1g79fud0\"\/><\/p>\n<p>Add RTVE<\/p>\n<p data-journey-content=\"true\" data-node-id=\"16\" class=\"css-6wxqfj emevuu60\">Al mismo tiempo, Victoria aprovecha la ausencia de Mercedes para colarse sigilosamente en su habitaci\u00f3n. <strong data-node-id=\"16.1\">Sabe exactamente lo que busca<\/strong> y no tarda en encontrarlo: los an\u00f3nimos que tanto necesitaba confirmar. Con las cartas en la mano, la duquesa comprende que posee una verdad capaz de cambiar el equilibrio de poder. Lo que a\u00fan nadie sabe es qu\u00e9 piensa hacer con esa informaci\u00f3n y hasta d\u00f3nde est\u00e1 dispuesta a llegar para usarla en su favor.<\/p>\n<p><img src=\"https:\/\/www.europesays.com\/es\/wp-content\/uploads\/2025\/12\/1766688629_494_43af9b8f-983e-4e74-8e74-9a7479b0966b_1681831601.file\" alt=\"Headshot of Pilar Mart\u00ednez\" title=\"Headshot of Pilar Mart\u00ednez\" width=\"100%\" height=\"100%\" decoding=\"async\" loading=\"lazy\" class=\"css-o0wq4v ev8dhu53\"\/><\/p>\n<p>Pilar Mart\u00ednez es periodista especializada en contenidos de televisi\u00f3n y cultura, se gradu\u00f3 en la carrera en Periodismo en la Facultad de Ciencias de la Informaci\u00f3n (Universidad Complutense de Madrid) en el a\u00f1o 2018. Desde entonces ha pasado por las redacciones de Ecoteuve (El Economista), donde realiz\u00f3 sus primeras pr\u00e1cticas durante el verano del 2016.<\/p>\n<p>Posteriormente, concretamente, en el a\u00f1o 2017 se pas\u00f3 al grupo Hearst Espa\u00f1a, donde comenz\u00f3 su andadura en las revistas de televisi\u00f3n: Supertele, Teleprograma, Telenovela. Ahora colabora con Diez Minutos, en su versi\u00f3n web, donde se encarga de realizar los avances semanales de las ficciones diarias de moda, as\u00ed como entrevistas y art\u00edculos sobre los melodramas o telenovelas que aterrizan en nuestro pa\u00eds y aquellos que est\u00e1n por venir.<\/p>\n<p>Toda una cazadora de exclusivas. A esto, se suma su puesto como redactora jefe de la secci\u00f3n de novela narrativa en la revista Culturamas, medio digital de alto impacto al que lleva unida desde el a\u00f1o 2013. \u00c1vida lectora, cin\u00e9fila y seri\u00e9fila de primer nivel, ha hecho de su vocaci\u00f3n su oficio. \u00a0<\/p>\n","protected":false},"excerpt":{"rendered":"Anteriormente en &#8216;Valle Salvaje&#8216;, todos est\u00e1n sorprendidos por los \u00faltimos acontecimientos\u2026 La tensi\u00f3n entre Adriana y Victoria Irene&hellip;\n","protected":false},"author":2,"featured_media":306891,"comment_status":"","ping_status":"","sticky":false,"template":"","format":"standard","meta":{"footnotes":""},"categories":[171],"tags":[253,146,147,25,24,23,214],"class_list":{"0":"post-306890","1":"post","2":"type-post","3":"status-publish","4":"format-standard","5":"has-post-thumbnail","7":"category-tv","8":"tag-discover","9":"tag-entertainment","10":"tag-entretenimiento","11":"tag-es","12":"tag-espana","13":"tag-spain","14":"tag-tv"},"share_on_mastodon":{"url":"https:\/\/pubeurope.com\/@es\/115781713204012965","error":""},"_links":{"self":[{"href":"https:\/\/www.europesays.com\/es\/wp-json\/wp\/v2\/posts\/306890","targetHints":{"allow":["GET"]}}],"collection":[{"href":"https:\/\/www.europesays.com\/es\/wp-json\/wp\/v2\/posts"}],"about":[{"href":"https:\/\/www.europesays.com\/es\/wp-json\/wp\/v2\/types\/post"}],"author":[{"embeddable":true,"href":"https:\/\/www.europesays.com\/es\/wp-json\/wp\/v2\/users\/2"}],"replies":[{"embeddable":true,"href":"https:\/\/www.europesays.com\/es\/wp-json\/wp\/v2\/comments?post=306890"}],"version-history":[{"count":0,"href":"https:\/\/www.europesays.com\/es\/wp-json\/wp\/v2\/posts\/306890\/revisions"}],"wp:featuredmedia":[{"embeddable":true,"href":"https:\/\/www.europesays.com\/es\/wp-json\/wp\/v2\/media\/306891"}],"wp:attachment":[{"href":"https:\/\/www.europesays.com\/es\/wp-json\/wp\/v2\/media?parent=306890"}],"wp:term":[{"taxonomy":"category","embeddable":true,"href":"https:\/\/www.europesays.com\/es\/wp-json\/wp\/v2\/categories?post=306890"},{"taxonomy":"post_tag","embeddable":true,"href":"https:\/\/www.europesays.com\/es\/wp-json\/wp\/v2\/tags?post=306890"}],"curies":[{"name":"wp","href":"https:\/\/api.w.org\/{rel}","templated":true}]}}