{"id":306938,"date":"2025-12-25T19:24:11","date_gmt":"2025-12-25T19:24:11","guid":{"rendered":"https:\/\/www.europesays.com\/es\/306938\/"},"modified":"2025-12-25T19:24:11","modified_gmt":"2025-12-25T19:24:11","slug":"el-padre-de-carlos-alcaraz-rompe-su-silencio-y-responde-a-ferrero-tras-la-separacion","status":"publish","type":"post","link":"https:\/\/www.europesays.com\/es\/306938\/","title":{"rendered":"El padre de Carlos Alcaraz rompe su silencio y responde a Ferrero tras la separaci\u00f3n"},"content":{"rendered":"<p class=\"paragraph\" id=\"paragraph_1\">El entorno de <strong>Carlos Alcaraz<\/strong> ha dado su primera respuesta p\u00fablica a las palabras de <strong>Juan Carlos Ferrero<\/strong> <a href=\"https:\/\/www.elespanol.com\/deportes\/tenis\/20251218\/motivos-ruptura-alcaraz-ferrero-choque-renovacion-contrato-control-proyecto\/1003744060529_0.html?utm_cmp_rs=linksinline\" rel=\"nofollow noopener\" target=\"_blank\">tras la abrupta ruptura profesional entre ambos<\/a>, anunciada hace unos d\u00edas despu\u00e9s de siete a\u00f1os de trabajo conjunto.<\/p>\n<p class=\"paragraph\" id=\"paragraph_2\">Quien ha tomado la palabra ha sido el padre del n\u00famero uno del mundo, <strong>Carlos Alcaraz Gonz\u00e1lez<\/strong>, en unas breves declaraciones a la agencia EFE que han sido difundidas en las \u00faltimas horas.<\/p>\n<p class=\"paragraph\" id=\"paragraph_3\">El mensaje del progenitor del tenista murciano ha sido tan escueto como significativo. Preguntado por las afirmaciones de Ferrero, que en distintas entrevistas hab\u00eda explicado su malestar por la forma en que se produjo la separaci\u00f3n y hab\u00eda apuntado a desacuerdos contractuales, el padre de Alcaraz se ha limitado a se\u00f1alar: <strong>\u00abCada uno es libre de opinar con lo que sepa\u00bb<\/strong>.<\/p>\n<p><img loading=\"lazy\" decoding=\"async\" alt=\"Juan Carlos Ferrero junto a Carlos Alcaraz, tras la conquista del US Open 2025\" height=\"180\" src=\"https:\/\/www.europesays.com\/es\/wp-content\/uploads\/2025\/12\/1003744064242_260661801_320x180.jpg\" width=\"320\" data-lazy-status=\"processed\" data-lazy-info=\"remove loading item 1\"\/><\/p>\n<p class=\"paragraph\" id=\"paragraph_4\">La frase, aunque sin aportar detalles concretos, marca la primera reacci\u00f3n directa del entorno familiar a la versi\u00f3n del exentrenador.<\/p>\n<p class=\"paragraph\" id=\"paragraph_5\">Ferrero, hasta ahora \u00fanico protagonista del relato p\u00fablico de la ruptura, hab\u00eda descrito una salida que no deseaba.<\/p>\n<p class=\"paragraph\" id=\"paragraph_6\"><a href=\"https:\/\/www.elespanol.com\/deportes\/tenis\/20251224\/ferrero-ruptura-alcaraz-dolido-sensacion-tranquilidad-hecho-deberes\/1003744068622_0.html?utm_cmp_rs=linksinline\" rel=\"nofollow noopener\" target=\"_blank\">El exn\u00famero uno del mundo reconoci\u00f3 estar \u00abdolido\u00bb por el desenlace<\/a>, insisti\u00f3 en que su intenci\u00f3n era continuar al frente del equipo t\u00e9cnico y situ\u00f3 el origen de la decisi\u00f3n en el entorno del jugador, aludiendo a desacuerdos en la renovaci\u00f3n del contrato y a la imposibilidad de reconducir la situaci\u00f3n en una reuni\u00f3n cara a cara.<\/p>\n<p class=\"paragraph\" id=\"paragraph_7\">Sus declaraciones dibujaban un escenario en el que la relaci\u00f3n personal con Carlos segu\u00eda siendo buena y los resultados deportivos avalaban la continuidad, pero ciertos puntos de la nueva vinculaci\u00f3n profesional -que no detall\u00f3- habr\u00edan resultado insalvables.<\/p>\n<p><img decoding=\"async\" alt=\"Juan Carlos Ferrero y Carlos Alcaraz, en el \u00faltimo Roland Garros.\" data-imgm=\"true\" height=\"180\" loading=\"lazy\"  src=\"https:\/\/www.europesays.com\/es\/wp-content\/uploads\/2025\/12\/1003744059854_260535980_1024x576.jpg\"  width=\"320\"\/><\/p>\n<p>                                                            Juan Carlos Ferrero y Carlos Alcaraz, en el \u00faltimo Roland Garros.<\/p>\n<p class=\"paragraph\" id=\"paragraph_8\">En ese contexto, la mirada medi\u00e1tica se dirigi\u00f3 r\u00e1pidamente hacia el c\u00edrculo m\u00e1s cercano del tenista, <a href=\"https:\/\/www.elespanol.com\/deportes\/tenis\/20251220\/primer-entrenador-carlos-alcaraz-paso-mismo-ferrero-padre\/1003744064185_0.html?utm_cmp_rs=linksinline\" rel=\"nofollow noopener\" target=\"_blank\">con su padre como figura de referencia<\/a>.<\/p>\n<p class=\"paragraph\" id=\"paragraph_9\">La respuesta de Alcaraz padre llega precisamente tras esa exposici\u00f3n p\u00fablica de Ferrero. Con su \u00ab\u00bbcada uno es libre de opinar con lo que sepa\u00bb, evita desmentir frontalmente al entrenador valenciano, pero tambi\u00e9n deja entrever que, desde la familia, no se comparte del todo la lectura que este ha hecho de los hechos.<\/p>\n<p class=\"paragraph\" id=\"paragraph_10\">Al mismo tiempo, reh\u00faye ofrecer una versi\u00f3n alternativa o desvelar el fondo real del desencuentro.<\/p>\n<p class=\"paragraph\" id=\"paragraph_11\">Esa negativa a entrar en detalles mantiene intacto el hermetismo sobre los motivos concretos de la separaci\u00f3n.<\/p>\n<p><img decoding=\"async\" alt=\"Carlos Alcaraz, junto a su entrenador Samuel L\u00f3pez en un entrenamiento\" height=\"180\" loading=\"lazy\" width=\"320\" data-lazy-status=\"processed\" id=\"4146c131f1\" src=\"https:\/\/www.elespanol.com\/deportes\/tenis\/20251225\/padre-carlos-alcaraz-rompe-silencio-responde-ferrero-separacion\/[\" https:=\"\" data-lazy-info=\"changed src\"\/><\/p>\n<p class=\"paragraph\" id=\"paragraph_12\">Ni el propio jugador ni su entorno hab\u00edan querido hasta ahora ir m\u00e1s all\u00e1 del mensaje institucional de despedida difundido por Carlos en sus redes sociales, agradeciendo el trabajo de Ferrero y subrayando lo vivido juntos en estos a\u00f1os.<\/p>\n<p class=\"paragraph\" id=\"paragraph_13\">La consecuencia es que, pese al impacto deportivo y simb\u00f3lico de la ruptura -Ferrero ha sido la figura clave en la explosi\u00f3n y consolidaci\u00f3n de Alcaraz en la \u00e9lite-, el caso sigue rodeado de opacidad.<\/p>\n<p class=\"paragraph\" id=\"paragraph_14\">Por un lado, el exentrenador ha hecho p\u00fablico que no fue una decisi\u00f3n suya y ha hablado de desacuerdos en el nuevo marco laboral. Por otro, la familia del tenista responde con una frase calculada que reivindica su derecho a guardar para s\u00ed los detalles.<\/p>\n<p class=\"paragraph\" id=\"paragraph_15\">A falta de explicaciones m\u00e1s extensas, el episodio refuerza la imagen de un entorno que prefiere gestionar las decisiones estrat\u00e9gicas lejos del foco, incluso cuando se trata de una de las asociaciones m\u00e1s exitosas y medi\u00e1ticas del tenis reciente.<\/p>\n","protected":false},"excerpt":{"rendered":"El entorno de Carlos Alcaraz ha dado su primera respuesta p\u00fablica a las palabras de Juan Carlos Ferrero&hellip;\n","protected":false},"author":2,"featured_media":306939,"comment_status":"","ping_status":"","sticky":false,"template":"","format":"standard","meta":{"footnotes":""},"categories":[5],"tags":[9166,17,18,545,25,24,13,14,11,7077,19,20,9,10,15,16,23,327,11759,12,21,22],"class_list":{"0":"post-306938","1":"post","2":"type-post","3":"status-publish","4":"format-standard","5":"has-post-thumbnail","7":"category-titulares","8":"tag-atp-asociacion-de-tenistas-profesionales","9":"tag-breaking-news","10":"tag-breakingnews","11":"tag-carlos-alcaraz","12":"tag-es","13":"tag-espana","14":"tag-featured-news","15":"tag-featurednews","16":"tag-headlines","17":"tag-juan-carlos-ferrero","18":"tag-latest-news","19":"tag-latestnews","20":"tag-news","21":"tag-noticias","22":"tag-noticias-destacadas","23":"tag-noticiasdestacadas","24":"tag-spain","25":"tag-tenis","26":"tag-tenistas","27":"tag-titulares","28":"tag-ultimas-noticias","29":"tag-ultimasnoticias"},"share_on_mastodon":{"url":"https:\/\/pubeurope.com\/@es\/115781846548538787","error":""},"_links":{"self":[{"href":"https:\/\/www.europesays.com\/es\/wp-json\/wp\/v2\/posts\/306938","targetHints":{"allow":["GET"]}}],"collection":[{"href":"https:\/\/www.europesays.com\/es\/wp-json\/wp\/v2\/posts"}],"about":[{"href":"https:\/\/www.europesays.com\/es\/wp-json\/wp\/v2\/types\/post"}],"author":[{"embeddable":true,"href":"https:\/\/www.europesays.com\/es\/wp-json\/wp\/v2\/users\/2"}],"replies":[{"embeddable":true,"href":"https:\/\/www.europesays.com\/es\/wp-json\/wp\/v2\/comments?post=306938"}],"version-history":[{"count":0,"href":"https:\/\/www.europesays.com\/es\/wp-json\/wp\/v2\/posts\/306938\/revisions"}],"wp:featuredmedia":[{"embeddable":true,"href":"https:\/\/www.europesays.com\/es\/wp-json\/wp\/v2\/media\/306939"}],"wp:attachment":[{"href":"https:\/\/www.europesays.com\/es\/wp-json\/wp\/v2\/media?parent=306938"}],"wp:term":[{"taxonomy":"category","embeddable":true,"href":"https:\/\/www.europesays.com\/es\/wp-json\/wp\/v2\/categories?post=306938"},{"taxonomy":"post_tag","embeddable":true,"href":"https:\/\/www.europesays.com\/es\/wp-json\/wp\/v2\/tags?post=306938"}],"curies":[{"name":"wp","href":"https:\/\/api.w.org\/{rel}","templated":true}]}}