{"id":306978,"date":"2025-12-25T19:56:15","date_gmt":"2025-12-25T19:56:15","guid":{"rendered":"https:\/\/www.europesays.com\/es\/306978\/"},"modified":"2025-12-25T19:56:15","modified_gmt":"2025-12-25T19:56:15","slug":"de-estudiar-inef-en-madrid-a-debutar-con-el-getafe-en-primera-division","status":"publish","type":"post","link":"https:\/\/www.europesays.com\/es\/306978\/","title":{"rendered":"de estudiar INEF en Madrid a debutar con el Getafe en Primera Divisi\u00f3n"},"content":{"rendered":"<p class=\"ft-text ft-helper-closenews\">Una de las mayores motivaciones de ejercer el periodismo son las historias que se cruzan en el camino y el privilegio de poder contarlas. Casi siempre, las que m\u00e1s ilusi\u00f3n despiertan son las inusuales, aquellas que rompen el molde de lo habitual, de lo cotidiano. <strong>Una de ellas es la de Diego Hern\u00e1ndez Barriuso, Barri<\/strong>.<\/p>\n<p class=\"ft-text\">El centrocampista del <a class=\"ft-link ft-link--decoration\" href=\"https:\/\/www.elperiodicomediterraneo.com\/cd-castellon\/\" target=\"_blank\" rel=\"nofollow noopener\">CD Castell\u00f3n<\/a> <strong>naci\u00f3 el 19 de septiembre de 1995 en Salamanca y dio sus primeros pasos en el <\/strong><a class=\"ft-link ft-link--decoration\" href=\"https:\/\/www.elperiodicomediterraneo.com\/tags\/futbol\/\" rel=\"nofollow noopener\" target=\"_blank\"><strong>f\u00fatbol<\/strong><\/a><strong> en el club de referencia de su ciudad, la extinta UD Salamanca<\/strong>. All\u00ed complet\u00f3 su etapa formativa hasta su \u00faltimo a\u00f1o de juvenil, un curso marcado por la desaparici\u00f3n de la entidad debido a problemas econ\u00f3micos y por su decisi\u00f3n de iniciar sus estudios universitarios de INEF en <a class=\"ft-link ft-link--decoration\" href=\"https:\/\/www.elperiodicomediterraneo.com\/tags\/madrid-2\/\" target=\"_blank\" rel=\"nofollow noopener\">Madrid<\/a>.<\/p>\n<p class=\"ft-text\">\u201cAprovech\u00e9 ese cambio a Madrid para<strong> jugar en la Uni\u00f3n Adarve, un equipo de Divisi\u00f3n de Honor<\/strong>\u201d, recuerda. \u201cEse a\u00f1o tambi\u00e9n prob\u00e9 con el <a class=\"ft-link ft-link--decoration\" href=\"https:\/\/www.elperiodicomediterraneo.com\/tags\/rayo-vallecano\/\" target=\"_blank\" rel=\"nofollow noopener\">Rayo Vallecano<\/a>, pero no me cogieron. Estaba m\u00e1s centrado en estudiar que en el f\u00fatbol\u201d. En esa dicotom\u00eda entre la obligaci\u00f3n acad\u00e9mica y la pasi\u00f3n por seguir ligado al bal\u00f3n, Barri acab\u00f3 <strong>recalando en Los Y\u00e9benes, un conjunto de Preferente en el que, con apenas 20 <\/strong><a class=\"ft-link ft-link--decoration\" href=\"https:\/\/www.elperiodicomediterraneo.com\/tags\/anos\/\" target=\"_blank\" rel=\"nofollow noopener\"><strong>a\u00f1os<\/strong><\/a><strong>, jugar al f\u00fatbol incluso le costaba <\/strong><a class=\"ft-link ft-link--decoration\" href=\"https:\/\/www.elperiodicomediterraneo.com\/tags\/dinero\/\" target=\"_blank\" rel=\"nofollow noopener\"><strong>dinero<\/strong><\/a>.<\/p>\n<p><img decoding=\"async\" src=\"https:\/\/www.europesays.com\/es\/wp-content\/uploads\/2025\/12\/e7e78693-041e-4094-9cd1-df68701cb668_alta-libre-aspect-ratio_default_0.jpg\" width=\"1200\" height=\"800\" alt=\"El centrocampista 'orellut' es el cuarto futbolista que m\u00e1s minutos ha disputado esta temporada\" class=\"ft-helper-img-rd\" loading=\"lazy\"\/><\/p>\n<p class=\"ft-helper-fontColor-quaternary ft-helper-fontSize-body-S ft-helper-spacer-t-xxs\">El centrocampista &#8216;orellut&#8217; es el cuarto futbolista que m\u00e1s minutos ha disputado esta temporada  \/ Toni Losas<\/p>\n<p class=\"ft-text\">\u00bfQui\u00e9n pod\u00eda imaginar entonces que, en apenas tres a\u00f1os, aquel joven acabar\u00eda debutando en <a class=\"ft-link ft-link--decoration\" href=\"https:\/\/www.elperiodicomediterraneo.com\/tags\/primera-division\/\" target=\"_blank\" rel=\"nofollow noopener\">Primera Divisi\u00f3n<\/a>? \u201cFue todo un poco carambola\u201d, admite. Todo comenz\u00f3 gracias a un compa\u00f1ero de carrera al que Barri hab\u00eda invitado a verle jugar y que, tiempo despu\u00e9s, se incorpor\u00f3 como segundo entrenador del M\u00f3stoles CF, en Tercera Divisi\u00f3n. Su <strong>insistencia propici\u00f3 el fichaje del salmantino, que dio un primer salto de categor\u00eda y que, poco despu\u00e9s, acabar\u00eda firmando por el <\/strong><a class=\"ft-link ft-link--decoration\" href=\"https:\/\/www.elperiodicomediterraneo.com\/tags\/getafe\/\" target=\"_blank\" rel=\"nofollow noopener\"><strong>Getafe<\/strong><\/a><strong> B <\/strong>(Tercera Divisi\u00f3n). Todo ello, en apenas dos a\u00f1os.<\/p>\n<p class=\"ft-text\">\u201cLa decisi\u00f3n no fue f\u00e1cil, porque ten\u00eda otras opciones en Segunda B, pero me decant\u00e9 por el Getafe\u201d, explica. Una elecci\u00f3n acertada que, apenas ocho meses y medio despu\u00e9s, <strong>le permiti\u00f3 cumplir un sue\u00f1o: debutar en Primera Divisi\u00f3n. Fue en un Eibar-Getafe, cuando Jos\u00e9 Bordal\u00e1s le dio entrada en el minuto 68 en el triunfo del conjunto azul\u00f3n<\/strong>.<\/p>\n<p class=\"ft-text\">\u201c<strong>Fue uno de los mejores d\u00edas de mi vida. El sue\u00f1o de todo ni\u00f1o al que le gusta el f\u00fatbol es debutar en Primera Divisi\u00f3n<\/strong>. Adem\u00e1s, estaban mis padres en la grada y fue muy emotivo. Ganamos ese partido y luego jugu\u00e9 otro encuentro completo que tambi\u00e9n acabamos ganando. Es un recuerdo inolvidable\u201d, rememora.<\/p>\n<p><img decoding=\"async\" src=\"https:\/\/www.europesays.com\/es\/wp-content\/uploads\/2025\/12\/018e98fb-7b29-4e60-a7e4-4b2f4de7c30f_alta-libre-aspect-ratio_default_0_x686y0.jpg\" width=\"1200\" height=\"824\" alt=\"Calatrava y Barri, celebrando el pasado lunes la quinta victoria consecutiva del equipo albinegro.\" class=\"ft-helper-img-rd\" loading=\"lazy\"\/><\/p>\n<p class=\"ft-helper-fontColor-quaternary ft-helper-fontSize-body-S ft-helper-spacer-t-xxs\">Calatrava y Barri, celebrando la victoria ante el CD Mirand\u00e9s  \/ CD Castell\u00f3n<\/p>\n<p class=\"ft-text\">Aquel estreno en la \u00e9lite <a class=\"ft-link ft-link--decoration\" href=\"https:\/\/www.elperiodicomediterraneo.com\/tags\/vinos\/\" target=\"_blank\" rel=\"nofollow noopener\">vino<\/a> acompa\u00f1ado, adem\u00e1s, de un art\u00edculo firmado por Carlos Matallanas que apareci\u00f3 d\u00edas despu\u00e9s en la contraportada de AS. <strong>\u201cFue incre\u00edble encontrarme en el peri\u00f3dico<\/strong>. Ven\u00eda de jugar en el M\u00f3stoles, en Tercera Divisi\u00f3n, antes de fichar por el Getafe, y al a\u00f1o siguiente estaba debutando en Primera. Hace tiempo que no lo releo, pero le guardo mucho cari\u00f1o\u201d.<\/p>\n<p class=\"ft-text\">Tras finalizar la temporada y asentarse en el f\u00fatbol profesional, se le abrieron las puertas del Albacete Balompi\u00e9, donde milit\u00f3 durante dos campa\u00f1as. En la primera de ellas, <strong>el equipo roz\u00f3 el ascenso a Primera Divisi\u00f3n tras clasificarse para el play-off<\/strong>.<\/p>\n<p class=\"ft-text\">\u201cNadie contaba con nosotros a principio de temporada. Hicimos un gran equipo y un vestuario muy fuerte. Empezaron a llegar las victorias y parec\u00eda que no nos pod\u00eda parar nadie. Estuvimos muy cerca del ascenso directo y, al final, <strong>ca\u00edmos en el play-off, donde nos elimin\u00f3 el <\/strong><a class=\"ft-link ft-link--decoration\" href=\"https:\/\/www.elperiodicomediterraneo.com\/tags\/mallorca\/\" target=\"_blank\" rel=\"nofollow noopener\"><strong>Mallorca<\/strong><\/a><strong>, que acabar\u00eda subiendo. Fue un a\u00f1o muy bonito y guardo un gran recuerdo del club<\/strong>\u201d, a\u00f1ade.<\/p>\n<p class=\"ft-text\">Del Albacete pas\u00f3 al Badajoz, con un par\u00e9ntesis en forma de cesi\u00f3n de medio a\u00f1o al <a class=\"ft-link ft-link--decoration\" href=\"https:\/\/www.elperiodicomediterraneo.com\/tags\/celta-de-vigo\/\" target=\"_blank\" rel=\"nofollow noopener\">Celta de Vigo<\/a> B, <strong>antes de afrontar una de las decisiones m\u00e1s importantes de su carrera: marcharse al f\u00fatbol croata<\/strong>. Una oportunidad inesperada que lleg\u00f3 en un contexto complicado y que termin\u00f3 marcando un punto de inflexi\u00f3n.<\/p>\n<p><img decoding=\"async\" src=\"https:\/\/www.europesays.com\/es\/wp-content\/uploads\/2025\/12\/3b9a57be-2ba9-486e-9ef0-8cb47f733ffd_alta-libre-aspect-ratio_default_0.jpg\" width=\"1200\" height=\"800\" alt=\"Diego Barri se march\u00f3 al Osijek croata donde milit\u00f3 durante dos temporadas\" class=\"ft-helper-img-rd\" loading=\"lazy\"\/><\/p>\n<p class=\"ft-helper-fontColor-quaternary ft-helper-fontSize-body-S ft-helper-spacer-t-xxs\">Diego Barri se march\u00f3 al Osijek croata donde milit\u00f3 durante dos temporadas  \/ Toni Losas<\/p>\n<p class=\"ft-text\">\u201cFue una oportunidad que no pod\u00eda desaprovechar. Estaba en el Badajoz y ese a\u00f1o hubo problemas de impagos. Me sali\u00f3 la opci\u00f3n de ir a uno de los equipos m\u00e1s fuertes de Croacia. Es verdad que no conceb\u00eda salir al extranjero, pero vi que era una buena oferta, no solo a nivel econ\u00f3mico, sino tambi\u00e9n deportivo.<strong> Fue un paso importante en mi carrera y me ayud\u00f3 a crecer mucho, tanto futbol\u00edstica como personalmente<\/strong>\u201d, confes\u00f3.<\/p>\n<p class=\"ft-text\">Tras su experiencia en el extranjero, Barri regres\u00f3 a <a class=\"ft-link ft-link--decoration\" href=\"https:\/\/www.elperiodicomediterraneo.com\/tags\/espana\/\" target=\"_blank\" rel=\"nofollow noopener\">Espa\u00f1a<\/a> para iniciar una etapa en la <a class=\"ft-link ft-link--decoration\" href=\"https:\/\/www.elperiodicomediterraneo.com\/cultura\/\" target=\"_blank\" rel=\"nofollow noopener\">Cultural<\/a> y Deportiva Leonesa, donde permaneci\u00f3 durante dos temporadas y <strong>logr\u00f3 uno de los hitos m\u00e1s importantes de su trayectoria: el ascenso a <\/strong><a class=\"ft-link ft-link--decoration\" href=\"https:\/\/www.elperiodicomediterraneo.com\/tags\/segunda-division\/\" target=\"_blank\" rel=\"nofollow noopener\"><strong>Segunda Divisi\u00f3n<\/strong><\/a>.<\/p>\n<p class=\"ft-text\">\u201c<strong>Le\u00f3n es, a d\u00eda de hoy, el sitio donde mejor he vivido y m\u00e1s he disfrutado del f\u00fatbol<\/strong>. Desde el primer d\u00eda estuve muy a gusto; conect\u00e9 con la ciudad, el club y la gente. Adem\u00e1s, estaba cerca de <a class=\"ft-link ft-link--decoration\" href=\"https:\/\/www.elperiodicomediterraneo.com\/tags\/casa\/\" target=\"_blank\" rel=\"nofollow noopener\">casa<\/a>. El primer a\u00f1o, a nivel individual, me salieron muy bien las cosas y en verano tuve alguna otra opci\u00f3n, incluso del <a class=\"ft-link ft-link--decoration\" href=\"https:\/\/www.elperiodicomediterraneo.com\/castello-provincia\/\" target=\"_blank\" rel=\"nofollow noopener\">Castell\u00f3n<\/a>, que habl\u00f3 conmigo. <strong>Pero yo quer\u00eda conseguir ese ascenso. Cre\u00eda que iba a ser hist\u00f3rico para el club e inolvidable para m\u00ed. Y acert\u00e9 de <\/strong><a class=\"ft-link ft-link--decoration\" href=\"https:\/\/www.elperiodicomediterraneo.com\/tags\/pleno\/\" target=\"_blank\" rel=\"nofollow noopener\"><strong>pleno<\/strong><\/a>\u201d, concluy\u00f3 Barri.<\/p>\n<p class=\"ft-text\">Su \u00faltimo paso fue la <strong>llegada a Castell\u00f3n el pasado verano, firmando hasta 2027 con el conjunto albinegro<\/strong>, donde ha encontrado continuidad desde el primer d\u00eda y espera seguir ampliando una trayectoria construida a base de constancia y ambici\u00f3n.<\/p>\n<p data-close=\"closedContent\" class=\"subscribeHideForDisplay\">Suscr\u00edbete para seguir leyendo<\/p>\n","protected":false},"excerpt":{"rendered":"Una de las mayores motivaciones de ejercer el periodismo son las historias que se cruzan en el camino&hellip;\n","protected":false},"author":2,"featured_media":306979,"comment_status":"","ping_status":"","sticky":false,"template":"","format":"standard","meta":{"footnotes":""},"categories":[268],"tags":[72546,3965,16752,168,15477,72549,3496,25,24,5687,280,282,13723,448,72548,72547,205,1078,1945,281,23,167],"class_list":{"0":"post-306978","1":"post","2":"type-post","3":"status-publish","4":"format-standard","5":"has-post-thumbnail","7":"category-futbol","8":"tag-barri","9":"tag-castellon","10":"tag-cd-castellon","11":"tag-deportes","12":"tag-diego","13":"tag-diego-barri","14":"tag-division","15":"tag-es","16":"tag-espana","17":"tag-estudiar","18":"tag-football","19":"tag-futbol","20":"tag-getafe","21":"tag-historia","22":"tag-inef","23":"tag-juagador","24":"tag-madrid","25":"tag-primera","26":"tag-primera-division","27":"tag-soccer","28":"tag-spain","29":"tag-sports"},"share_on_mastodon":{"url":"https:\/\/pubeurope.com\/@es\/115781972378504269","error":""},"_links":{"self":[{"href":"https:\/\/www.europesays.com\/es\/wp-json\/wp\/v2\/posts\/306978","targetHints":{"allow":["GET"]}}],"collection":[{"href":"https:\/\/www.europesays.com\/es\/wp-json\/wp\/v2\/posts"}],"about":[{"href":"https:\/\/www.europesays.com\/es\/wp-json\/wp\/v2\/types\/post"}],"author":[{"embeddable":true,"href":"https:\/\/www.europesays.com\/es\/wp-json\/wp\/v2\/users\/2"}],"replies":[{"embeddable":true,"href":"https:\/\/www.europesays.com\/es\/wp-json\/wp\/v2\/comments?post=306978"}],"version-history":[{"count":0,"href":"https:\/\/www.europesays.com\/es\/wp-json\/wp\/v2\/posts\/306978\/revisions"}],"wp:featuredmedia":[{"embeddable":true,"href":"https:\/\/www.europesays.com\/es\/wp-json\/wp\/v2\/media\/306979"}],"wp:attachment":[{"href":"https:\/\/www.europesays.com\/es\/wp-json\/wp\/v2\/media?parent=306978"}],"wp:term":[{"taxonomy":"category","embeddable":true,"href":"https:\/\/www.europesays.com\/es\/wp-json\/wp\/v2\/categories?post=306978"},{"taxonomy":"post_tag","embeddable":true,"href":"https:\/\/www.europesays.com\/es\/wp-json\/wp\/v2\/tags?post=306978"}],"curies":[{"name":"wp","href":"https:\/\/api.w.org\/{rel}","templated":true}]}}