{"id":306990,"date":"2025-12-25T20:04:14","date_gmt":"2025-12-25T20:04:14","guid":{"rendered":"https:\/\/www.europesays.com\/es\/306990\/"},"modified":"2025-12-25T20:04:14","modified_gmt":"2025-12-25T20:04:14","slug":"revertir-el-alzheimer-cientificos-logran-recuperacion-cerebral-completa-en-ratones-al-restaurar-la-energia-de-las-neuronas","status":"publish","type":"post","link":"https:\/\/www.europesays.com\/es\/306990\/","title":{"rendered":"\u00bfRevertir el alzh\u00e9imer? Cient\u00edficos logran recuperaci\u00f3n cerebral completa en ratones al restaurar la energ\u00eda de las neuronas"},"content":{"rendered":"<p><b>Durante m\u00e1s de un siglo, el alzh\u00e9imer ha sido considerado una enfermedad irreversible<\/b>. Esa convicci\u00f3n ha marcado el rumbo de la investigaci\u00f3n cient\u00edfica, enfocada casi exclusivamente en prevenir su aparici\u00f3n o, en el mejor de los casos, ralentizar su avance. Un nuevo estudio liderado por investigadores de University Hospitals, Case Western Reserve University y el Louis Stokes Cleveland VA Medical Center desaf\u00eda de manera directa ese paradigma al mostrar que, <b>al menos en modelos animales, la enfermedad no solo puede prevenirse, sino tambi\u00e9n revertirse.<\/b><\/p>\n<p class=\"c-leatambien__titulo\"> LEA TAMBI\u00c9N <\/p>\n<p><img decoding=\"async\" alt=\"Ajos\" width=\"120\" height=\"120\" loading=\"lazy\" src=\"https:\/\/imagenes2.eltiempo.com\/files\/image_120_120\/uploads\/2025\/12\/24\/694bf2fe8551e.png\" data-full-src=\"https:\/\/www.europesays.com\/es\/wp-content\/uploads\/2025\/12\/694bf2fe8551e.png\"\/><\/p>\n<p>El trabajo, publicado en Cell Reports Medicine y encabezado por la investigadora Kalyani Chaubey, se propuso responder una pregunta que hasta ahora parec\u00eda fuera de alcance: si un cerebro ya afectado por un alzh\u00e9imer avanzado pod\u00eda recuperarse. Para ello, el equipo estudi\u00f3 distintos modelos precl\u00ednicos en ratones y analiz\u00f3 cerebros humanos con diagn\u00f3stico de alzh\u00e9imer. <b>El hallazgo central apunta a un fallo en el mantenimiento de los niveles normales de una mol\u00e9cula clave para la energ\u00eda celular: el NAD+.<\/b><\/p>\n<p>El papel del NAD+ en el deterioro cerebral<\/p>\n<p>Seg\u00fan el estudio, <b>la incapacidad del cerebro para conservar un equilibrio adecuado de NAD+ es un factor determinante en el desarrollo del alzh\u00e9imer<\/b>. Esta mol\u00e9cula, esencial para m\u00faltiples procesos celulares, disminuye de manera natural con la edad en todo el organismo. Sin embargo, los investigadores observaron que esa ca\u00edda es \u201ca\u00fan m\u00e1s severa en los cerebros de personas con alzh\u00e9imer\u201d, un patr\u00f3n que tambi\u00e9n se repite en los modelos animales de la enfermedad.<\/p>\n<p>Para explorar las consecuencias de este desequilibrio, el equipo utiliz\u00f3 dos l\u00edneas de ratones gen\u00e9ticamente modificados: una con mutaciones humanas relacionadas con el procesamiento del amiloide y otra con una mutaci\u00f3n en la <b>prote\u00edna tau<\/b>. Ambas reproducen caracter\u00edsticas clave del alzh\u00e9imer, como inflamaci\u00f3n cerebral, degeneraci\u00f3n neuronal, deterioro de la barrera hematoencef\u00e1lica y graves problemas cognitivos.<\/p>\n<p>Los resultados mostraron que preservar el equilibrio de NAD+ antes del inicio de la enfermedad bloque\u00f3 su aparici\u00f3n. M\u00e1s a\u00fan, <b>restaurar ese equilibrio en etapas avanzadas permiti\u00f3 revertir los principales da\u00f1os patol\u00f3gicos y recuperar la funci\u00f3n cognitiva<\/b>. En ambos modelos, los ratones lograron una recuperaci\u00f3n completa de sus capacidades cognitivas, acompa\u00f1ada de la normalizaci\u00f3n de un biomarcador sangu\u00edneo asociado al alzh\u00e9imer.<\/p>\n<p class=\"c-cuerpo__media__txt\">Se debe\u00a0determinar si la eficacia observada en animales se traduce en pacientes. Foto:iStock.<\/p>\n<p>Recuperaci\u00f3n funcional y cambio de paradigma<\/p>\n<p>El tratamiento se bas\u00f3 en un agente farmacol\u00f3gico denominado <b>P7C3-A20<\/b>, desarrollado en el laboratorio del investigador Andrew A. Pieper, autor principal del estudio. \u201cNos sentimos muy entusiasmados y alentados por nuestros resultados\u201d, afirm\u00f3 Pieper. \u201cRestaurar el equilibrio energ\u00e9tico del cerebro logr\u00f3 una recuperaci\u00f3n patol\u00f3gica y funcional en ambas l\u00edneas de ratones con alzh\u00e9imer avanzado\u201d.<\/p>\n<p>El hecho de observar este efecto en modelos impulsados por causas gen\u00e9ticas distintas refuerza la hip\u00f3tesis central del estudio. \u201cVer este resultado en dos modelos animales muy diferentes fortalece la idea de que restaurar el equilibrio de NAD+ en el cerebro podr\u00eda ayudar a los pacientes a recuperarse del alzh\u00e9imer\u201d, a\u00f1adi\u00f3 el investigador.<\/p>\n<p>Pieper subray\u00f3 que el hallazgo plantea un giro profundo en la manera de pensar el tratamiento de la enfermedad. \u201cEl mensaje clave es uno de esperanza: los efectos del alzh\u00e9imer pueden no ser inevitablemente permanentes\u201d, se\u00f1al\u00f3. \u201cEl cerebro da\u00f1ado puede, bajo ciertas condiciones, repararse a s\u00ed mismo y recuperar su funci\u00f3n\u201d.<\/p>\n<p>La investigadora Chaubey explic\u00f3 que el estudio no solo demostr\u00f3 una v\u00eda farmacol\u00f3gica para lograr esta reversi\u00f3n en modelos animales, sino que tambi\u00e9n<b> identific\u00f3 prote\u00ednas candidatas en el cerebro humano que podr\u00edan estar relacionadas con esa capacidad de recuperaci\u00f3n.<\/b><\/p>\n<p class=\"c-leatambien__titulo\"> LEA TAMBI\u00c9N <\/p>\n<p><img decoding=\"async\" alt=\"Alzheimer\" width=\"120\" height=\"120\" loading=\"lazy\" src=\"https:\/\/imagenes2.eltiempo.com\/files\/image_120_120\/uploads\/2025\/12\/12\/693c1a8be5fd0.png\" data-full-src=\"https:\/\/www.europesays.com\/es\/wp-content\/uploads\/2025\/12\/693c1a8be5fd0.png\"\/><\/p>\n<p>Los autores advirtieron, sin embargo, que <b>este enfoque no debe confundirse con el uso de precursores de NAD+ disponibles sin receta<\/b>, los cuales han mostrado elevar peligrosamente sus niveles en modelos animales. En contraste, el f\u00e1rmaco estudiado permite mantener un equilibrio adecuado sin llevarlos a niveles anormales.<\/p>\n<p>El trabajo abre la puerta a nuevas investigaciones y a la eventual realizaci\u00f3n de ensayos cl\u00ednicos en humanos. \u201cEste nuevo enfoque terap\u00e9utico necesita avanzar hacia estudios cl\u00ednicos cuidadosamente dise\u00f1ados para <b>determinar si la eficacia observada en animales se traduce en pacientes<\/b>\u201d, concluy\u00f3 Pieper.<\/p>\n<p>REDACCI\u00d3N SALUD<\/p>\n","protected":false},"excerpt":{"rendered":"Durante m\u00e1s de un siglo, el alzh\u00e9imer ha sido considerado una enfermedad irreversible. Esa convicci\u00f3n ha marcado el&hellip;\n","protected":false},"author":2,"featured_media":306991,"comment_status":"","ping_status":"","sticky":false,"template":"","format":"standard","meta":{"footnotes":""},"categories":[92],"tags":[3350,645,158,25,24,165,14336,54640,166,23],"class_list":{"0":"post-306990","1":"post","2":"type-post","3":"status-publish","4":"format-standard","5":"has-post-thumbnail","7":"category-salud","8":"tag-alzheimer","9":"tag-cientificos","10":"tag-el","11":"tag-es","12":"tag-espana","13":"tag-health","14":"tag-logran","15":"tag-revertir","16":"tag-salud","17":"tag-spain"},"share_on_mastodon":{"url":"https:\/\/pubeurope.com\/@es\/115782003912935827","error":""},"_links":{"self":[{"href":"https:\/\/www.europesays.com\/es\/wp-json\/wp\/v2\/posts\/306990","targetHints":{"allow":["GET"]}}],"collection":[{"href":"https:\/\/www.europesays.com\/es\/wp-json\/wp\/v2\/posts"}],"about":[{"href":"https:\/\/www.europesays.com\/es\/wp-json\/wp\/v2\/types\/post"}],"author":[{"embeddable":true,"href":"https:\/\/www.europesays.com\/es\/wp-json\/wp\/v2\/users\/2"}],"replies":[{"embeddable":true,"href":"https:\/\/www.europesays.com\/es\/wp-json\/wp\/v2\/comments?post=306990"}],"version-history":[{"count":0,"href":"https:\/\/www.europesays.com\/es\/wp-json\/wp\/v2\/posts\/306990\/revisions"}],"wp:featuredmedia":[{"embeddable":true,"href":"https:\/\/www.europesays.com\/es\/wp-json\/wp\/v2\/media\/306991"}],"wp:attachment":[{"href":"https:\/\/www.europesays.com\/es\/wp-json\/wp\/v2\/media?parent=306990"}],"wp:term":[{"taxonomy":"category","embeddable":true,"href":"https:\/\/www.europesays.com\/es\/wp-json\/wp\/v2\/categories?post=306990"},{"taxonomy":"post_tag","embeddable":true,"href":"https:\/\/www.europesays.com\/es\/wp-json\/wp\/v2\/tags?post=306990"}],"curies":[{"name":"wp","href":"https:\/\/api.w.org\/{rel}","templated":true}]}}