{"id":307026,"date":"2025-12-25T20:34:35","date_gmt":"2025-12-25T20:34:35","guid":{"rendered":"https:\/\/www.europesays.com\/es\/307026\/"},"modified":"2025-12-25T20:34:35","modified_gmt":"2025-12-25T20:34:35","slug":"los-cinco-partidazos-del-barca-que-quedaran-de-2025","status":"publish","type":"post","link":"https:\/\/www.europesays.com\/es\/307026\/","title":{"rendered":"Los cinco partidazos del Bar\u00e7a que quedar\u00e1n de 2025"},"content":{"rendered":"<p>                        De los 35 encuentros oficiales que el Bar\u00e7a ha disputado en 2025, solo siete han terminado en derrota\n<\/p>\n<p><img src=\"https:\/\/www.mundodeportivo.com\/files\/image_449_220\/files\/fp\/uploads\/2025\/12\/03\/69300cc111817.r_d.2592-2927-657.jpeg\" data-full-src=\"https:\/\/www.europesays.com\/es\/wp-content\/uploads\/2025\/12\/69300cc111817.jpeg\" alt=\"Horizontal\" width=\"449\" height=\"220\" class=\"nolazy\" decoding=\"async\" fetchpriority=\"high\"\/><\/p>\n<p class=\"caption-title \">Jules Kound\u00e9 celebr\u00f3 euf\u00f3rico su gol en el 116\u2019 de la final de Copa\u00a0<\/p>\n<p>Pere Punt\u00ed \/ Propias<\/p>\n<p>                <img loading=\"lazy\" decoding=\"async\" width=\"60\" height=\"60\" alt=\"Los cinco partidazos del Bar\u00e7a que quedar\u00e1n de 2025\" title=\"\" src=\"\/files\/image_60_60\/uploads\/2021\/07\/08\/60e71f82e243d.png\" class=\"lazy\"\/><\/p>\n<p>\n                        Actualizado a  25\/12\/2025 07:00 CET\n                    <\/p>\n<p data-gtm-element-container=\"modulo-texto-link\" class=\"paragraph\">De los 35 encuentros oficiales que el <strong>Bar\u00e7a <\/strong>ha disputado en 2025, solo siete han terminado en derrota. Gran cosecha para los de <strong>Hansi Flick<\/strong>, que han logrado levantar tres t\u00edtulos. A la hora de revisitar los encuentros, sin duda hay cinco que quedar\u00e1n para la historia, en el lado bueno de la balanza, y hay una noche para olvidar. La de <strong>San Siro<\/strong>, ante el <strong>Inter<\/strong>, que cuando el <strong>Bar\u00e7a <\/strong>parec\u00eda ya clasificado para la final de la Champions, lleg\u00f3 el disgusto del a\u00f1o. En cambio, mejor saborear cinco partidazos.<\/p>\n<p>            <img loading=\"lazy\" decoding=\"async\" data-full-src=\"https:\/\/www.mundodeportivo.com\/uploads\/2025\/01\/13\/6784eb01844c8.jpeg\" alt=\"El presidente del FC Barcelona se uni\u00f3 a la celebraci\u00f3n y festejos de los jugadores y t\u00e9cnicos del Bar\u00e7a. Los azulgranas ganaron 2-5 al Real Madrid en la final de la Supercopa de Espa\u00f1a.\" width=\"449\" height=\"220\" src=\"https:\/\/www.europesays.com\/es\/wp-content\/uploads\/2025\/12\/6784eb01844c8.r_d.277-294-6236.jpeg\" class=\"lazy\"\/><\/p>\n<p>            1<\/p>\n<p>    Real Madrid-Bar\u00e7a 2-5<br \/>\n12 de enero de 2025<\/p>\n<p class=\"module-text\">1. La final de la Supercopa ganada al Madrid (2-5). Una manita con un tridente estelar, con I\u00f1igo lesion\u00e1ndose pronto, Szcsesny expulsado y maltratando al Madrid con su medicina, la del contragolpe.<\/p>\n<p>            <img loading=\"lazy\" decoding=\"async\" data-full-src=\"https:\/\/www.mundodeportivo.com\/uploads\/2025\/01\/21\/67901bf9bf3fa.jpeg\" alt=\"El Bar\u00e7a consigue una victoria inveros\u00edmil ante el Benfica y sella la clasificaci\u00f3n directa para los octavos de final de la Champions. Los azulgrana han remontado un partido que parec\u00eda perdido con dobletes de Lewandowski y Raphinha y un tanto de Eric Garcia.\" width=\"449\" height=\"220\" src=\"https:\/\/www.europesays.com\/es\/wp-content\/uploads\/2025\/12\/67901bf9bf3fa.r_d.323-147.jpeg\" class=\"lazy\"\/><\/p>\n<p>            2<\/p>\n<p>    Benfica-Bar\u00e7a 4-5<br \/>\n26 de enero de 2025<\/p>\n<p class=\"module-text\">2. El loco Benfica-Bar\u00e7a (4-5) de la fase liga de la Champions. Ganar en el minuto 95, gracias a la galopada de Raphinha, despu\u00e9s de ir perdiendo 4-1 y meter tres goles en el \u00faltimo cuarto de hora fue para dar botes en el sof\u00e1.<\/p>\n<p>            <img loading=\"lazy\" decoding=\"async\" data-full-src=\"https:\/\/www.mundodeportivo.com\/uploads\/2025\/04\/27\/680d6c459d413.jpeg\" alt=\"Horizontal\" width=\"449\" height=\"220\" src=\"https:\/\/www.europesays.com\/es\/wp-content\/uploads\/2025\/12\/680d6c459d413.r_d.4128-2752.jpeg\" class=\"lazy\"\/><\/p>\n<p>            3<\/p>\n<p>    Bar\u00e7a-Real Madrid 3-2<br \/>\n26 de abril de 2025<\/p>\n<p class=\"module-text\">3. La final de Copa, tambi\u00e9n ganada al Real Madrid (3-2), en un duelo abierto, apasionante por las alternativas. El gol salvador de Ferran Torres y el zapatazo de Kound\u00e9 en la pr\u00f3rroga hicieron temblar Barcelona. Fue ese tanto, en Sevilla, el momento cl\u00edmax del a\u00f1o.<\/p>\n<p>            <img loading=\"lazy\" decoding=\"async\" data-full-src=\"https:\/\/www.mundodeportivo.com\/uploads\/2025\/05\/11\/6820ececa2567.jpeg\" alt=\"El Cl\u00e1sico entre el FC Barcelona y el Real Madrid, disputado en el Estadi Ol\u00edmpic Llu\u00eds Companys, dej\u00f3 im\u00e1genes para el recuerdo.\" width=\"449\" height=\"220\" src=\"https:\/\/www.europesays.com\/es\/wp-content\/uploads\/2025\/12\/6820ececa2567.jpeg\" class=\"lazy\"\/><\/p>\n<p>            4<\/p>\n<p>    Bar\u00e7a-Real Madrid 4-3<br \/>\n11 de mayo de 2025<\/p>\n<p class=\"module-text\">4. De nuevo, victoria contra el Madrid (4-3) en Montju\u00efc. Esta vez para dejar la Liga sentenciada a tres jornadas del final. Ni las descaradas ayudas de Hern\u00e1ndez Hern\u00e1ndez pudieron frenar a Raphinha, Lamine Yamal y un Eric Garcia plet\u00f3ricos.<\/p>\n<p>            <img loading=\"lazy\" decoding=\"async\" data-full-src=\"https:\/\/www.mundodeportivo.com\/uploads\/2025\/11\/13\/69161095726eb.jpeg\" alt=\"Lamine Yamal marc\u00f3 un espectacular gol contra el Espanyol el curso pasado\" width=\"449\" height=\"220\" src=\"https:\/\/www.europesays.com\/es\/wp-content\/uploads\/2025\/12\/69161095726eb.r_d.3389-2913.jpeg\" class=\"lazy\"\/><\/p>\n<p>            5<\/p>\n<p>    Espanyol-Bar\u00e7a 0-2<br \/>\n15 de mayo de 2025<\/p>\n<p class=\"module-text\">5. Una semana despu\u00e9s, se conquistaba la Liga en el  feudo del Espanyol (0-2). Como la \u00faltima Liga, con Xavi en el banquillo, el Bar\u00e7a ganaba el t\u00edtulo ante la afici\u00f3n que m\u00e1s le duele. Futbol\u00edsticamente no fue un partidazo, pero s\u00ed las obras de arte de Lamine Yamal y Ferm\u00edn que ganaban un t\u00edtulo<\/p>\n<p>\n        Mostrar comentarios\n    <\/p>\n<p>{\u00aballowComment\u00bb:\u00bballowed\u00bb,\u00bbarticleId\u00bb:\u00bbarticle-1002591865&#8243;,\u00bburl\u00bb:\u00bbhttps:\\\/\\\/www.mundodeportivo.com\\\/futbol\\\/fc-barcelona\\\/20251225\\\/1002591865\\\/cinco-partidazos-barca-quedaran-2025.html\u00bb,\u00bblivefyre-url\u00bb:\u00bbarticle-1002591865&#8243;}<\/p>\n<p>Cargando siguiente contenido&#8230;\n                <\/p>\n","protected":false},"excerpt":{"rendered":"De los 35 encuentros oficiales que el Bar\u00e7a ha disputado en 2025, solo siete han terminado en derrota&hellip;\n","protected":false},"author":2,"featured_media":307027,"comment_status":"","ping_status":"","sticky":false,"template":"","format":"standard","meta":{"footnotes":""},"categories":[5],"tags":[17,18,25,24,13,14,11,19,20,9,10,15,16,23,12,21,22],"class_list":{"0":"post-307026","1":"post","2":"type-post","3":"status-publish","4":"format-standard","5":"has-post-thumbnail","7":"category-titulares","8":"tag-breaking-news","9":"tag-breakingnews","10":"tag-es","11":"tag-espana","12":"tag-featured-news","13":"tag-featurednews","14":"tag-headlines","15":"tag-latest-news","16":"tag-latestnews","17":"tag-news","18":"tag-noticias","19":"tag-noticias-destacadas","20":"tag-noticiasdestacadas","21":"tag-spain","22":"tag-titulares","23":"tag-ultimas-noticias","24":"tag-ultimasnoticias"},"share_on_mastodon":{"url":"https:\/\/pubeurope.com\/@es\/115782121792477286","error":""},"_links":{"self":[{"href":"https:\/\/www.europesays.com\/es\/wp-json\/wp\/v2\/posts\/307026","targetHints":{"allow":["GET"]}}],"collection":[{"href":"https:\/\/www.europesays.com\/es\/wp-json\/wp\/v2\/posts"}],"about":[{"href":"https:\/\/www.europesays.com\/es\/wp-json\/wp\/v2\/types\/post"}],"author":[{"embeddable":true,"href":"https:\/\/www.europesays.com\/es\/wp-json\/wp\/v2\/users\/2"}],"replies":[{"embeddable":true,"href":"https:\/\/www.europesays.com\/es\/wp-json\/wp\/v2\/comments?post=307026"}],"version-history":[{"count":0,"href":"https:\/\/www.europesays.com\/es\/wp-json\/wp\/v2\/posts\/307026\/revisions"}],"wp:featuredmedia":[{"embeddable":true,"href":"https:\/\/www.europesays.com\/es\/wp-json\/wp\/v2\/media\/307027"}],"wp:attachment":[{"href":"https:\/\/www.europesays.com\/es\/wp-json\/wp\/v2\/media?parent=307026"}],"wp:term":[{"taxonomy":"category","embeddable":true,"href":"https:\/\/www.europesays.com\/es\/wp-json\/wp\/v2\/categories?post=307026"},{"taxonomy":"post_tag","embeddable":true,"href":"https:\/\/www.europesays.com\/es\/wp-json\/wp\/v2\/tags?post=307026"}],"curies":[{"name":"wp","href":"https:\/\/api.w.org\/{rel}","templated":true}]}}