{"id":307031,"date":"2025-12-25T20:44:19","date_gmt":"2025-12-25T20:44:19","guid":{"rendered":"https:\/\/www.europesays.com\/es\/307031\/"},"modified":"2025-12-25T20:44:19","modified_gmt":"2025-12-25T20:44:19","slug":"el-real-madrid-pide-acceder-a-informacion-economica-y-la-investigacion-interna-del-barcelona-en-el-caso-negreira-la-voz-de-galicia","status":"publish","type":"post","link":"https:\/\/www.europesays.com\/es\/307031\/","title":{"rendered":"El Real Madrid pide acceder a informaci\u00f3n econ\u00f3mica y la investigaci\u00f3n interna del Barcelona en el caso Negreira &#8211; La Voz de Galicia"},"content":{"rendered":"<ol>\n<li><a href=\"https:\/\/news.google.com\/rss\/articles\/CBMigwJBVV95cUxPa1pkOWxoUzBWdDBzV0tmNmRCWm9DYVMtaGRmNjQ5SGhOV25pMkJvVzl6ejR4VUZ6Qm9OWVRDcGRna1FjSmRIMnljeXkzR28xR19rTkpoZWFDbHU4azRhdFJPMW9haEhpZ1R6dGRuSlltRmVsZjY2WjJFTWdEbFBYek04MFpKNVA0Nm9ONHptVjNSWXJPaUUwMVBKd3RMV1YzNzRYY0VGQ1VfUEVCN0FZUjFjMmZFa1kyZXlJWmo4TDh3TGhJcjFkUF9nemZ1cXMxeWpkYUhmMThkSEtWa3g2clVKSnRRb2ZXeTc5aHFDUWdsNHphMjZKTGtINkIyWnZMRjQ00gGfAkFVX3lxTE5fQTh6aTA2SXk2V1hMNThFLU1yRHpqMnp2WVZZbm4wTzREOHREdFhobHMxbFNKV2NDcGhrVFlIY0tkYUU2UFZiMG93T3NKbHNwcTNLU0NISWQyS1I0a2g1b2h1dU53RURieTdlWDdMTlNDMGUtOXJuNFRSM1pKLWtLWHdaaFg0ak9zckwxRHprdC1LcnJlV0phTkdFYXFMbW03ZVhWT1RZTEsyd3p0dDlMWFFxU19Hd3Nib0tuejg3NWEyMzAxY040ZTVucHByWGdCQmZEQWp5Zk0wTXNXUWRicUJMRllqaDhSaEVUZXdkRXBIdk1FRWhKc2M1Y0l5b1VhZUVKVTVTMGdFc0dDb05FYVFPOTd1bjFGV3d5OXdr?oc=5\" target=\"_blank\" rel=\"nofollow noopener\">El Real Madrid pide acceder a informaci\u00f3n econ\u00f3mica y la investigaci\u00f3n interna del Barcelona en el caso Negreira<\/a>&nbsp;&nbsp;La Voz de Galicia<\/li>\n<li><a href=\"https:\/\/news.google.com\/rss\/articles\/CBMiwwFBVV95cUxOMG1hWm5KcGFkRlVoeFVObVhPdWJZbUM5TXQyLUdZdFFjdG9XSjFLNEVDRmdLWjM2T1dUeDVjN3ZBank2RDRCekpnUTE2TEdpNS1tejRtSk5QM3Q4SEg0ZXVsc0gwTFRhVDg5NTZCS1NCenQwa2V3ZlBUY1djR0VZY0ZYLTN3dHpuSndFMlRpa1Q5WXV3VG1ZcElaMUIwYkV1LVNnbk8tSHVJTkt1RUsxZUVUMlFjWXJrZ2phSlZRSUszU2vSAdcBQVVfeXFMTi16VHdlU0dEMFZyY3dxZjRYclJzZnNweC1YcG03aDRvcGszV2tyYjRPcTM3Uzl4eVZGMjFFZnVyZjRsbmZmalhnZE01NlpZdWVRd0ZmSzV1TFVCVTktck45NTNMOFJEMnVONVJCd3lCRlRCb1djR1RyT3Q4VHZuZUJ0V2R5bHl1SnJteXY0d0JLcURtOF9oaFFBdWVxUm8xaWpGOER4Ni1vVVBLN05tZU5yZm5LREJPaHhzOFdWUFFxMnNsLVM2UHRSblFrRi1SZXJCaVRXaHM?oc=5\" target=\"_blank\" rel=\"nofollow noopener\">El Real Madrid pide las auditor\u00edas y las facturas del Barcelona del a\u00f1o 2010 al 2018<\/a>&nbsp;&nbsp;Diario AS<\/li>\n<li><a href=\"https:\/\/news.google.com\/rss\/articles\/CBMihgFBVV95cUxPbmVVdlladmRwczVTa1NQTXFQZFl6ZkN3M2N6M05sWUVPSkdTTzBPVElQR3Bfd0I3OFVhZmkwZG5BUU12Q3lsWFdqTVMwSE1xOWJsQVJlcEVVUG1YRXBlLU9YYjVmT2UtdzlWbnhGaEtiWVBqdUoxYnNKcU5sYWVDWVZfV0xMQdIBhgFBVV95cUxOOFVnSTJ4aVRuSFo0dnJCMmRXRkFUQjlzcTNtQlkwM1FWSnhpZ0tkYnA4NDBxOENfbV9hSXV5aEtzVWtXSkd2M3pNdUwzNW84c2tWbFZrWFpkdmZLeW5tRFpPUlhOUDU1R3kzRW85Y01MLUtYaDRJM3RxWVlObmozUUphaUd1UQ?oc=5\" target=\"_blank\" rel=\"nofollow noopener\">El Real Madrid pide al juez del Caso Negreira el acceso a los presupuestos y las auditor\u00edas del Barcelona entre 2010 y 2018<\/a>&nbsp;&nbsp;El Mundo<\/li>\n<li><a href=\"https:\/\/news.google.com\/rss\/articles\/CBMi0gFBVV95cUxOQ2s1aUFHX21TellSSzhQa0xfMEsyelJJLWtRaFlQeXFldWxoSzBJVjlqTUYxeVVjZHA2Um9GOFdSNFRxZ3VEUGJLZ2ZPY1Awc2pNdU5KM0pMMVRJNkxGRm5BSXptN1VXczdkblBhaC1ZTjVBTng5dTdMUUZwNVpZZnZXOXBua2RYdDNpSlFfRmI3eXJhOWQ4cEk4bnhSRWNnd3M5Q2VVSms0QTBfX0EyWENKVHZuS0RLZW93cTVEYk1CZFFQYzRkOFdQSDg3ZFotYUHSAdIBQVVfeXFMTk5KS0JRc0l2NTRaOFJidDFwOUdhR1Q2MWxqNzB6dDVPVndjMEZIVldXa1A5S1RNa1FTYkx5amtDTUpPQmxCRFBoNS1GeUVTM24yT2ZUbWV0MmI1Tzlqc1UwZHF0am1yd2FueEZvTk0zTko5dFF6cE41ODQwaC1VMzFZQ2JOV3B4QzNKZ3NyUjMtZXRTblZOaS1neGI1RGdmLWdZWUNWaGc4dFJRNmthTkdzNVdtdDVaVHJXaks4cElHQ3lnUDFKLVpOLVBTNjBCbVpR?oc=5\" target=\"_blank\" rel=\"nofollow noopener\">El Real Madrid pide al juez acceso total a auditor\u00edas, informes y documentos del \u2018caso Negreira\u2019<\/a>&nbsp;&nbsp;MARCA<\/li>\n<li><a href=\"https:\/\/news.google.com\/rss\/articles\/CBMixgFBVV95cUxPR1B0cDl5VldKZ3dEM19yMU9ZTFdkZnVnX3BBU0tjeGt1VVZZMUYwbXd4UVhNMnlYaTF3WHVnZklqaHh1ZlVDODF1RGRLa1NFOGVWS3FlMXg3cU9CRTlBQmZ2VURZQkpVbXdtVnZWWnlJN2RHVzRTeDIzYjZJNG1pekxXN3dSM0F1aF9SdlVSbW44VWVUbldYYnR6ME4yVWdvNkluUFRtSTNxLW1fSTFnWWpMUW1jVnpDcEJ2S05YRGRuVHZtOVE?oc=5\" target=\"_blank\" rel=\"nofollow noopener\">Noticias Deportes 16:00 (24\/12\/25)<\/a>&nbsp;&nbsp;Onda Cero<\/li>\n<\/ol>\n","protected":false},"excerpt":{"rendered":"El Real Madrid pide acceder a informaci\u00f3n econ\u00f3mica y la investigaci\u00f3n interna del Barcelona en el caso Negreira&nbsp;&nbsp;La&hellip;\n","protected":false},"author":2,"featured_media":307032,"comment_status":"","ping_status":"","sticky":false,"template":"","format":"standard","meta":{"footnotes":""},"categories":[268],"tags":[40675,168,25,24,881,280,282,3048,281,23,167],"class_list":{"0":"post-307031","1":"post","2":"type-post","3":"status-publish","4":"format-standard","5":"has-post-thumbnail","7":"category-futbol","8":"tag-caso-negreira","9":"tag-deportes","10":"tag-es","11":"tag-espana","12":"tag-fc-barcelona","13":"tag-football","14":"tag-futbol","15":"tag-real-madrid","16":"tag-soccer","17":"tag-spain","18":"tag-sports"},"share_on_mastodon":{"url":"https:\/\/pubeurope.com\/@es\/115782160803571262","error":""},"_links":{"self":[{"href":"https:\/\/www.europesays.com\/es\/wp-json\/wp\/v2\/posts\/307031","targetHints":{"allow":["GET"]}}],"collection":[{"href":"https:\/\/www.europesays.com\/es\/wp-json\/wp\/v2\/posts"}],"about":[{"href":"https:\/\/www.europesays.com\/es\/wp-json\/wp\/v2\/types\/post"}],"author":[{"embeddable":true,"href":"https:\/\/www.europesays.com\/es\/wp-json\/wp\/v2\/users\/2"}],"replies":[{"embeddable":true,"href":"https:\/\/www.europesays.com\/es\/wp-json\/wp\/v2\/comments?post=307031"}],"version-history":[{"count":0,"href":"https:\/\/www.europesays.com\/es\/wp-json\/wp\/v2\/posts\/307031\/revisions"}],"wp:featuredmedia":[{"embeddable":true,"href":"https:\/\/www.europesays.com\/es\/wp-json\/wp\/v2\/media\/307032"}],"wp:attachment":[{"href":"https:\/\/www.europesays.com\/es\/wp-json\/wp\/v2\/media?parent=307031"}],"wp:term":[{"taxonomy":"category","embeddable":true,"href":"https:\/\/www.europesays.com\/es\/wp-json\/wp\/v2\/categories?post=307031"},{"taxonomy":"post_tag","embeddable":true,"href":"https:\/\/www.europesays.com\/es\/wp-json\/wp\/v2\/tags?post=307031"}],"curies":[{"name":"wp","href":"https:\/\/api.w.org\/{rel}","templated":true}]}}