{"id":307033,"date":"2025-12-25T20:45:43","date_gmt":"2025-12-25T20:45:43","guid":{"rendered":"https:\/\/www.europesays.com\/es\/307033\/"},"modified":"2025-12-25T20:45:43","modified_gmt":"2025-12-25T20:45:43","slug":"las-costumbres-mas-originales-y-sorprendentes-de-las-estrellas-en-navidad","status":"publish","type":"post","link":"https:\/\/www.europesays.com\/es\/307033\/","title":{"rendered":"las costumbres m\u00e1s originales y sorprendentes de las estrellas en Navidad"},"content":{"rendered":"<p id=\"egYpCO0zXt\" data-wc=\"81\">La temporada m\u00e1s especial del a\u00f1o se acerca y, con ella, las tradiciones m\u00e1s \u00fanicas que nos acompa\u00f1an en estas fechas. Ya sea empezar el nuevo a\u00f1o con un licor at\u00edpico a juegos familiares que llevan con nosotros durante generaciones. No hay <a class=\"hm-link ho-link\" href=\"https:\/\/www.hola.com\/actualidad\/20241224732676\/tradiciones-de-navidad-insolitas-alrededor-del-mundo\/\" data-mrf-recirculation=\"article-body-link\" rel=\"nofollow noopener\" target=\"_blank\">nada m\u00e1s navide\u00f1o que compartir estos momentos tan incre\u00edbles<\/a>, por lo que os traemos un repaso de los eventos m\u00e1s at\u00edpicos que ocurren durante las Navidades en casa de las celebrities m\u00e1s seguidas, \u00a1seguro que en alguno puedes inspirarte!<\/p>\n<p>  <img src=\"https:\/\/www.europesays.com\/es\/wp-content\/uploads\/2025\/12\/7aaebaba2d89-gettyimages-1230019937cut.jpg\"   width=\"1080\" height=\"1080\" loading=\"lazy\" decoding=\"async\" alt=\"Mariah Carey\" fetchpriority=\"auto\" class=\"image ho-image\"\/>\u00a9 Getty Images<\/p>\n<p>Mariah Carey: paseos bajo las estrellas y chocolate con licor<\/p>\n<p id=\"enifeAgqZl-\" data-wc=\"66\">Cada diciembre, <a class=\"hm-link ho-link\" href=\"https:\/\/www.hola.com\/actualidad\/20251224872999\/mariah-carey-asi-ha-cambiado-la-reina-de-la-navidad\/\" data-mrf-recirculation=\"article-body-link\" rel=\"nofollow noopener\" target=\"_blank\">la Reina absoluta de la Navidad se aleja de los escenarios para vivir la temporada con sus hijos,<\/a> los gemelos Moroccan y Monroe, de 14 a\u00f1os. Paseos en trineos bajo un cielo estrellado, chocolate caliente con licor de caramelo y villancicos a pleno pulm\u00f3n se han convertido en su ritual familiar, donde magia, tradici\u00f3n y glamour se entrelazan en una Navidad \u00fanica e inolvidable.<\/p>\n<p>  <img src=\"https:\/\/www.europesays.com\/es\/wp-content\/uploads\/2025\/12\/b0e917a07993-victoriabeckham17034332563264957256208324677186901415cut.jpg\"   width=\"1080\" height=\"1800\" loading=\"lazy\" decoding=\"async\" alt=\"David Beckham\" fetchpriority=\"auto\" class=\"image ho-image\"\/>\u00a9 @victoriabeckham<\/p>\n<p>David Beckham: un elfo ca\u00f3tico y regalos que nadie ve venir\u00a0<\/p>\n<p id=\"eW4P9XopIr5\" data-wc=\"66\">La familia Beckham celebra la Navidad con entusiasmo: pijamas a juego, un gran \u00e1rbol iluminado y la divertida tradici\u00f3n del Elf on the Shelf, cuyo \u00abelfo travieso\u00bb llena la casa de peque\u00f1as bromas. Tambi\u00e9n intercambian regalos muy personales y poco convencionales: Victoria ha llegado a sorprender a David con pollos vivos para su granja, reflejando el toque \u00fanico y familiar con el que viven estas fiestas.<\/p>\n<p>  <img src=\"https:\/\/www.europesays.com\/es\/wp-content\/uploads\/2025\/12\/7d9739a30fb7-gettyimages-1193812811cut.jpg\"   width=\"1080\" height=\"1800\" loading=\"lazy\" decoding=\"async\" alt=\"Taylor Swift en un concierto especial\" fetchpriority=\"auto\" class=\"image ho-image\"\/>\u00a9 Getty Images<\/p>\n<p>Taylor Swift y la competici\u00f3n con su hermano, Austin, a la hora de envolver regalos<\/p>\n<p id=\"esevEGe6GYA\" data-wc=\"54\">Es conocida por su entusiasmo por la Navidad, pasi\u00f3n que se remonta a su infancia, cuando creci\u00f3 en una granja de \u00e1rboles de Navidad. Entre sus tradiciones m\u00e1s divertidas destaca observar las formas absurdas en que su hermano, Austin, envuelve los regalos, recurriendo a cinta adhesiva y materiales poco convencionales, como bolsas de basura.<\/p>\n<p>  <img src=\"https:\/\/www.europesays.com\/es\/wp-content\/uploads\/2025\/12\/b15222c426ad-gettyimages-2249671598.jpg\"   width=\"1080\" height=\"1800\" loading=\"lazy\" decoding=\"async\" alt=\"Katie Holmes en un evento \" fetchpriority=\"auto\" class=\"image ho-image\"\/>\u00a9 Getty Images<\/p>\n<p>Katie Holmes y el \u00abtrote del pavo\u00bb que nunca ha ganado<\/p>\n<p id=\"e5c_w0SlxV5\" data-wc=\"68\">La actriz de Dawson\u2019s Creek y ex de Tom Cruise celebra la Navidad a su manera, priorizando la intimidad familiar y, al mismo tiempo, restando algunas calor\u00edas. \u00abHace muchos a\u00f1os mi padre comenz\u00f3 la tradici\u00f3n de ir a correr al parque. Es una carrera de cinco kil\u00f3metros a la que llamamos &#8216;el trote del pavo&#8217; y hay incluso un premio para el vencedor\u2026que yo nunca he logrado ganar\u00bb.<\/p>\n<p>  <img src=\"https:\/\/www.europesays.com\/es\/wp-content\/uploads\/2025\/12\/2768355182bf-elsapataky167199707430012514466387276701170082468.jpg\"   width=\"1080\" height=\"1080\" loading=\"lazy\" decoding=\"async\" alt=\"Elsa Pataky y Chris Hemsworth\" fetchpriority=\"auto\" class=\"image ho-image\"\/>\u00a9 @elsapataky<\/p>\n<p>Elsa Pataky: nada de trajes de ba\u00f1o ni en Nochebuena ni en Navidad<\/p>\n<p id=\"eDeGu3UuL5u\" data-wc=\"70\">Vivir la Navidad en Australia es toda una aventura: mientras todos sudan bajo el sol, Pap\u00e1 Noel llega\u2026 \u00a1en ba\u00f1ador! Pero en su casa hay una regla: nada de trajes de ba\u00f1o en Nochebuena ni en Navidad. A pesar del calor, la actriz no pierde sus ra\u00edces espa\u00f1olas: las doce uvas siguen en su men\u00fa y, por supuesto,<a class=\"hm-link ho-link\" href=\"https:\/\/www.hola.com\/actualidad\/20241225737862\/navidad-felicitaciones-famosos-cenas-nochebuena-familias\/\" data-mrf-recirculation=\"article-body-link\" rel=\"nofollow noopener\" target=\"_blank\">\u00a0se planta frente a la televisi\u00f3n para no perderse las campanadas espa\u00f1olas.<\/a><\/p>\n<p>  <img src=\"https:\/\/www.europesays.com\/es\/wp-content\/uploads\/2025\/12\/6c5f10d2c452-cristipedroche176409107837737919444983400253526350cut.jpg\"   width=\"1080\" height=\"1080\" loading=\"lazy\" decoding=\"async\" alt=\"Cristina Pedroche\" fetchpriority=\"auto\" class=\"image ho-image\"\/>\u00a9 @cristipedroche<\/p>\n<p>Cristina Pedroche, su obsesi\u00f3n secreta: 365 sin uvas<\/p>\n<p id=\"eDB491BIzNZ\" data-wc=\"67\">Cristina Pedroche ha confesado en m\u00e1s de una ocasi\u00f3n que su relaci\u00f3n con las uvas es, cuanto menos, peculiar. La presentadora reconoce que <a class=\"hm-link ho-link\" href=\"https:\/\/www.hola.com\/moda\/20251223873847\/cristina-pedroche-campanadas-2025-look-entrevista-josie\/\" data-mrf-recirculation=\"article-body-link\" rel=\"nofollow noopener\" target=\"_blank\">tiene una superstici\u00f3n f\u00e9rrea: solo puede comer uvas en Nochevieja, ni antes ni despu\u00e9s<\/a>. Para ella, esta fruta est\u00e1 estrictamente ligada al ritual de despedir el a\u00f1o y atraer la buena suerte, por lo que el resto de los meses las evita por completo.<\/p>\n<p>  <img src=\"https:\/\/www.europesays.com\/es\/wp-content\/uploads\/2025\/12\/cfe938905847-paueche17352278983531670042928455698145325325cut.jpg\"   width=\"1080\" height=\"1080\" loading=\"lazy\" decoding=\"async\" alt=\"Paula Echevarr\u00eda y su marido con su hijo\" fetchpriority=\"auto\" class=\"image ho-image\"\/>\u00a9 @pau_eche<\/p>\n<p>Paula Echevarr\u00eda convierte su copa de champ\u00e1n en un tesoro<\/p>\n<p id=\"ePTqFUjF7I6\" data-wc=\"79\">Paula Echevarr\u00eda no renuncia a sus tradiciones m\u00e1s especiales en Nochevieja. Entre ellas, brindar con una copa de champ\u00e1n que esconde un anillo de oro, un ritual que simboliza los nuevos prop\u00f3sitos y la buena suerte para el a\u00f1o que comienza. Este 2025, la actriz celebrar\u00e1 estas fiestas junto a su pareja, Miguel Torres \u2014finalista de MasterChef Celebrity\u2014, acompa\u00f1ados de su hija Daniela y Miguel, compartiendo un momento familiar cargado de ilusi\u00f3n, magia y esperanza para el nuevo a\u00f1o.<\/p>\n<p>  <img src=\"https:\/\/www.europesays.com\/es\/wp-content\/uploads\/2025\/12\/05725c97b860-emmagarciaweb151455163216805033508036780753801999663.jpg\"   width=\"1080\" height=\"1800\" loading=\"lazy\" decoding=\"async\" alt=\"Media Image\" fetchpriority=\"auto\" class=\"image ho-image\"\/>\u00a9 @emmagarciaweb<\/p>\n<p>Emma Garc\u00eda empieza el a\u00f1o con chupitos de pachar\u00e1n<\/p>\n<p id=\"edqxW8BucjY\" data-wc=\"66\">La presentadora de Fiesta ha confesado que en su casa no siguen las tradiciones habituales, brindar con champ\u00e1n o llevar ropa interior roja. \u00abYo solo tengo una tradici\u00f3n, tomarme un chupito de pachar\u00e1n\u00bb, confirmaba ella misma. Y es que, aunque el pachar\u00e1n es una bebida t\u00edpica de Navarra, a Emma le gusta empezar el a\u00f1o con un buen trago de este licor, acompa\u00f1ada de su familia.<\/p>\n<p>  <img src=\"https:\/\/www.europesays.com\/es\/wp-content\/uploads\/2025\/12\/e24227eda459-gettyimages-451988413.jpg\"   width=\"1080\" height=\"1800\" loading=\"lazy\" decoding=\"async\" alt=\"Ariana Grande\" fetchpriority=\"auto\" class=\"image ho-image\"\/>\u00a9 Getty Images<\/p>\n<p>Ariana Grande: p\u00f3quer, comidas y risas con su familia italiana<\/p>\n<p id=\"eoezU8NtSvK\" data-wc=\"56\">La cantante siempre se ha mostrado especialmente orgullosa de su sangre italiana y estas fechas tan especiales son perfectas para impregnarse del esp\u00edritu transalpino. Seg\u00fan confiesa la artista, le encanta pasar cada Nochebuena \u00abjugando al p\u00f3quer con su ruidosa familia italiana\u00bb. En palabras de Ariana Grande, \u00abhay mucho juego, apuestas, comida y bebida\u2026 es muy divertido\u00bb.<\/p>\n<p>  <img src=\"https:\/\/www.europesays.com\/es\/wp-content\/uploads\/2025\/12\/adabcd890b2c-gettyimages-453519055.jpg\"   width=\"1080\" height=\"1080\" loading=\"lazy\" decoding=\"async\" alt=\"Salma Hayek\" fetchpriority=\"auto\" class=\"image ho-image\"\/>\u00a9 Getty Images<\/p>\n<p>Salma Hayek ilumina su Navidad\u2026 sin subir escaleras<\/p>\n<p id=\"eraiAPSQ5Mm\" data-wc=\"64\">En lugar de depender de las cl\u00e1sicas luces navide\u00f1as y su correspondiente factura de electricidad, Salma decidi\u00f3 darle un toque original a su \u00e1rbol. Su arma secreta: un proyector LED-luz l\u00e1ser, que no solo deja todo visualmente espectacular, sino que se monta en segundos, no necesita cables y salva a la actriz de cualquier acrobacia peligrosa subiendo escaleras. <a class=\"hm-link ho-link\" href=\"https:\/\/www.hola.com\/us-es\/celebrities\/20231221353931\/salma-hayek-navidad-significado-raices-latinas\/\" data-mrf-recirculation=\"article-body-link\" rel=\"nofollow noopener\" target=\"_blank\">\u00a1Navidad segura y brillante, sin dramas!<\/a><\/p>\n<p>  <img src=\"https:\/\/www.europesays.com\/es\/wp-content\/uploads\/2025\/12\/51d7c39c6995-carolinacerezuela173515430735310527146272626014239237142.jpg\"   width=\"1080\" height=\"1800\" loading=\"lazy\" decoding=\"async\" alt=\"Carolina Cerezuela\" fetchpriority=\"auto\" class=\"image ho-image\"\/>\u00a9 @carolinacerezuela<\/p>\n<p>Carolina Cerezuela pisa fuerte con el\u2026 \u00a1pie derecho!<\/p>\n<p id=\"eTjWrcnCWV0\" data-wc=\"77\">\u00abLo principal es poner el pie derecho delante, para entrar en el a\u00f1o con buen pie. Luego, adem\u00e1s, pido un deseo por cada uva como todos los espa\u00f1oles, imagino. La Nochevieja suelo pasarla con amigos, en familia y en casa. No suelo ir a ning\u00fan sitio. Alegr\u00eda, felicidad y buen rollo\u00bb, ha explicado Carolina Cerezuela con respecto a sus rituales. Una tradici\u00f3n que comparte con su bonita familia numerosa, su marido Carlos Moy\u00e1 y sus tres hijos.<\/p>\n<p>  <img src=\"https:\/\/www.europesays.com\/es\/wp-content\/uploads\/2025\/12\/0ad2638914bb-reesewitherspoon17351510663531025533049856383367315644.jpg\"   width=\"1080\" height=\"1080\" loading=\"lazy\" decoding=\"async\" alt=\"Reese Witherspoon\" fetchpriority=\"auto\" class=\"image ho-image\"\/>\u00a9 @reesewitherspoon<\/p>\n<p>Reese Whitherspoon abriga su Oscar en las fiestas con sombrero y bufanda<\/p>\n<p id=\"eAwVCaN1jVX\" data-wc=\"67\">La gran estrella de la Navidad en el hogar de Reese Witherspoon es su estatuilla del Oscar, ganada en 2006 por su papel en En la cuerda floja. La actriz ha confesado que cada a\u00f1o forma parte de una tradici\u00f3n muy especial: vestirlo con un peque\u00f1o sombrero y una minibufanda para que no se resfr\u00ede. Una costumbre curiosa y entra\u00f1able, que solo los m\u00e1s privilegiados pueden seguir.<\/p>\n<p>  <img src=\"https:\/\/www.europesays.com\/es\/wp-content\/uploads\/2025\/12\/7bc0f5da6ee5-soniaferrer15462658031946541103538507535229561999.jpg\"   width=\"1080\" height=\"1800\" loading=\"lazy\" decoding=\"async\" alt=\"Sonia Ferrer\" fetchpriority=\"auto\" class=\"image ho-image\"\/>\u00a9 @soniaferrer<\/p>\n<p>Sonia Ferrer convierte la decoraci\u00f3n en un campo de batalla<\/p>\n<p id=\"eDidOQwDTyA\" data-wc=\"85\">Sonia Ferrer vive la Navidad a su manera: familiar y sin estridencias. <a class=\"hm-link ho-link\" href=\"https:\/\/www.hola.com\/actualidad\/20211211201117\/sonia-ferrer-desvela-primeras-navidades-sergio\/\" data-mrf-recirculation=\"article-body-link\" rel=\"nofollow noopener\" target=\"_blank\">Junto a su marido, Sergio Fontecha,<\/a> y su hija, evita las grandes fiestas y los flashes, pero eso no significa que no haya diversi\u00f3n en casa.\u00a0Desde principios de diciembre, la familia se pone manos a la obra: colocar el \u00e1rbol, colgar luces y adornos, y, por supuesto, supervisar que los duendes imaginarios no se cuelen en la decoraci\u00f3n. Su hija participa activamente, aunque a veces termina m\u00e1s adornada ella que el \u00e1rbol.<\/p>\n<p>  <img src=\"https:\/\/www.europesays.com\/es\/wp-content\/uploads\/2025\/12\/263324994078-gettyimages-973241076.jpg\"   width=\"1080\" height=\"1800\" loading=\"lazy\" decoding=\"async\" alt=\"Sandra Bullock\" fetchpriority=\"auto\" class=\"image ho-image\"\/>\u00a9 Getty Images<\/p>\n<p>Sandra Bullock: cenas con salchichas de Baviera y chucrut en homenaje a sus antepasados alemanes<\/p>\n<p id=\"egMxxw0mAXI\" data-wc=\"56\">La ganadora del Oscar por Un sue\u00f1o posible\u00a0no solo acostumbra a vestirse de Pap\u00e1 Noel en Nochebuena y colarse en la casa para sorprender a los peque\u00f1os de la familia, sino que <strong>se ve obligada a servir siempre en la cena salchichas de Baviera y chucrut\u00a0<\/strong>como homenaje a la memoria de sus antepasados alemanes.<\/p>\n<p>  <img src=\"https:\/\/www.europesays.com\/es\/wp-content\/uploads\/2025\/12\/8f6d099a18a8-dlu390445001-1cut.jpg\"   width=\"1080\" height=\"1800\" loading=\"lazy\" decoding=\"async\" alt=\"Bella Hadid\" fetchpriority=\"auto\" class=\"image ho-image\"\/>\u00a9 GTRES<\/p>\n<p>Bella Hadid: los rituales m\u00e1gicos de la supermodelo para atraer la buena energ\u00eda<\/p>\n<p id=\"eASFpO6059l\" data-wc=\"62\">Bella Hadid, que regresa al cine con The Beauty, comparte cada a\u00f1o en sus redes sociales sus rituales navide\u00f1os favoritos, transformando estas fechas en un momento de simbolismo y cuidado personal. Entre ellos, destaca encender un smudge stick, un ramito de hierbas cuyo humo, seg\u00fan la tradici\u00f3n, purifica los espacios y atrae la buena energ\u00eda al hogar de cara al nuevo a\u00f1o.<\/p>\n<p>  <img src=\"https:\/\/www.europesays.com\/es\/wp-content\/uploads\/2025\/12\/757c07982beb-jonasbrothers16039872562430743745845340296268022048.jpg\"   width=\"1080\" height=\"1080\" loading=\"lazy\" decoding=\"async\" alt=\"Media Image\" fetchpriority=\"auto\" class=\"image ho-image\"\/>\u00a9 @jonasbrothers<\/p>\n<p>Los Jonas Brothers y su desayuno navide\u00f1o con tamales que su madre instaur\u00f3<\/p>\n<p id=\"eDziSKyErK5\" data-wc=\"67\">El tradicional pavo queda en segundo plano para Kevin, Joe y Nick Jonas: cada 25 de diciembre, la familia celebra la Navidad siguiendo una costumbre latinoamericana. A pesar de sus ra\u00edces italianas, <strong>mantienen el desayuno con tamales, una tradici\u00f3n que su madre instaur\u00f3 y que, a\u00f1o tras a\u00f1o, los re\u00fane\u00a0<\/strong>en torno a los sabores y recuerdos de su infancia, reafirmando la uni\u00f3n familiar y sus ra\u00edces.<\/p>\n<p>  <img src=\"https:\/\/www.europesays.com\/es\/wp-content\/uploads\/2025\/12\/b7b456ba25e1-gettyimages-630107392.jpg\"   width=\"1080\" height=\"1080\" loading=\"lazy\" decoding=\"async\" alt=\"Ryan Reynolds y Blake Lively en el parque tematico DisneyLand \" fetchpriority=\"auto\" class=\"image ho-image\"\/>\u00a9 Getty Images<\/p>\n<p>Blake Lively y Ryan Reynolds: siete horas en pijama y un banquete de doce platos<\/p>\n<p id=\"eEjOwHWx_Vv\" data-wc=\"68\">Blake Lively y Ryan Reynolds llevan la procrastinaci\u00f3n navide\u00f1a a otro nivel: hasta siete horas en la cama charlando con sus cuatro hijos \u2014James (diez a\u00f1os), Inez (nueve), Betty (seis) y Olin (dos)\u2014. Pero cuando toca comer, Blake se convierte en la chef de un fest\u00edn de doce platos, demostrando que en su casa la Navidad combina ocio extremo y delicias gourmet\u2026 \u00a1que bien podr\u00eda necesitar un omeprazol!<\/p>\n","protected":false},"excerpt":{"rendered":"La temporada m\u00e1s especial del a\u00f1o se acerca y, con ella, las tradiciones m\u00e1s \u00fanicas que nos acompa\u00f1an&hellip;\n","protected":false},"author":2,"featured_media":307034,"comment_status":"","ping_status":"","sticky":false,"template":"","format":"standard","meta":{"footnotes":""},"categories":[174],"tags":[3900,517,255,18875,146,147,25,24,256,1836,23],"class_list":{"0":"post-307033","1":"post","2":"type-post","3":"status-publish","4":"format-standard","5":"has-post-thumbnail","7":"category-famosos","8":"tag-hola","9":"tag-actualidad","10":"tag-celebrities","11":"tag-cristina-pedroche","12":"tag-entertainment","13":"tag-entretenimiento","14":"tag-es","15":"tag-espana","16":"tag-famosos","17":"tag-mariah-carey","18":"tag-spain"},"share_on_mastodon":{"url":"https:\/\/pubeurope.com\/@es\/115782166603663824","error":""},"_links":{"self":[{"href":"https:\/\/www.europesays.com\/es\/wp-json\/wp\/v2\/posts\/307033","targetHints":{"allow":["GET"]}}],"collection":[{"href":"https:\/\/www.europesays.com\/es\/wp-json\/wp\/v2\/posts"}],"about":[{"href":"https:\/\/www.europesays.com\/es\/wp-json\/wp\/v2\/types\/post"}],"author":[{"embeddable":true,"href":"https:\/\/www.europesays.com\/es\/wp-json\/wp\/v2\/users\/2"}],"replies":[{"embeddable":true,"href":"https:\/\/www.europesays.com\/es\/wp-json\/wp\/v2\/comments?post=307033"}],"version-history":[{"count":0,"href":"https:\/\/www.europesays.com\/es\/wp-json\/wp\/v2\/posts\/307033\/revisions"}],"wp:featuredmedia":[{"embeddable":true,"href":"https:\/\/www.europesays.com\/es\/wp-json\/wp\/v2\/media\/307034"}],"wp:attachment":[{"href":"https:\/\/www.europesays.com\/es\/wp-json\/wp\/v2\/media?parent=307033"}],"wp:term":[{"taxonomy":"category","embeddable":true,"href":"https:\/\/www.europesays.com\/es\/wp-json\/wp\/v2\/categories?post=307033"},{"taxonomy":"post_tag","embeddable":true,"href":"https:\/\/www.europesays.com\/es\/wp-json\/wp\/v2\/tags?post=307033"}],"curies":[{"name":"wp","href":"https:\/\/api.w.org\/{rel}","templated":true}]}}