{"id":307051,"date":"2025-12-25T20:57:18","date_gmt":"2025-12-25T20:57:18","guid":{"rendered":"https:\/\/www.europesays.com\/es\/307051\/"},"modified":"2025-12-25T20:57:18","modified_gmt":"2025-12-25T20:57:18","slug":"polonia-intercepto-un-avion-ruso-en-el-baltico-y-reforzo-la-seguridad-en-la-frontera-con-bielorrusia-tras-la-deteccion-de-globos","status":"publish","type":"post","link":"https:\/\/www.europesays.com\/es\/307051\/","title":{"rendered":"Polonia intercept\u00f3 un avi\u00f3n ruso en el B\u00e1ltico y reforz\u00f3 la seguridad en la frontera con Bielorrusia tras la detecci\u00f3n de globos"},"content":{"rendered":"<p><img alt=\"Polonia intercept\u00f3 un avi\u00f3n ruso\" class=\"global-image\" decoding=\"async\" fetchpriority=\"high\" height=\"1280\" loading=\"eager\" src=\"https:\/\/www.europesays.com\/es\/wp-content\/uploads\/2025\/12\/3EVTL7KP2RE3JJPJRIJJTDRWXE.jpg\" width=\"1920\"\/>Polonia intercept\u00f3 un avi\u00f3n ruso en el B\u00e1ltico y reforz\u00f3 la seguridad en la frontera con Bielorrusia tras la detecci\u00f3n de globos (Foto de referencia\/Europa Press\/Archivo)<\/p>\n<p class=\"paragraph\"><b>Aviones de combate polacos interceptaron este jueves un avi\u00f3n ruso de reconocimiento<\/b> que volaba sobre el <b>mar B\u00e1ltico<\/b>, pr\u00f3ximo a su espacio a\u00e9reo, en un episodio que se suma a una serie de incidentes recientes en la frontera oriental de la <b>OTAN<\/b>.<\/p>\n<p class=\"paragraph\">El hecho se registr\u00f3 en aguas internacionales, pero dentro del \u00e1rea de responsabilidad polaca, y coincidi\u00f3 con la<b> detecci\u00f3n nocturna de objetos que ingresaron al espacio a\u00e9reo desde Bielorrusia<\/b>, lo que oblig\u00f3 a imponer restricciones temporales a la aviaci\u00f3n civil en el noreste del pa\u00eds.<\/p>\n<p class=\"paragraph\">Las autoridades militares polacas informaron que cazas despegaron para \u201c<b>interceptar, identificar visualmente y escoltar<\/b>\u201d a la aeronave rusa, descrita como un avi\u00f3n de reconocimiento. <\/p>\n<p class=\"paragraph\">El operativo se desarroll\u00f3 sin que el avi\u00f3n cruzara formalmente el espacio a\u00e9reo nacional, pero fue considerado relevante por su proximidad a las fronteras y por el contexto regional. Desde septiembre, los pa\u00edses del flanco oriental de la OTAN reforzaron la vigilancia tras varios episodios de<b> violaciones del espacio a\u00e9reo<\/b>, incluido un caso en <b>Estonia <\/b>y el ingreso previo de drones en territorio polaco.<\/p>\n<p><img alt=\"La respuesta incluy\u00f3 el despliegue\" class=\"global-image\" decoding=\"async\" fetchpriority=\"low\" height=\"1280\" loading=\"lazy\" src=\"https:\/\/www.europesays.com\/es\/wp-content\/uploads\/2025\/12\/IHISTTZLCZG55AB6KWCYJZOI54.jpg\" width=\"1920\"\/>La respuesta incluy\u00f3 el despliegue de cazas en aguas internacionales, el monitoreo de objetos no tripulados que ingresaron desde el este y restricciones temporales a la aviaci\u00f3n civil<\/p>\n<p class=\"paragraph\">En paralelo, durante la madrugada se registr\u00f3 el ingreso de varios objetos desde Bielorrusia. Tras un an\u00e1lisis t\u00e9cnico, las fuerzas armadas polacas concluyeron que <b>\u201clo m\u00e1s probable es que se tratara de globos de contrabando, desplaz\u00e1ndose seg\u00fan la direcci\u00f3n y la velocidad del viento\u201d<\/b>. El seguimiento se realiz\u00f3 de manera continua mediante sistemas de radar, y como medida preventiva se cerr\u00f3 temporalmente una porci\u00f3n del espacio a\u00e9reo en la regi\u00f3n de Podlaquia, fronteriza con Bielorrusia, para garantizar la seguridad de vuelos civiles.<\/p>\n<p class=\"paragraph\">Las restricciones estuvieron vigentes durante la noche y la madrugada, y luego fueron levantadas.<\/p>\n<p class=\"paragraph\">El ministro de Defensa de Polonia, <b>W\u0142adys\u0142aw Kosiniak-Kamysz<\/b>, destac\u00f3 el despliegue permanente de las fuerzas armadas y asegur\u00f3 que \u201c<b>todas las provocaciones, tanto sobre el B\u00e1ltico como en la frontera con Bielorrusia, estuvieron bajo pleno control<\/b>\u201d. En su mensaje, agradeci\u00f3 a \u201ccasi 20.000 soldados que, incluso durante las fiestas, velan por nuestra seguridad\u201d.<\/p>\n<p><img alt=\"El ministro de Defensa de\" class=\"global-image\" decoding=\"async\" fetchpriority=\"low\" height=\"5464\" loading=\"lazy\" src=\"https:\/\/www.europesays.com\/es\/wp-content\/uploads\/2025\/12\/HOKRGHDQQVHAXPEYC2ODMCMCME.JPG\" width=\"8192\"\/>El ministro de Defensa de Polonia, W\u0142adys\u0142aw Kosiniak-Kamysz (REUTERS\/Archivo)<\/p>\n<p class=\"paragraph\">Estos episodios a\u00e9reos se produjeron en medio de un deterioro adicional de las relaciones diplom\u00e1ticas entre Varsovia y Mosc\u00fa. Este jueves, la portavoz del Ministerio de Relaciones Exteriores de Rusia, <b>Mar\u00eda Zaj\u00e1rova,<\/b> reaccion\u00f3 a la situaci\u00f3n del<b> consulado ruso en la ciudad polaca de Gdansk<\/b>, cuya actividad fue cerrada por decisi\u00f3n del gobierno polaco. <\/p>\n<p class=\"paragraph\">Zaj\u00e1rova advirti\u00f3 sobre posibles consecuencias y afirm\u00f3: \u201c<b>Recomendamos que los polacos, que aparentemente tienen la cabeza calentada por la fiebre, piensen primero en todas las posibles consecuencias de acciones ilegales y provocadoras<\/b>\u201d.<\/p>\n<p class=\"paragraph\">La vocera sostuvo que, aunque el consulado dej\u00f3 de operar, el edificio contin\u00faa siendo propiedad de Rusia. Seg\u00fan explic\u00f3, \u201c<b>esta propiedad fue entregada a la Uni\u00f3n Sovi\u00e9tica para su uso ilimitado y gratuito en el per\u00edodo de posguerra<\/b>\u201d, y agreg\u00f3 que existen \u201cmuchos ejemplos de c\u00f3mo responde Rusia y cu\u00e1n dolorosas son esas respuestas para quienes act\u00faan de manera ilegal\u201d contra su pa\u00eds.<\/p>\n<p class=\"paragraph\">El trasfondo del conflicto diplom\u00e1tico se remonta a noviembre, cuando el canciller polaco <b>Rados\u0142aw Sikorski<\/b> anunci\u00f3 el cierre del consulado en Gdansk como respuesta a presuntos<b> actos de sabotaje ferroviario<\/b> atribuidos a servicios rusos. <\/p>\n<p><img alt=\"La portavoz del Ministerio de\" class=\"global-image\" decoding=\"async\" fetchpriority=\"low\" height=\"1280\" loading=\"lazy\" src=\"https:\/\/www.europesays.com\/es\/wp-content\/uploads\/2025\/12\/VWHBTHZMSJANFBEI2TN4OI7XMY.jpg\" width=\"1920\"\/>La portavoz del Ministerio de Relaciones Exteriores de Rusia, Mar\u00eda Zaj\u00e1rova, durante una rueda de prensa (Europa Press\/Archivo)<\/p>\n<p class=\"paragraph\">Varsovia fij\u00f3 un plazo para que el personal abandonara el edificio, pero funcionarios polacos no lograron ingresar posteriormente, mientras la embajada rusa comunic\u00f3 que sus empleados no se retirar\u00edan, al considerar que el inmueble pertenece a la Federaci\u00f3n Rusa.<\/p>\n<p class=\"paragraph\">La combinaci\u00f3n de incidentes militares y disputas diplom\u00e1ticas refleja el nivel de tensi\u00f3n en Europa del Este, donde la vigilancia a\u00e9rea, el control de fronteras y los desacuerdos sobre propiedades diplom\u00e1ticas se desarrollan en un contexto de desconfianza sostenida. Para los pa\u00edses de la regi\u00f3n, la prioridad declarada es mantener la seguridad y el control del espacio a\u00e9reo, mientras las fricciones pol\u00edticas con Mosc\u00fa contin\u00faan escalando.<\/p>\n<p class=\"paragraph\">(Con informaci\u00f3n de Reuters)<\/p>\n","protected":false},"excerpt":{"rendered":"Polonia intercept\u00f3 un avi\u00f3n ruso en el B\u00e1ltico y reforz\u00f3 la seguridad en la frontera con Bielorrusia tras&hellip;\n","protected":false},"author":2,"featured_media":307052,"comment_status":"","ping_status":"","sticky":false,"template":"","format":"standard","meta":{"footnotes":""},"categories":[42],"tags":[72556,65307,14566,17,18,4170,13,14,72557,72558,11,61,62,63,64,72559,19,20,72560,9,10,15,16,32621,72561,72562,12,24231,21,22,65,66,67,72563],"class_list":{"0":"post-307051","1":"post","2":"type-post","3":"status-publish","4":"format-standard","5":"has-post-thumbnail","7":"category-internacional","8":"tag-20100904_zap_r156_010-jpg","9":"tag-airplane","10":"tag-army","11":"tag-breaking-news","12":"tag-breakingnews","13":"tag-crisis","14":"tag-featured-news","15":"tag-featurednews","16":"tag-figter","17":"tag-fulcrum","18":"tag-headlines","19":"tag-internacional","20":"tag-international","21":"tag-international-news","22":"tag-internationalnews","23":"tag-jets","24":"tag-latest-news","25":"tag-latestnews","26":"tag-mig29","27":"tag-news","28":"tag-noticias","29":"tag-noticias-destacadas","30":"tag-noticiasdestacadas","31":"tag-press","32":"tag-ru290320230108exp-jpg","33":"tag-slovakia","34":"tag-titulares","35":"tag-ukraine","36":"tag-ultimas-noticias","37":"tag-ultimasnoticias","38":"tag-world","39":"tag-world-news","40":"tag-worldnews","41":"tag-zarchive"},"share_on_mastodon":{"url":"","error":"Validation failed: Text character limit of 500 exceeded"},"_links":{"self":[{"href":"https:\/\/www.europesays.com\/es\/wp-json\/wp\/v2\/posts\/307051","targetHints":{"allow":["GET"]}}],"collection":[{"href":"https:\/\/www.europesays.com\/es\/wp-json\/wp\/v2\/posts"}],"about":[{"href":"https:\/\/www.europesays.com\/es\/wp-json\/wp\/v2\/types\/post"}],"author":[{"embeddable":true,"href":"https:\/\/www.europesays.com\/es\/wp-json\/wp\/v2\/users\/2"}],"replies":[{"embeddable":true,"href":"https:\/\/www.europesays.com\/es\/wp-json\/wp\/v2\/comments?post=307051"}],"version-history":[{"count":0,"href":"https:\/\/www.europesays.com\/es\/wp-json\/wp\/v2\/posts\/307051\/revisions"}],"wp:featuredmedia":[{"embeddable":true,"href":"https:\/\/www.europesays.com\/es\/wp-json\/wp\/v2\/media\/307052"}],"wp:attachment":[{"href":"https:\/\/www.europesays.com\/es\/wp-json\/wp\/v2\/media?parent=307051"}],"wp:term":[{"taxonomy":"category","embeddable":true,"href":"https:\/\/www.europesays.com\/es\/wp-json\/wp\/v2\/categories?post=307051"},{"taxonomy":"post_tag","embeddable":true,"href":"https:\/\/www.europesays.com\/es\/wp-json\/wp\/v2\/tags?post=307051"}],"curies":[{"name":"wp","href":"https:\/\/api.w.org\/{rel}","templated":true}]}}