{"id":307061,"date":"2025-12-25T21:17:45","date_gmt":"2025-12-25T21:17:45","guid":{"rendered":"https:\/\/www.europesays.com\/es\/307061\/"},"modified":"2025-12-25T21:17:45","modified_gmt":"2025-12-25T21:17:45","slug":"elsa-pataky-y-chris-hemsworth-la-pareja-que-vive-entre-constantes-rumores-de-crisis-cumple-15-anos-de-matrimonio","status":"publish","type":"post","link":"https:\/\/www.europesays.com\/es\/307061\/","title":{"rendered":"Elsa Pataky y Chris Hemsworth, la pareja que vive entre constantes rumores de crisis, cumple 15 a\u00f1os de matrimonio"},"content":{"rendered":"<p class=\"paragraph\" id=\"paragraph_1\">Tras tres a\u00f1os de relaci\u00f3n,<a href=\"https:\/\/www.elespanol.com\/personajes\/elsa_pataky\/?utm_cmp_rs=linksinline\" target=\"_blank\" rel=\"nofollow noopener\"> Elsa Pataky<\/a> (49 a\u00f1os) rompi\u00f3 con <strong>Adrien Brody<\/strong> (52) en 2009. La noticia hab\u00eda dejado descolocada a la industria y la prensa del coraz\u00f3n porque llegaron a comprometerse e incluso el doble ganador de un Oscar le regal\u00f3 un castillo en el estado de Nueva York. Al margen de artima\u00f1as publicitarias, lo cierto es que a ninguno de los dos le ha ido nada mal desde que emprendieran caminos por separado.<\/p>\n<p class=\"paragraph\" id=\"paragraph_2\">El protagonista de El pianista est\u00e1 locamente enamorado de Georgina Chapman (49), fundadora de la firma Marchesa y exesposa de Harvey Weinstein (72), el poderoso productor hollywoodiense reconvertido en criminal sexual sentenciado a prisi\u00f3n. Y unos meses despu\u00e9s, a principios de 2010, la actriz espa\u00f1ola conoci\u00f3 a <strong>Chris Hemsworth<\/strong> (42), con quien este 25 de diciembre<strong> cumple su 15\u00ba aniversario de casados.<\/strong><\/p>\n<p class=\"paragraph\" id=\"paragraph_3\">Que Elsa y Chris se encontraran fue de lo m\u00e1s casual. La <strong>profesora de dicci\u00f3n<\/strong> de ambos era consciente del estado del coraz\u00f3n de cada uno y como les hab\u00eda tratado por separado, en su fuero interno sent\u00eda que pod\u00eda surgir cierta atracci\u00f3n entre la espa\u00f1ola y el australiano.<\/p>\n<p class=\"paragraph\" id=\"paragraph_4\">Por entonces, <strong>Hemsworth a\u00fan no era una estrella<\/strong> y en Espa\u00f1a no era muy conocido -la pel\u00edcula Thor (2011) le lanz\u00f3 al estrellato-, mientras que en nuestro pa\u00eds la Pataky lo petaba. Como al int\u00e9rprete no le sonaba su nombre no dud\u00f3 en buscarla en Google, \u201cOh, es guapa\u201d -ha confesado que dijo en cuanto la vio-, consigui\u00f3 su n\u00famero de tel\u00e9fono y tuvieron su primera charla. Pataky qued\u00f3 obnubilada por su acento. Y quedaron para una cita.<\/p>\n<p class=\"paragraph\" id=\"paragraph_5\">Cuando Elsa apareci\u00f3 conduciendo una potente moto Chris qued\u00f3 enloquecido. Qued\u00f3 fascinado porque present\u00eda que era una aventurera. No se confund\u00eda. Tambi\u00e9n <a href=\"https:\/\/www.elespanol.com\/corazon\/famosos\/20250725\/elsa-pataky-hijos-practican-surf-madrid-plan-acuatico-fitness-actriz-visita-espana-sin-chris-hemsworth\/1003743863326_0.html?utm_cmp_rs=linksinline\" rel=\"nofollow noopener\" target=\"_blank\">le encantaba escalar, hacer deporte y surfear<\/a>, una de las actividades favoritas del actor. Sin embargo, Elsa no estaba demasiado convencida. Ella quer\u00eda una relaci\u00f3n seria y que Chris intentara abrirse camino en la industria norteamericana podr\u00eda dificultar su sue\u00f1o. Por ello, el adonis de los mares del sur insisti\u00f3 de tal manera que la belleza de origen rumano no se pudo resistir.<\/p>\n<p><img loading=\"lazy\" decoding=\"async\" alt=\"DL_u591783_020\" height=\"180\" src=\"https:\/\/www.europesays.com\/es\/wp-content\/uploads\/2025\/12\/1003743937494_258932679_320x180.jpg\" width=\"320\" data-lazy-status=\"processed\" data-lazy-info=\"remove loading item 1\"\/><\/p>\n<p><img decoding=\"async\" alt=\"La pareja comparte su afici\u00f3n por el surf.\" data-imgm=\"true\" height=\"240\" loading=\"lazy\"  src=\"https:\/\/www.europesays.com\/es\/wp-content\/uploads\/2025\/12\/1003744066497_260623631_854x640.jpg\"  width=\"320\"\/><\/p>\n<p>                                                            La pareja comparte su afici\u00f3n por el surf.<\/p>\n<p>                    GTRES<\/p>\n<p class=\"paragraph\" id=\"paragraph_6\">Sus encuentros quedaron en suspenso porque la actriz regres\u00f3 a Espa\u00f1a para rodar durante unos meses Di Di Hollywood (2010) a las \u00f3rdenes de Bigas Luna, que desgraciadamente fue la \u00faltima pel\u00edcula del realizador, fallecido en 2013, y que hab\u00eda sido el descubridor de <strong>Pen\u00e9lope Cruz<\/strong> (51), <strong>Javier Bardem<\/strong> (56) y <strong>Jordi Moll\u00e1<\/strong> (57).<\/p>\n<p class=\"paragraph\" id=\"paragraph_7\">La presentaci\u00f3n en sociedad de Pataky y Hemsworth fue en la alfombra roja en la Gala de Apertura del Pabell\u00f3n Resnick en el Museo de Arte de Los \u00c1ngeles. Nada hac\u00eda presagiar lo que ocurrir\u00eda tres meses despu\u00e9s, cuando se fueron de vacaciones a Indonesia a pasar las vacaciones navide\u00f1as con sus respectivas familias.<\/p>\n<p class=\"paragraph\" id=\"paragraph_8\">Confesaba Chris Hemsworth en el programa Good Morning Britain que \u201cpara ser sinceros, est\u00e1bamos de vacaciones y dijimos: <strong>\u00bfPor qu\u00e9 no nos casamos?<\/strong> No hab\u00eda planes para ello\u201d. El lugar elegido fue un para\u00edso del lujo y la sostenibilidad, la isla de Sumba, ubicada al este de Bali, donde todos estaban alojados en el resort de lujo Nihi Simba.<\/p>\n<p class=\"paragraph\" id=\"paragraph_9\">A pesar de que la<strong> ceremonia \u00edntima fue muy emotiva<\/strong>, surge una pregunta: Si el actor australiano confes\u00f3 que hab\u00edan pronunciado el \u201cs\u00ed, quiero\u201d de manera improvisada, \u00bfc\u00f3mo fue posible que Elsa luciera un dise\u00f1o nupcial de Giorgio Armani? Independientemente de c\u00f3mo aconteciera, ambos estaban felices. Lo que s\u00ed llam\u00f3 la atenci\u00f3n es que solo fuera la actriz quien apareciera en exclusiva en la portada de \u00a1HOLA! <strong>\u00bfUna boda sin el novio?<\/strong><\/p>\n<p class=\"paragraph\" id=\"paragraph_10\">Mientras Chris afianzaba su coraz\u00f3n, su hermano Liam empezaba en secreto una relaci\u00f3n con <strong>Miley Cyrus<\/strong>, sobre la que Elsa apenas dio detalle a quien escribe estas l\u00edneas cuando promocion\u00f3 en Barcelona Di Di Hollywood.<strong> \u201cSoy muy feliz, he encontrado el equilibrio\u201d<\/strong>, me coment\u00f3. Poco despu\u00e9s fichar\u00eda por la franquicia de The Fast &amp; The Furious.<\/p>\n<p><img decoding=\"async\" alt=\"Portada de la revista '\u00a1HOLA!'.\" data-imgm=\"true\" height=\"854\" loading=\"lazy\"  src=\"https:\/\/www.europesays.com\/es\/wp-content\/uploads\/2025\/12\/1003744066489_260623528_1280x1706.jpg\"  width=\"640\"\/><\/p>\n<p>                                                            Portada de la revista &#8216;\u00a1HOLA!&#8217;.<\/p>\n<p class=\"paragraph\" id=\"paragraph_11\">En los Globos de Oro de 2012, el matrimonio mostr\u00f3 al mundo el estado de buena esperanza de la actriz. Chris no pudo estar m\u00e1s amoroso que cuando acariciaba con su mano la barriguita de su esposa, bell\u00edsima con un dise\u00f1o verde. \u201cComo es nuestro primer hijo, no nos importa si es ni\u00f1o o ni\u00f1a; nuestro \u00fanico deseo es que sea saludable\u00bb, dijo a \u00a1HOLA!<\/p>\n<p class=\"paragraph\" id=\"paragraph_12\">Debido a los compromisos profesionales de \u00e9l, el nacimiento de<strong> India Rose<\/strong> se produjo el 11 de mayo de ese mismo a\u00f1o en Notting Hill, Londres. La residencia principal de los Hemsworth-Pataky estaba en Malib\u00fa (California), donde hab\u00edan comprado una mansi\u00f3n de 600 metros cuadrados a Paul Hogan, el actor australiano conocido por Cocodrilo Dundee. Tambi\u00e9n pose\u00edan un apartamento de dos habitaciones en Santa M\u00f3nica (California).<\/p>\n<p><img decoding=\"async\" alt=\"Elsa Pataky y Chris Hemsworth en Cannes 2024.\" height=\"180\" loading=\"lazy\" width=\"320\" data-lazy-status=\"processed\" id=\"954b4a33b9\" src=\"https:\/\/www.elespanol.com\/corazon\/famosos\/20251225\/elsa-pataky-chris-hemsworth-pareja-vive-constantes-rumores-crisis-cumple-anos-matrimonio\/[\" https:=\"\" data-lazy-info=\"changed src\"\/><\/p>\n<p class=\"paragraph\" id=\"paragraph_13\">El 18 de marzo de 2014 nacieron en Los \u00c1ngeles<strong> los gemelos Tristan y Sasha<\/strong>, que tambi\u00e9n han heredado el esp\u00edritu aventurero de sus progenitores y posan como vez en el agua en las alfombras rojas.<\/p>\n<p class=\"paragraph\" id=\"paragraph_14\">Conscientes de que quer\u00edan criar a su prole en un ambiente sano y alejado del mundillo de Hollywood, la pareja decidi\u00f3 que era hora de mudarse a Australia. El lugar elegido fue otro para\u00edso terrestre, concretamente en Byron Bay, que hace varias d\u00e9cadas se hab\u00eda convertido en una comuna hippy ideal para practicar el surf.<\/p>\n<p class=\"paragraph\" id=\"paragraph_15\">En las tierras de Thor decidieron comprar en 2014<strong> un terreno de 4,2 hect\u00e1reas donde tres a\u00f1os m\u00e1s tarde empezaron a edificar su nueva morada<\/strong> que, a medida que se iba construyendo, no tardaron en surgir las burlas en redes sociales a tenor del gran volumen de cemento. \u201c\u00bfEs un centro comercial? \u00bfUn aeropuerto?\u201d\u2026 Tras invertir 9 millones de d\u00f3lares el resultado es una espectacular residencia de 5 dormitorios en suite, un inmenso sal\u00f3n, una cocina di\u00e1fana, un spa, sala de juegos, una piscina de 19 metros de largo, etc.<\/p>\n<p class=\"paragraph\" id=\"paragraph_16\">Durante estos 15 a\u00f1os de amor ha habido un<strong> sinf\u00edn de rumores que pretend\u00edan separar a la pareja.<\/strong> Los medios espa\u00f1oles, australianos y estadounidenses se hicieron eco de ellos por activa y por pasiva y, con el mismo ah\u00ednco, Elsa y Chris los desment\u00edan.<\/p>\n<p class=\"paragraph\" id=\"paragraph_17\">En una de sus apariciones p\u00fablicas en nuestro pa\u00eds como imagen de una marca, Pataky dijo en 2017 que \u201cno somos un matrimonio perfecto, tenemos nuestras discusiones como todas las parejas. Intentamos resolver los problemas lo antes posible\u00bb.<\/p>\n<p><img decoding=\"async\" alt=\"Este 24 de diciembre cumplen 15 a\u00f1os de casados.\" data-imgm=\"true\" height=\"180\" loading=\"lazy\"  src=\"https:\/\/s3.elespanol.com\/2025\/12\/22\/actualidad\/1003744066477_260623342_1024x576.jpg\"  width=\"320\"\/><\/p>\n<p>                                                            Este 24 de diciembre cumplen 15 a\u00f1os de casados.<\/p>\n<p>                    Getty Images<\/p>\n<p class=\"paragraph\" id=\"paragraph_18\">En el pasado surgieron cotilleos que vinculaban a Hemsworth con atractivas compa\u00f1eras de rodaje como <strong>Scarlett Johansson<\/strong> (41), <strong>Natalie Portman<\/strong> (44) y la \u00faltima Pom Klementieff (39). A este respecto, el actor australiano responde con sentido del humor cada vez que le vinculan con alguna f\u00e9mina, tal y como demostr\u00f3 en 2016 en su cuenta de Instagram: \u00abBuscando una nueva mujer seg\u00fan @womansdayaus y otros medios enga\u00f1osos! Cari\u00f1o, todav\u00eda me quieres, \u00bfverdad? @elsapatakyconfidential #graciasporelaviso\u00bb.<\/p>\n<p class=\"paragraph\" id=\"paragraph_19\">Una de las situaciones m\u00e1s divertidas y recurrentes en las entrevistas es cuando a Chris le preguntan si ya ha aprendido espa\u00f1ol. El pobre se defiende con pocas palabras afirmando que <strong>tiene poco tiempo para ello<\/strong>, pero que sus hijos son biling\u00fces perfectamente.<\/p>\n<p class=\"paragraph\" id=\"paragraph_20\">En 2018, el matrimonio protagoniz\u00f3 su primera pel\u00edcula, 12 valientes. Posteriormente intervinieron en Interceptor (2022) y en Furiosa: de la saga Mad Max (2024). De momento no se sabe cu\u00e1ndo volver\u00e1n a coincidir en la gran pantalla. La actriz estren\u00f3 recientemente en nuestro pa\u00eds Matices, cuya emisi\u00f3n coincidi\u00f3 con la muerte de uno de los protagonistas, Eusebio Poncela.<\/p>\n<p><img decoding=\"async\" alt=\"Elsa Pataky en el evento de Giuseppo en Madrid.\" height=\"180\" loading=\"lazy\" width=\"320\" data-lazy-status=\"processed\" id=\"7dd6baaa49\" src=\"https:\/\/www.elespanol.com\/corazon\/famosos\/20251225\/elsa-pataky-chris-hemsworth-pareja-vive-constantes-rumores-crisis-cumple-anos-matrimonio\/[\" https:=\"\" data-lazy-info=\"changed src\"\/><\/p>\n<p><img decoding=\"async\" alt=\"La pareja, felizmente enamorada.\" data-imgm=\"true\" height=\"240\" loading=\"lazy\"  src=\"https:\/\/www.europesays.com\/es\/wp-content\/uploads\/2025\/12\/1003744066471_260623264_854x640.jpg\"  width=\"320\"\/><\/p>\n<p>                                                            La pareja, felizmente enamorada.<\/p>\n<p>                    Getty Images<\/p>\n<p class=\"paragraph\" id=\"paragraph_21\">Durante el rodaje de un documental en 2022, a la estrella de Marvel le diagnosticaron una alta predisposici\u00f3n gen\u00e9tica a desarrollar Alzheimer. Debido a este hecho se vio obligado a desmentir al a\u00f1o siguiente en el Hormiguero que se retiraba de la actuaci\u00f3n para cuidar de su salud.<\/p>\n<p class=\"paragraph\" id=\"paragraph_22\">Lamentablemente, este pasado mes de noviembre el int\u00e9rprete confirm\u00f3 a la edici\u00f3n brit\u00e1nica de Esquire que su padre, Craig (71), padece la enfermedad. En una entrevista para National Geographic ha puntualizado que <strong>\u201ccuando se le arrebata la memoria a alguien, es tan tr\u00e1gico para los seres queridos y los cuidadores como para la persona en cuesti\u00f3n\u201d.<\/strong><\/p>\n<p class=\"paragraph\" id=\"paragraph_23\">Justamente ha sido National Geographic la que ha producido el documental Chris Hemsworth, un viaje para recordar -estrenado el pasado 25 de noviembre- donde recorre Australia junto a su progenitor en un viaje que supone una vuelta al pasado. Esta reminiscencia, seg\u00fan los expertos, es fundamental para retardar los avances de la enfermedad.<\/p>\n<p class=\"paragraph\" id=\"paragraph_24\">A finales del a\u00f1o que viene<strong> interpretar\u00e1 por \u00faltima vez a Thor<\/strong> en la saga de Los Vengadores en la pel\u00edcula Vengadores: Doomsday.<\/p>\n","protected":false},"excerpt":{"rendered":"Tras tres a\u00f1os de relaci\u00f3n, Elsa Pataky (49 a\u00f1os) rompi\u00f3 con Adrien Brody (52) en 2009. La noticia&hellip;\n","protected":false},"author":2,"featured_media":307062,"comment_status":"","ping_status":"","sticky":false,"template":"","format":"standard","meta":{"footnotes":""},"categories":[174],"tags":[1733,255,12274,12273,146,147,25,24,256,4412,23],"class_list":{"0":"post-307061","1":"post","2":"type-post","3":"status-publish","4":"format-standard","5":"has-post-thumbnail","7":"category-famosos","8":"tag-amor","9":"tag-celebrities","10":"tag-chris-hemsworth","11":"tag-elsa-pataky","12":"tag-entertainment","13":"tag-entretenimiento","14":"tag-es","15":"tag-espana","16":"tag-famosos","17":"tag-relaciones-de-pareja","18":"tag-spain"},"share_on_mastodon":{"url":"https:\/\/pubeurope.com\/@es\/115782293397598654","error":""},"_links":{"self":[{"href":"https:\/\/www.europesays.com\/es\/wp-json\/wp\/v2\/posts\/307061","targetHints":{"allow":["GET"]}}],"collection":[{"href":"https:\/\/www.europesays.com\/es\/wp-json\/wp\/v2\/posts"}],"about":[{"href":"https:\/\/www.europesays.com\/es\/wp-json\/wp\/v2\/types\/post"}],"author":[{"embeddable":true,"href":"https:\/\/www.europesays.com\/es\/wp-json\/wp\/v2\/users\/2"}],"replies":[{"embeddable":true,"href":"https:\/\/www.europesays.com\/es\/wp-json\/wp\/v2\/comments?post=307061"}],"version-history":[{"count":0,"href":"https:\/\/www.europesays.com\/es\/wp-json\/wp\/v2\/posts\/307061\/revisions"}],"wp:featuredmedia":[{"embeddable":true,"href":"https:\/\/www.europesays.com\/es\/wp-json\/wp\/v2\/media\/307062"}],"wp:attachment":[{"href":"https:\/\/www.europesays.com\/es\/wp-json\/wp\/v2\/media?parent=307061"}],"wp:term":[{"taxonomy":"category","embeddable":true,"href":"https:\/\/www.europesays.com\/es\/wp-json\/wp\/v2\/categories?post=307061"},{"taxonomy":"post_tag","embeddable":true,"href":"https:\/\/www.europesays.com\/es\/wp-json\/wp\/v2\/tags?post=307061"}],"curies":[{"name":"wp","href":"https:\/\/api.w.org\/{rel}","templated":true}]}}