{"id":307081,"date":"2025-12-25T21:32:02","date_gmt":"2025-12-25T21:32:02","guid":{"rendered":"https:\/\/www.europesays.com\/es\/307081\/"},"modified":"2025-12-25T21:32:02","modified_gmt":"2025-12-25T21:32:02","slug":"tres-de-cada-diez-empleadas-de-hogar-trabajan-sin-evaluacion-de-riesgos-por-parte-de-sus-empleadores-el-pais-expres","status":"publish","type":"post","link":"https:\/\/www.europesays.com\/es\/307081\/","title":{"rendered":"Tres de cada diez empleadas de hogar trabajan sin evaluaci\u00f3n de riesgos por parte de sus empleadores | El PA\u00cdS Expr\u00e9s"},"content":{"rendered":"<p><img fetchpriority=\"high\" decoding=\"auto\" class=\"_re  a_m-v\" height=\"415\"  width=\"414\"  src=\"https:\/\/imagenes.elpais.com\/resizer\/v2\/O3BV5LJBLNERNHFIXRQTC3DVKY.jpg?auth=f85ac33fd758e5d410df1387e6874350cc0e6b21173f83267fc7ccb6473d6f38&amp;width=414\" loading=\"eager\"\/>(Foto de ARCHIVO)&#13;<br \/>\nUna trabajadora dom\u00e9stica realiza tareas del hogar en una casa particular, a 14 de noviembre de 2025, en Lugo, Galicia (Espa\u00f1a). Los empleadores de personas empleadas del hogar deben realizar una evaluaci\u00f3n de riesgos laborales en el domicilio, identificar y prevenir peligros asociados al trabajo dom\u00e9stico, y proporcionar informaci\u00f3n, formaci\u00f3n y equipos de protecci\u00f3n para garantizar la seguridad y salud laboral.&#13;<br \/>\n&#13;<br \/>\nCarlos Castro \/ Europa Press&#13;<br \/>\n14\/11\/2025FOTO: Carlos Castro (Europa Press)<\/p>\n<p class=\"\">Casi un 30% de los hogares que tienen contratadas trabajadoras dom\u00e9sticas no han evaluado sus riesgos laborales, como exige la normativa desde el pasado 14 de noviembre.<\/p>\n<ul>\n<li>El Ministerio de Trabajo habilit\u00f3 una herramienta online gratuita en mayo (prevencion10.es), pero a\u00fan hay 110.000 de las 378.000 trabajadoras de hogar de Espa\u00f1a con las que sus empleadores no han cumplido.<\/li>\n<\/ul>\n<p class=\"\"><b>\u00bfPor qu\u00e9 es importante?<\/b> Trabajo quiere proteger mejor a este colectivo profesional, especialmente vulnerable: <\/p>\n<ul>\n<li>Es el m\u00e1s feminizado de nuestra econom\u00eda (el 93% son mujeres).<\/li>\n<li>Con m\u00e1s presencia de extranjeros y de doble nacionalidad (66%).<\/li>\n<li>Con la peor retribuci\u00f3n (1.138 euros brutos al mes, menos de la mitad que la media).<\/li>\n<li>Y la jornada pactada m\u00e1s larga (39,9 horas a la semana, hora y media m\u00e1s que el promedio).<\/li>\n<\/ul>\n<p class=\"\"><b>Y la no evaluaci\u00f3n puede suponer una infracci\u00f3n grave.<\/b> El castigo m\u00e1s alto que recoge la legislaci\u00f3n con esta consideraci\u00f3n es de 49.180 euros, aunque si no hay agravantes la sanci\u00f3n m\u00e1xima ser\u00eda de 2.450 euros.<\/p>\n<p class=\"\">\u00a9Foto: Carlos Castro (Europa Press)<\/p>\n<p class=\"\"><a href=\"https:\/\/elpais.com\/economia\/2025-12-25\/los-riesgos-laborales-de-tres-de-cada-diez-empleadas-de-hogar-siguen-pendientes-de-evaluar-pese-a-la-obligatoriedad.html\" target=\"_self\" rel=\"nofollow noopener\" title=\"https:\/\/elpais.com\/economia\/2025-12-25\/los-riesgos-laborales-de-tres-de-cada-diez-empleadas-de-hogar-siguen-pendientes-de-evaluar-pese-a-la-obligatoriedad.html\">Si quieres saber m\u00e1s, puedes leer aqu\u00ed.<\/a><\/p>\n","protected":false},"excerpt":{"rendered":"(Foto de ARCHIVO)&#13; Una trabajadora dom\u00e9stica realiza tareas del hogar en una casa particular, a 14 de noviembre&hellip;\n","protected":false},"author":2,"featured_media":307082,"comment_status":"","ping_status":"","sticky":false,"template":"","format":"standard","meta":{"footnotes":""},"categories":[8],"tags":[17,18,95,5509,25,24,13,14,11,19,20,9,10,15,16,60434,23,12,2752,21,22],"class_list":{"0":"post-307081","1":"post","2":"type-post","3":"status-publish","4":"format-standard","5":"has-post-thumbnail","7":"category-espana","8":"tag-breaking-news","9":"tag-breakingnews","10":"tag-economia","11":"tag-empleo","12":"tag-es","13":"tag-espana","14":"tag-featured-news","15":"tag-featurednews","16":"tag-headlines","17":"tag-latest-news","18":"tag-latestnews","19":"tag-news","20":"tag-noticias","21":"tag-noticias-destacadas","22":"tag-noticiasdestacadas","23":"tag-riesgos-laborales","24":"tag-spain","25":"tag-titulares","26":"tag-trabajo","27":"tag-ultimas-noticias","28":"tag-ultimasnoticias"},"share_on_mastodon":{"url":"","error":""},"_links":{"self":[{"href":"https:\/\/www.europesays.com\/es\/wp-json\/wp\/v2\/posts\/307081","targetHints":{"allow":["GET"]}}],"collection":[{"href":"https:\/\/www.europesays.com\/es\/wp-json\/wp\/v2\/posts"}],"about":[{"href":"https:\/\/www.europesays.com\/es\/wp-json\/wp\/v2\/types\/post"}],"author":[{"embeddable":true,"href":"https:\/\/www.europesays.com\/es\/wp-json\/wp\/v2\/users\/2"}],"replies":[{"embeddable":true,"href":"https:\/\/www.europesays.com\/es\/wp-json\/wp\/v2\/comments?post=307081"}],"version-history":[{"count":0,"href":"https:\/\/www.europesays.com\/es\/wp-json\/wp\/v2\/posts\/307081\/revisions"}],"wp:featuredmedia":[{"embeddable":true,"href":"https:\/\/www.europesays.com\/es\/wp-json\/wp\/v2\/media\/307082"}],"wp:attachment":[{"href":"https:\/\/www.europesays.com\/es\/wp-json\/wp\/v2\/media?parent=307081"}],"wp:term":[{"taxonomy":"category","embeddable":true,"href":"https:\/\/www.europesays.com\/es\/wp-json\/wp\/v2\/categories?post=307081"},{"taxonomy":"post_tag","embeddable":true,"href":"https:\/\/www.europesays.com\/es\/wp-json\/wp\/v2\/tags?post=307081"}],"curies":[{"name":"wp","href":"https:\/\/api.w.org\/{rel}","templated":true}]}}