{"id":307086,"date":"2025-12-25T21:42:15","date_gmt":"2025-12-25T21:42:15","guid":{"rendered":"https:\/\/www.europesays.com\/es\/307086\/"},"modified":"2025-12-25T21:42:15","modified_gmt":"2025-12-25T21:42:15","slug":"el-sevilla-arrancara-el-2026-con-un-triple-proposito-de-enmienda","status":"publish","type":"post","link":"https:\/\/www.europesays.com\/es\/307086\/","title":{"rendered":"El Sevilla arrancar\u00e1 el 2026 con un triple prop\u00f3sito de enmienda"},"content":{"rendered":"<p>El club nervionense tendr\u00e1 hasta tres oportunidades en s\u00f3lo 21 d\u00edas para comenzar a compensar la enorme ristra de decepciones que han regalado a su afici\u00f3n en este a\u00f1o que est\u00e1 a punto de terminar y que ha dejado un r\u00e9cord negativo <\/p>\n<p class=\"parrafo\">Los primeros d\u00edas de cada a\u00f1o suelen servir de ex\u00e1menes de conciencia, de promesas para cambiar aquellas cosas que uno no hizo bien en el a\u00f1o saliente o de corregir errores, debilidades o incumplimientos pendientes. Luego, mantenerlo en pie durante los 12 meses ya es m\u00e1s complicado; pero, al menos, enero suele ser un mes de &#8216;overbooking&#8217; en los gimnasios, de despedidas de los estancos ante los anuncios de dejar de fumar o de voluntariosas llamadas a esos seres queridos que ten\u00edas descuidados. En el caso del Sevilla FC hay muchas tareas pendientes, pero quiz\u00e1s el prop\u00f3sito de enmienda que m\u00e1s urge es el de recuperar para el Ram\u00f3n S\u00e1nchez-Pizju\u00e1n aquella condici\u00f3n de fort\u00edn que nunca regalaba puntos hasta que lleg\u00f3 este manirroto 2025. <\/p>\n<p>El Sevilla FC jugar\u00e1 tres partidos en el S\u00e1nchez-Pizju\u00e1n en los 25 primeros d\u00edas de 2026 <\/p>\n<p class=\"parrafo\"><strong>S\u00f3lo cuatro victorias en 18 partidos como local<\/strong><strong>, con seis empates y ocho derrotas<\/strong>. \u00c9se es el pobre guarismo que ha firmado el Sevilla FC en este 2025 que por fin acaba y que ha dejado el peor registro de este siglo XXI, muy por debajo del anterior r\u00e9cord negativo que estaba en las ocho victorias de 2022 y a a\u00f1os luz de los 24 triunfos de 2015 o los 23 de 2007 y 2016. Por entrenadores, <strong>Xavier Garc\u00eda Pimienta no fue capaz de ganar ning\u00fan encuentro en Nervi\u00f3n (de seis), Joaqu\u00edn Caparr\u00f3s s\u00f3lo venci\u00f3 en uno de cuatro (ya en el mes de mayo) y Mat\u00edas Almeyda se ha impuesto en tres de sus ocho encuentros en casa en esta 25\/26; <a href=\"https:\/\/www.estadiodeportivo.com\/futbol\/primera-division\/sevilla-oviedo-fiesta-africana-nervion-despedida-akor-adams-ejuke-que-nadie-esperaba-20251214-523688.html\" target=\"_blank\" class=\"intext-link\" rel=\"nofollow noopener\">entre ellos, el \u00faltimo ante el Real Oviedo<\/a><\/strong>.        <\/p>\n<p class=\"parrafo\">El a\u00f1o 2026 dar\u00e1 muy pronto una gran oportunidad de desquitarse. O, mejor dicho, conceder\u00e1 tres oportunidades de resarcirse de este estigma en s\u00f3lo 21 d\u00edas. La competici\u00f3n en <strong>LaLiga EA Sports se reanudar\u00e1 el 4 de enero con un choque en el Ram\u00f3n S\u00e1nchez-Pizju\u00e1n ante el Levante UD y, s\u00f3lo una semana despu\u00e9s, el 12-E, el Sevilla FC repetir\u00e1 como local para recibir al RC Celta de Vigo<\/strong>. <\/p>\n<p><img decoding=\"async\" src=\"https:\/\/www.europesays.com\/es\/wp-content\/uploads\/2025\/12\/22a66271-b00b-4a0c-8370-b62f23c10604_800x533.jpeg\" loading=\"lazy\"\/><\/p>\n<p class=\"parrafo\">Tras visitar al Elche en el Mart\u00ednez Valero el d\u00eda 19-E &#8211;<a href=\"https:\/\/www.estadiodeportivo.com\/futbol\/sevilla-fc\/agravio-sevilla-sabado-noche-para-betis-los-horarios-jornada-20251223-524590.html\" target=\"_blank\" class=\"intext-link\" rel=\"nofollow noopener\">segundo lunes seguido<\/a>-, el equipo blanquirrojo jugar\u00e1 su tercer encuentro ante su afici\u00f3n <strong>el d\u00eda 25, contra el Athletic Club<\/strong>. Es decir, tres de los cuatro primeros encuentros oficiales del equipo de Almeyda -con LaLiga como \u00fanica competici\u00f3n- tendr\u00e1n lugar en ese estadio que se jactaba de no regalar puntos y que en este 2025 se ha mostrado extremedamente dadivoso con 14 de sus 18 visitantes. <\/p>\n<p><a class=\"elementos-rel-t2\" href=\"https:\/\/www.estadiodeportivo.com\/futbol\/sevilla-fc\/matias-almeyda-piensa-20251225-524763.html\" title=\"Mat\u00edas Almeyda se lo piensa\" rel=\"nofollow noopener\" target=\"_blank\"><\/p>\n<p class=\"titular titulo-4\">Mat\u00edas Almeyda se lo piensa<\/p>\n<p><img decoding=\"async\" src=\"https:\/\/www.europesays.com\/es\/wp-content\/uploads\/2025\/12\/2ecaa2cf-1eb3-4438-a92f-4983b760b712_320x180.jpeg\" alt=\"Mat\u00edas Almeyda se lo piensa\"\/><\/a><a class=\"elementos-rel-t2\" href=\"https:\/\/www.estadiodeportivo.com\/futbol\/sevilla-fc\/original-brindis-del-sevilla-navidad-los-que-nunca-rinden-unidad-contra-los-malos-momentos-20251224-524702.html\" title=\"El original brindis del Sevilla FC: &quot;La Navidad de los que nunca se rinden&quot;, unidad familiar contra los malos momentos \" rel=\"nofollow noopener\" target=\"_blank\"><\/p>\n<p class=\"titular titulo-4\">El original brindis del Sevilla FC: \u00abLa Navidad de los que nunca se rinden\u00bb, unidad familiar contra los malos momentos <\/p>\n<p><img decoding=\"async\" src=\"https:\/\/www.europesays.com\/es\/wp-content\/uploads\/2025\/12\/5b95c7b2-f9f4-4166-a0de-29bd197b8c62_320x180.jpeg\" alt=\"El original brindis del Sevilla FC: &quot;La Navidad de los que nunca se rinden&quot;, unidad familiar contra los malos momentos \"\/><\/a><a class=\"elementos-rel-t2\" href=\"https:\/\/www.estadiodeportivo.com\/futbol\/sevilla-fc\/los-problemas-del-sevilla-van-mas-alla-una-mera-falta-punteria-equipo-mas-certero-laliga-20251224-524682.html\" title=\"Los problemas del Sevilla van m\u00e1s all\u00e1 de una mera falta de punter\u00eda: \u00a1Es el equipo m\u00e1s certero de LaLiga! \" rel=\"nofollow noopener\" target=\"_blank\"><\/p>\n<p class=\"titular titulo-4\">Los problemas del Sevilla van m\u00e1s all\u00e1 de una mera falta de punter\u00eda: \u00a1Es el equipo m\u00e1s certero de LaLiga! <\/p>\n<p><img decoding=\"async\" src=\"https:\/\/www.europesays.com\/es\/wp-content\/uploads\/2025\/12\/0d4575b0-3a29-46c9-825e-d8958eecfd4c_320x180.jpeg\" alt=\"Los problemas del Sevilla van m\u00e1s all\u00e1 de una mera falta de punter\u00eda: \u00a1Es el equipo m\u00e1s certero de LaLiga! \"\/><\/a>Los 18 partidos del Sevilla FC en el S\u00e1nchez-Pizju\u00e1n en 2025: 4 G, 6 E y 8 P <\/p>\n<ol class=\"lista-cuerpo\">\n<li>11\/01\/2025 &#8211; LaLiga 24\/25 (jornada 19) &#8211; Sevilla FC 1-1 Valencia CF <\/li>\n<li>25\/01\/2025 &#8211; LaLiga 24\/25 (jornada 21) &#8211; Sevilla FC 1-1 RCD Espanyol <\/li>\n<li>09\/02\/2025 &#8211; LaLiga 24\/25 (jornada 23) &#8211; Sevilla FC 1-4 FC Barcelona  <\/li>\n<li>24\/02\/2025 &#8211; LaLiga 24\/25 (jornada 25) &#8211; Sevilla FC 1-1 RCD Mallorca <\/li>\n<li>16\/03\/2025 &#8211; LaLiga 24\/25 (jornada 28) &#8211; Sevilla FC 0-1 Athletic Club <\/li>\n<li>06\/04\/2025 &#8211; LaLiga 24\/25 (jornada 30) &#8211; Sevilla FC 1-2 Atl\u00e9tico de Madrid <\/li>\n<li>20\/04\/2025 &#8211; LaLiga 24\/25 (jornada 32) &#8211; Sevilla FC 1-1 Deportivo Alav\u00e9s <\/li>\n<li>04\/05\/2025 &#8211; LaLiga 24\/25 (jornada 34) &#8211; Sevilla FC 2-2 CD Legan\u00e9s <\/li>\n<li>13\/05\/2025 &#8211; LaLiga 24\/25 (jornada 36) &#8211; Sevilla FC 1-0 UD Las Palmas  <\/li>\n<li>18\/05\/2025 &#8211; LaLiga 24\/25 (jornada 37) &#8211; Sevilla FC 0-2 Real Madrid <\/li>\n<li>25\/08\/2025 &#8211; LaLiga 25\/26 (jornada 02) &#8211; Sevilla FC 1-2 Getafe CF <\/li>\n<li>12\/09\/2025 &#8211; LaLiga 25\/26 (jornada 04) &#8211; Sevilla FC 2-2 Elche CF <\/li>\n<li>23\/09\/2025 &#8211; LaLiga 25\/26 (jornada 06) &#8211; Sevilla FC 1-2 Villarreal CF <\/li>\n<li>05\/10\/2025 &#8211; LaLiga 25\/26 (jornada 08) &#8211; Sevilla FC 4-1 FC Barcelona <\/li>\n<li>18\/10\/2025 &#8211; LaLiga 25\/26 (jornada 09) &#8211; Sevilla FC 1-3 RCD Mallorca <\/li>\n<li>08\/11\/2025 &#8211; LaLiga 25\/26 (jornada 12) &#8211; Sevilla FC 1-0 CA Osasuna <\/li>\n<li>30\/11\/2025 &#8211; LaLiga 25\/26 (jornada 14) &#8211; Sevilla FC 0-2 Real Betis <\/li>\n<li>14\/12\/2025 &#8211; LaLiga 25\/26 (jornada 16) &#8211; Sevilla FC 4-0 Real Oviedo<\/li>\n<\/ol>\n","protected":false},"excerpt":{"rendered":"El club nervionense tendr\u00e1 hasta tres oportunidades en s\u00f3lo 21 d\u00edas para comenzar a compensar la enorme ristra&hellip;\n","protected":false},"author":2,"featured_media":307087,"comment_status":"","ping_status":"","sticky":false,"template":"","format":"standard","meta":{"footnotes":""},"categories":[268],"tags":[168,25,24,284,280,282,1945,72565,2993,281,23,167],"class_list":{"0":"post-307086","1":"post","2":"type-post","3":"status-publish","4":"format-standard","5":"has-post-thumbnail","7":"category-futbol","8":"tag-deportes","9":"tag-es","10":"tag-espana","11":"tag-estadio-deportivo","12":"tag-football","13":"tag-futbol","14":"tag-primera-division","15":"tag-sanchez-pizjuan","16":"tag-sevilla-futbol-club","17":"tag-soccer","18":"tag-spain","19":"tag-sports"},"share_on_mastodon":{"url":"https:\/\/pubeurope.com\/@es\/115782389165988892","error":""},"_links":{"self":[{"href":"https:\/\/www.europesays.com\/es\/wp-json\/wp\/v2\/posts\/307086","targetHints":{"allow":["GET"]}}],"collection":[{"href":"https:\/\/www.europesays.com\/es\/wp-json\/wp\/v2\/posts"}],"about":[{"href":"https:\/\/www.europesays.com\/es\/wp-json\/wp\/v2\/types\/post"}],"author":[{"embeddable":true,"href":"https:\/\/www.europesays.com\/es\/wp-json\/wp\/v2\/users\/2"}],"replies":[{"embeddable":true,"href":"https:\/\/www.europesays.com\/es\/wp-json\/wp\/v2\/comments?post=307086"}],"version-history":[{"count":0,"href":"https:\/\/www.europesays.com\/es\/wp-json\/wp\/v2\/posts\/307086\/revisions"}],"wp:featuredmedia":[{"embeddable":true,"href":"https:\/\/www.europesays.com\/es\/wp-json\/wp\/v2\/media\/307087"}],"wp:attachment":[{"href":"https:\/\/www.europesays.com\/es\/wp-json\/wp\/v2\/media?parent=307086"}],"wp:term":[{"taxonomy":"category","embeddable":true,"href":"https:\/\/www.europesays.com\/es\/wp-json\/wp\/v2\/categories?post=307086"},{"taxonomy":"post_tag","embeddable":true,"href":"https:\/\/www.europesays.com\/es\/wp-json\/wp\/v2\/tags?post=307086"}],"curies":[{"name":"wp","href":"https:\/\/api.w.org\/{rel}","templated":true}]}}