{"id":307094,"date":"2025-12-25T21:48:21","date_gmt":"2025-12-25T21:48:21","guid":{"rendered":"https:\/\/www.europesays.com\/es\/307094\/"},"modified":"2025-12-25T21:48:21","modified_gmt":"2025-12-25T21:48:21","slug":"dakota-johnson-y-antonio-banderas-una-historia-de-familia-cine-y-reconocimiento-mutuo","status":"publish","type":"post","link":"https:\/\/www.europesays.com\/es\/307094\/","title":{"rendered":"Dakota Johnson y Antonio Banderas: una historia de familia, cine y reconocimiento mutuo"},"content":{"rendered":"<p><img alt=\"Dakota Johnson destaca la importancia\" class=\"global-image\" decoding=\"async\" fetchpriority=\"high\" height=\"1080\" loading=\"eager\" src=\"https:\/\/www.europesays.com\/es\/wp-content\/uploads\/2025\/12\/YU5W5COTWRASFA6DZRQOXSMEEQ.jpg\" width=\"1920\"\/>Dakota Johnson destaca la importancia de Antonio Banderas como figura paterna y su conexi\u00f3n con la cultura espa\u00f1ola desde la infancia (REUTERS\/Danny Moloshok)<\/p>\n<p class=\"paragraph\">La trayectoria profesional de <a rel=\"noopener noreferrer nofollow\" href=\"https:\/\/www.infobae.com\/tag\/dakota-johnson\/\" target=\"_blank\" title=\"https:\/\/www.infobae.com\/tag\/dakota-johnson\/\"><b>Dakota Johnson<\/b><\/a> ha estado marcada por su participaci\u00f3n en proyectos internacionales que le han permitido consolidarse como una figura prominente en la industria del cine. Su <b>salto a la fama mundial<\/b> se produjo con la saga cinematogr\u00e1fica de <b>50 sombras de Grey<\/b>, donde interpret\u00f3 a <b>Anastasia Steele<\/b>, un papel que la posicion\u00f3 como protagonista en uno de los fen\u00f3menos culturales m\u00e1s comentados de la d\u00e9cada.<\/p>\n<p class=\"paragraph\">Desde entonces, su carrera ha incluido colaboraciones con directores de renombre y la participaci\u00f3n en t\u00edtulos que han recibido reconocimiento tanto por la cr\u00edtica como por el p\u00fablico. Adem\u00e1s de su trabajo en la mencionada saga, Johnson ha diversificado su filmograf\u00eda eligiendo personajes complejos y explorando diferentes g\u00e9neros, lo que ha consolidado su presencia en la industria cinematogr\u00e1fica internacional.<\/p>\n<p class=\"paragraph\">Por otro lado, la actriz ha sabido capitalizar el impulso de sus primeros \u00e9xitos, participando en producciones independientes y grandes superproducciones. Esta versatilidad le ha permitido mantenerse vigente en el panorama contempor\u00e1neo del cine, sumando nuevos desaf\u00edos a su carrera. Adem\u00e1s, su presencia en festivales y entregas de premios ha contribuido a reforzar su imagen p\u00fablica, convirti\u00e9ndola en una de las actrices m\u00e1s reconocidas de su generaci\u00f3n.<\/p>\n<p><img alt=\"Johnson ha forjado una trayectoria\" class=\"global-image\" decoding=\"async\" fetchpriority=\"low\" height=\"3437\" loading=\"lazy\" src=\"https:\/\/www.europesays.com\/es\/wp-content\/uploads\/2025\/12\/K2KEVTXLIJE57B4QPDO2G6WROA.JPG\" width=\"5155\"\/>Johnson ha forjado una trayectoria internacional, diversificando su carrera con personajes complejos y proyectos reconocidos por la cr\u00edtica (REUTERS\/Allison Dinner)<\/p>\n<p class=\"paragraph\">El entorno familiar de Dakota Johnson tiene una influencia significativa en su desarrollo profesional. Nacida en el seno de una familia vinculada estrechamente al cine, es hija de <b>Melanie Griffith<\/b> y <b>Don Johnson<\/b>, ambos actores de renombre en Hollywood. <\/p>\n<p class=\"paragraph\">Este legado ha marcado tanto su formaci\u00f3n como su acceso a la industria, proporcion\u00e1ndole una base s\u00f3lida sobre la cual construir su propia identidad art\u00edstica. La presencia de figuras destacadas en su n\u00facleo familiar ha sido constante a lo largo de su vida. <\/p>\n<p class=\"paragraph\">La relaci\u00f3n de sus padres con el mundo del espect\u00e1culo y la notoriedad p\u00fablica de cada uno de ellos generaron un ambiente propicio para el desarrollo de su vocaci\u00f3n interpretativa. Adem\u00e1s, la exposici\u00f3n a los rodajes, set de filmaci\u00f3n y eventos del sector desde una edad temprana contribuy\u00f3 a que Dakota Johnson comprendiera de primera mano las din\u00e1micas y exigencias de la profesi\u00f3n.<\/p>\n<p><img alt=\"La actriz refuerza la influencia\" class=\"global-image\" decoding=\"async\" fetchpriority=\"low\" height=\"521\" loading=\"lazy\" src=\"https:\/\/www.europesays.com\/es\/wp-content\/uploads\/2025\/12\/O3ITV7UYLJGCJFYLWE63OZZULY.png\" width=\"911\"\/>La actriz refuerza la influencia familiar, destacando c\u00f3mo el legado de Melanie Griffith y Don Johnson marc\u00f3 su acceso al cine<\/p>\n<p class=\"paragraph\">El legado familiar no solo ha influido en su decisi\u00f3n de dedicarse a la actuaci\u00f3n, sino tambi\u00e9n en la manera en que gestiona su carrera y su imagen p\u00fablica. <b>Johnson ha manifestado en diversas ocasiones el peso de pertenecer a una saga de artistas y c\u00f3mo esto ha representado tanto una ventaja como un desaf\u00edo, oblig\u00e1ndola a demostrar su propio talento y a diferenciarse de la trayectoria de sus padres<\/b>.<\/p>\n<p class=\"paragraph\">La figura de <b>Antonio Banderas<\/b> ocupa un lugar especial en la vida de Dakota Johnson, quien lo considera un referente y una figura paterna significativa. Este v\u00ednculo se remonta al matrimonio de Banderas con Melanie Griffith, madre de Johnson, durante el cual el actor espa\u00f1ol asumi\u00f3 un papel importante en la crianza y formaci\u00f3n personal de la artista.<\/p>\n<p class=\"paragraph\"><b>El lazo con Banderas ha trascendido el \u00e1mbito familiar, generando una conexi\u00f3n con la cultura espa\u00f1ola que ha influido en la percepci\u00f3n de Johnson sobre su identidad<\/b>. La convivencia con el actor malague\u00f1o le permiti\u00f3 acercarse a tradiciones y costumbres espa\u00f1olas, as\u00ed como establecer una relaci\u00f3n afectiva con el pa\u00eds. Durante el tiempo que compartieron como familia, Dakota Johnson vivi\u00f3 experiencias que la acercaron a Espa\u00f1a, reforzando su aprecio por la lengua y la cultura.<\/p>\n<p><img alt=\"La relaci\u00f3n entre Dakota Johnson\" class=\"global-image\" decoding=\"async\" fetchpriority=\"low\" height=\"2140\" loading=\"lazy\" src=\"https:\/\/www.europesays.com\/es\/wp-content\/uploads\/2025\/12\/3TFMMVR5WRCCDGKJCHFQ3Y6ITM.com\" width=\"2583\"\/>La relaci\u00f3n entre Dakota Johnson y Antonio Banderas consolid\u00f3 el lazo afectivo de la actriz con Espa\u00f1a y sus tradiciones (REUTERS\/Mario Anzuoni)<\/p>\n<p class=\"paragraph\">La relaci\u00f3n con Antonio Banderas se ha mantenido a lo largo de los a\u00f1os, incluso despu\u00e9s de la separaci\u00f3n entre \u00e9l y Melanie Griffith. Johnson ha expresado p\u00fablicamente <b>su gratitud y admiraci\u00f3n hacia Banderas,<\/b> a quien reconoce como un pilar fundamental en su vida y carrera. Este v\u00ednculo ha sido un elemento distintivo en la historia personal y profesional de la actriz.<\/p>\n<p class=\"paragraph\">Dakota Johnson ha compartido en distintas ocasiones reflexiones p\u00fablicas acerca del impacto que Antonio Banderas y su familia han tenido en su vida. En particular, su discurso durante la entrega de un galard\u00f3n a Banderas destac\u00f3 el papel fundamental que este desempe\u00f1\u00f3 en su formaci\u00f3n personal y profesional. <b>Johnson describi\u00f3 la influencia positiva de Banderas, enfatizando el cari\u00f1o y la orientaci\u00f3n que recibi\u00f3 de \u00e9l durante su infancia y adolescencia<\/b>.<\/p>\n<p class=\"paragraph\">En ese discurso, la actriz reconoci\u00f3 la importancia de la figura de Banderas en el proceso de construcci\u00f3n de su identidad y en su desarrollo como persona. Sus palabras reflejaron el afecto y la admiraci\u00f3n hacia quien considera un verdadero padre, m\u00e1s all\u00e1 de los lazos biol\u00f3gicos. La intervenci\u00f3n p\u00fablica de Johnson fue interpretada como un testimonio sincero del valor de la familia elegida y la trascendencia de las relaciones construidas a lo largo de los a\u00f1os.<\/p>\n<p class=\"paragraph\">El reconocimiento de Dakota Johnson hacia Banderas tambi\u00e9n resalta la influencia de los entornos familiares no convencionales en la vida de figuras p\u00fablicas. Su experiencia demuestra c\u00f3mo la presencia de referentes positivos puede marcar la diferencia en la trayectoria de una persona, ampliando la noci\u00f3n tradicional de familia y subrayando la importancia de los v\u00ednculos afectivos en el crecimiento personal y profesional.<\/p>\n","protected":false},"excerpt":{"rendered":"Dakota Johnson destaca la importancia de Antonio Banderas como figura paterna y su conexi\u00f3n con la cultura espa\u00f1ola&hellip;\n","protected":false},"author":2,"featured_media":307095,"comment_status":"","ping_status":"","sticky":false,"template":"","format":"standard","meta":{"footnotes":""},"categories":[169],"tags":[231,3118,177,5797,146,147,25,24,176,175,3119,23],"class_list":{"0":"post-307094","1":"post","2":"type-post","3":"status-publish","4":"format-standard","5":"has-post-thumbnail","7":"category-cine","8":"tag-arts","9":"tag-arts-culture-entertainment","10":"tag-cine","11":"tag-culture","12":"tag-entertainment","13":"tag-entretenimiento","14":"tag-es","15":"tag-espana","16":"tag-film","17":"tag-movies","18":"tag-north-america","19":"tag-spain"},"share_on_mastodon":{"url":"https:\/\/pubeurope.com\/@es\/115782412767008108","error":""},"_links":{"self":[{"href":"https:\/\/www.europesays.com\/es\/wp-json\/wp\/v2\/posts\/307094","targetHints":{"allow":["GET"]}}],"collection":[{"href":"https:\/\/www.europesays.com\/es\/wp-json\/wp\/v2\/posts"}],"about":[{"href":"https:\/\/www.europesays.com\/es\/wp-json\/wp\/v2\/types\/post"}],"author":[{"embeddable":true,"href":"https:\/\/www.europesays.com\/es\/wp-json\/wp\/v2\/users\/2"}],"replies":[{"embeddable":true,"href":"https:\/\/www.europesays.com\/es\/wp-json\/wp\/v2\/comments?post=307094"}],"version-history":[{"count":0,"href":"https:\/\/www.europesays.com\/es\/wp-json\/wp\/v2\/posts\/307094\/revisions"}],"wp:featuredmedia":[{"embeddable":true,"href":"https:\/\/www.europesays.com\/es\/wp-json\/wp\/v2\/media\/307095"}],"wp:attachment":[{"href":"https:\/\/www.europesays.com\/es\/wp-json\/wp\/v2\/media?parent=307094"}],"wp:term":[{"taxonomy":"category","embeddable":true,"href":"https:\/\/www.europesays.com\/es\/wp-json\/wp\/v2\/categories?post=307094"},{"taxonomy":"post_tag","embeddable":true,"href":"https:\/\/www.europesays.com\/es\/wp-json\/wp\/v2\/tags?post=307094"}],"curies":[{"name":"wp","href":"https:\/\/api.w.org\/{rel}","templated":true}]}}