{"id":307303,"date":"2025-12-26T00:38:08","date_gmt":"2025-12-26T00:38:08","guid":{"rendered":"https:\/\/www.europesays.com\/es\/307303\/"},"modified":"2025-12-26T00:38:08","modified_gmt":"2025-12-26T00:38:08","slug":"arabia-saudi-entra-con-fuerza-a-por-lewandowski","status":"publish","type":"post","link":"https:\/\/www.europesays.com\/es\/307303\/","title":{"rendered":"Arabia Saud\u00ed entra con fuerza a por Lewandowski"},"content":{"rendered":"<p>A sus 37 a\u00f1os, el delantero polaco escucha propuestas mientras el Bar\u00e7a valora su situaci\u00f3n<\/p>\n<p class=\"parrafo\">El futuro de <strong>Robert Lewandowski <\/strong>vuelve a situarse en el centro del debate en Barcelona. El delantero polaco, que encara la <strong>recta final <\/strong>de su etapa en la \u00e9lite, tiene sobre la mesa una opci\u00f3n muy potente procedente de <strong>Arabia Saud\u00ed<\/strong>, un destino que gana peso a medida que avanzan los meses y que podr\u00eda marcar el \u00faltimo gran contrato de su carrera.<\/p>\n<p class=\"parrafo\">Seg\u00fan se puede leer en AS, el pr\u00f3ximo paso ser\u00e1 una <strong>reuni\u00f3n entre su agente, Pini Zahavi, y responsables de la Liga saud\u00ed <\/strong>para conocer de primera mano una propuesta que contempla, al menos, <strong>dos temporadas <\/strong>en el campeonato \u00e1rabe. Una oferta econ\u00f3micamente muy atractiva y que permitir\u00eda a Lewandowski seguir compitiendo con un rol protagonista, algo que sigue siendo prioritario para el futbolista.<\/p>\n<p>Estados Unidos tambi\u00e9n quiere al polaco<\/p>\n<p class=\"parrafo\">El inter\u00e9s no llega \u00fanicamente desde Oriente Medio. La semana pasada trascendi\u00f3 que los <strong>Chicago Fire de la MLS <\/strong>tambi\u00e9n han movido ficha. De hecho, Zahavi y el propio Lewandowski mantuvieron un encuentro en Barcelona con <strong>Gregg Berhalter<\/strong>, director deportivo del club estadounidense. Sin embargo, la propuesta norteamericana queda muy lejos, a nivel econ\u00f3mico, de lo que se plantea desde Arabia Saud\u00ed.<\/p>\n<p><img decoding=\"async\" src=\"https:\/\/www.europesays.com\/es\/wp-content\/uploads\/2025\/12\/b6589fe3-a520-41c5-8f8f-86b3f46d281a_800x533.jpeg\" loading=\"lazy\"\/><\/p>\n<p class=\"parrafo\">\u201c<strong>No tengo prisa por decidir<\/strong>\u201d, asegur\u00f3 el delantero cuando fue preguntado recientemente por su futuro, en la previa del Brujas-Bar\u00e7a de Champions. Una frase que resume bien su postura actual: disfrutar del presente sin precipitar una decisi\u00f3n que marcar\u00e1 el tramo final de su carrera.<\/p>\n<p>Menos protagonismo y se\u00f1ales de cambio en el Bar\u00e7a<\/p>\n<p class=\"parrafo\">M\u00e1s all\u00e1 del mercado, hay factores deportivos que invitan a pensar que el <strong>ciclo de Lewandowski en el Bar\u00e7a se acerca a su fin<\/strong>. Esta temporada ha perdido peso espec\u00edfico dentro del equipo y <strong>Ferran Torres<\/strong> ha ido ganando terreno hasta consolidarse, por momentos, como el delantero centro titular. El relevo generacional, al menos en cuanto a jerarqu\u00eda ofensiva, ya est\u00e1 en marcha.<\/p>\n<p class=\"parrafo\">A sus 37 a\u00f1os, y pese a su cuidada preparaci\u00f3n f\u00edsica, el polaco tampoco ha podido esquivar los <strong>problemas musculares<\/strong>. Se lesion\u00f3 en pretemporada, volvi\u00f3 a caer con la selecci\u00f3n de Polonia en octubre y en las \u00faltimas semanas ha tenido que parar nuevamente. Nada alarmante, pero s\u00ed indicios de que el desgaste empieza a pasar factura.<\/p>\n<p><a class=\"elementos-rel-t2\" href=\"https:\/\/www.estadiodeportivo.com\/futbol\/barcelona\/fermin-futuro-espero-estar-siempre-ligado-barca-20251225-524778.html\" title=\"Ferm\u00edn y su futuro: &quot;Espero estar siempre ligado al Bar\u00e7a&quot;\" rel=\"nofollow noopener\" target=\"_blank\"><\/p>\n<p class=\"titular titulo-4\">Ferm\u00edn y su futuro: \u00abEspero estar siempre ligado al Bar\u00e7a\u00bb<\/p>\n<p><img decoding=\"async\" src=\"https:\/\/www.europesays.com\/es\/wp-content\/uploads\/2025\/12\/22d7272d-8213-4d7f-aa79-de4075423675_320x180.jpeg\" alt=\"Ferm\u00edn y su futuro: &quot;Espero estar siempre ligado al Bar\u00e7a&quot;\"\/><\/a><a class=\"elementos-rel-t2\" href=\"https:\/\/www.estadiodeportivo.com\/futbol\/barcelona\/karanka-caso-lamine-comunicacion-fue-buena-pero-los-tiempos-fueron-los-adecuados-20251224-524691.html\" title=\"Karanka y el &#039;caso Lamine&#039;: &quot;La comunicaci\u00f3n fue buena, pero los tiempos no fueron los adecuados&quot;\" rel=\"nofollow noopener\" target=\"_blank\"><\/p>\n<p class=\"titular titulo-4\">Karanka y el &#8216;caso Lamine&#8217;: \u00abLa comunicaci\u00f3n fue buena, pero los tiempos no fueron los adecuados\u00bb<\/p>\n<p><img decoding=\"async\" src=\"https:\/\/www.europesays.com\/es\/wp-content\/uploads\/2025\/12\/38d2c2d7-d46a-4e4f-ba76-cbae5d27726b_320x180.jpeg\" alt=\"Karanka y el 'caso Lamine': &quot;La comunicaci\u00f3n fue buena, pero los tiempos no fueron los adecuados&quot;\"\/><\/a><\/p>\n<p class=\"parrafo\">En el club, mientras tanto, siguen muy atentos a sus movimientos. Desde la direcci\u00f3n deportiva se mantiene un <strong>respeto absoluto hacia un futbolista <\/strong>que ha rendido a gran nivel y cuyo comportamiento ha sido ejemplar desde su llegada. Pero tambi\u00e9n se asume que puede ser el momento de dar un paso adelante en la planificaci\u00f3n.<\/p>\n<p class=\"parrafo\">La ampliaci\u00f3n de contrato de Ferran Torres es el primer movimiento claro en ese sentido. El siguiente depender\u00e1, en gran medida, de la decisi\u00f3n final de Lewandowski.<\/p>\n","protected":false},"excerpt":{"rendered":"A sus 37 a\u00f1os, el delantero polaco escucha propuestas mientras el Bar\u00e7a valora su situaci\u00f3n El futuro de&hellip;\n","protected":false},"author":2,"featured_media":307304,"comment_status":"","ping_status":"","sticky":false,"template":"","format":"standard","meta":{"footnotes":""},"categories":[268],"tags":[168,25,24,284,10116,280,282,288,1945,281,23,167],"class_list":{"0":"post-307303","1":"post","2":"type-post","3":"status-publish","4":"format-standard","5":"has-post-thumbnail","7":"category-futbol","8":"tag-deportes","9":"tag-es","10":"tag-espana","11":"tag-estadio-deportivo","12":"tag-f-c-barcelona","13":"tag-football","14":"tag-futbol","15":"tag-laliga","16":"tag-primera-division","17":"tag-soccer","18":"tag-spain","19":"tag-sports"},"share_on_mastodon":{"url":"https:\/\/pubeurope.com\/@es\/115783080709338779","error":""},"_links":{"self":[{"href":"https:\/\/www.europesays.com\/es\/wp-json\/wp\/v2\/posts\/307303","targetHints":{"allow":["GET"]}}],"collection":[{"href":"https:\/\/www.europesays.com\/es\/wp-json\/wp\/v2\/posts"}],"about":[{"href":"https:\/\/www.europesays.com\/es\/wp-json\/wp\/v2\/types\/post"}],"author":[{"embeddable":true,"href":"https:\/\/www.europesays.com\/es\/wp-json\/wp\/v2\/users\/2"}],"replies":[{"embeddable":true,"href":"https:\/\/www.europesays.com\/es\/wp-json\/wp\/v2\/comments?post=307303"}],"version-history":[{"count":0,"href":"https:\/\/www.europesays.com\/es\/wp-json\/wp\/v2\/posts\/307303\/revisions"}],"wp:featuredmedia":[{"embeddable":true,"href":"https:\/\/www.europesays.com\/es\/wp-json\/wp\/v2\/media\/307304"}],"wp:attachment":[{"href":"https:\/\/www.europesays.com\/es\/wp-json\/wp\/v2\/media?parent=307303"}],"wp:term":[{"taxonomy":"category","embeddable":true,"href":"https:\/\/www.europesays.com\/es\/wp-json\/wp\/v2\/categories?post=307303"},{"taxonomy":"post_tag","embeddable":true,"href":"https:\/\/www.europesays.com\/es\/wp-json\/wp\/v2\/tags?post=307303"}],"curies":[{"name":"wp","href":"https:\/\/api.w.org\/{rel}","templated":true}]}}