{"id":307324,"date":"2025-12-26T00:51:13","date_gmt":"2025-12-26T00:51:13","guid":{"rendered":"https:\/\/www.europesays.com\/es\/307324\/"},"modified":"2025-12-26T00:51:13","modified_gmt":"2025-12-26T00:51:13","slug":"agenda-informativa-del-viernes-26-de-diciembre-2025","status":"publish","type":"post","link":"https:\/\/www.europesays.com\/es\/307324\/","title":{"rendered":"Agenda informativa del viernes, 26 de diciembre 2025"},"content":{"rendered":"<p style=\"text-align: justify;\">-19.00 Horas, Biblioteca Central Fernando Alcal\u00e1 Mar\u00edn: Presentaci\u00f3n del libro \u2018La hambruna espa\u00f1ola\u2019, del escritor Miguel \u00c1ngel del Arco Blanco.<\/p>\n<p style=\"text-align: justify;\">-20.00 horas, Terraza del Obal Urban Hotel: \u2018DJ Retro. Pinchando por una causa\u2019, a beneficio de la Asociaci\u00f3n Espa\u00f1ola Contra el C\u00e1ncer.<\/p>\n<p style=\"text-align: justify;\"><strong>Programa de Navidad Marbella 2025:<\/strong><br \/>-De 17.00 a 20.30 horas: Horario de apertura de la Casa del Cartero Real ubicada en el Paseo de la Alameda.<br \/>-20.00 horas, Iglesia de la Encarnaci\u00f3n: Concierto de Navidad del \u00d3rgano del Sol Mayor.<\/p>\n<p>Programa de Navidad San Pedro Alc\u00e1ntara 2025:<br \/>-De 17.00 a 20.30 horas: Horario de apertura de la Casa del Cartero Real ubicada en la Plaza de la Iglesia de San Pedro Alc\u00e1ntara.<\/p>\n","protected":false},"excerpt":{"rendered":"-19.00 Horas, Biblioteca Central Fernando Alcal\u00e1 Mar\u00edn: Presentaci\u00f3n del libro \u2018La hambruna espa\u00f1ola\u2019, del escritor Miguel \u00c1ngel del&hellip;\n","protected":false},"author":2,"featured_media":223912,"comment_status":"","ping_status":"","sticky":false,"template":"","format":"standard","meta":{"footnotes":""},"categories":[8],"tags":[17,18,25,24,13,14,11,19,20,9,10,15,16,23,12,21,22],"class_list":{"0":"post-307324","1":"post","2":"type-post","3":"status-publish","4":"format-standard","5":"has-post-thumbnail","7":"category-espana","8":"tag-breaking-news","9":"tag-breakingnews","10":"tag-es","11":"tag-espana","12":"tag-featured-news","13":"tag-featurednews","14":"tag-headlines","15":"tag-latest-news","16":"tag-latestnews","17":"tag-news","18":"tag-noticias","19":"tag-noticias-destacadas","20":"tag-noticiasdestacadas","21":"tag-spain","22":"tag-titulares","23":"tag-ultimas-noticias","24":"tag-ultimasnoticias"},"share_on_mastodon":{"url":"https:\/\/pubeurope.com\/@es\/115783132141013616","error":""},"_links":{"self":[{"href":"https:\/\/www.europesays.com\/es\/wp-json\/wp\/v2\/posts\/307324","targetHints":{"allow":["GET"]}}],"collection":[{"href":"https:\/\/www.europesays.com\/es\/wp-json\/wp\/v2\/posts"}],"about":[{"href":"https:\/\/www.europesays.com\/es\/wp-json\/wp\/v2\/types\/post"}],"author":[{"embeddable":true,"href":"https:\/\/www.europesays.com\/es\/wp-json\/wp\/v2\/users\/2"}],"replies":[{"embeddable":true,"href":"https:\/\/www.europesays.com\/es\/wp-json\/wp\/v2\/comments?post=307324"}],"version-history":[{"count":0,"href":"https:\/\/www.europesays.com\/es\/wp-json\/wp\/v2\/posts\/307324\/revisions"}],"wp:featuredmedia":[{"embeddable":true,"href":"https:\/\/www.europesays.com\/es\/wp-json\/wp\/v2\/media\/223912"}],"wp:attachment":[{"href":"https:\/\/www.europesays.com\/es\/wp-json\/wp\/v2\/media?parent=307324"}],"wp:term":[{"taxonomy":"category","embeddable":true,"href":"https:\/\/www.europesays.com\/es\/wp-json\/wp\/v2\/categories?post=307324"},{"taxonomy":"post_tag","embeddable":true,"href":"https:\/\/www.europesays.com\/es\/wp-json\/wp\/v2\/tags?post=307324"}],"curies":[{"name":"wp","href":"https:\/\/api.w.org\/{rel}","templated":true}]}}