{"id":307386,"date":"2025-12-26T01:48:11","date_gmt":"2025-12-26T01:48:11","guid":{"rendered":"https:\/\/www.europesays.com\/es\/307386\/"},"modified":"2025-12-26T01:48:11","modified_gmt":"2025-12-26T01:48:11","slug":"paraschiv-deja-sitio-a-la-cultural-leonesa-en-la-punta-de-ataque","status":"publish","type":"post","link":"https:\/\/www.europesays.com\/es\/307386\/","title":{"rendered":"Paraschiv deja sitio a la Cultural Leonesa en la punta de ataque"},"content":{"rendered":"<p>                                    <img decoding=\"async\" loading=\"lazy\" src=\"https:\/\/www.europesays.com\/es\/wp-content\/uploads\/2025\/08\/65f85562cf2a7.jpeg\" alt=\"\u00c1ngel Fraguas\" width=\"40\" height=\"40\" data-full-src=\"https:\/\/www.europesays.com\/es\/wp-content\/uploads\/2025\/08\/65f85562cf2a7.jpeg\"\/><\/p>\n<p class=\"paragraph\">El mercado de invierno est\u00e1 a punto de arrancar para satisfacer las necesidades de los equipos, con el objetivo de reforzar sus respectivas plantilla y as\u00ed tratar de dar un paso importante en su af\u00e1n por cumplir a final de temporada con el plan inicial. En el caso de la Cultural, pretende potenciarse con un delantero centro. Ya hay nombres que se mueven en el mercado: Urko Izeta (Athletic), Antoniu Roca (Espanyol), Jaime Mata (rescindido por la UD Las Palmas) y \u00c1lex Rubio (Villarreal B). La falta de minutos del delantero internacional rumano Daniel Paraschiv le colocan lejos de la Cultural Leonesa, que ya ha puesto en marcha su salida de acuerdo con el club propietario, el Real Oviedo.<br \/>\nEl principal escollo es que el atacante est\u00e1 cedido hasta final de temporada por el Real Oviedo, club con el que Paraschiv tiene un a\u00f1o m\u00e1s de contrato y que pag\u00f3 un traspaso de 700.000 euros, por lo que en la decisi\u00f3n tambi\u00e9n intervendr\u00e1 la entidad asturiana.<\/p>\n<p class=\"paragraph\">El acuerdo de cesi\u00f3n, que se dilat\u00f3 en el tiempo durante el verano, inclu\u00eda una cl\u00e1usula de compra por parte culturalista que, dado el rendimiento del jugador est\u00e1 descartada en este momento, busc\u00e1ndose una soluci\u00f3n que tambi\u00e9n pudiera favorecer al delantero con alguna opci\u00f3n para volver a jugar en su pa\u00eds.<\/p>\n<p class=\"paragraph\">Paraschiv, llegado como uno de los principales refuerzos de la Cultural en su vuelta a Segunda Divisi\u00f3n, ya sembr\u00f3 dudas durante la pretemporada, donde err\u00f3 dos penas m\u00e1ximas y, pese a que el t\u00e9cnico Ra\u00fal Llona, tambi\u00e9n obligado por la escasez de efectivos en su plantilla, le dio la confianza con la titularidad en los primeros encuentros del campeonato, posteriormente pasar\u00eda al ostracismo.<\/p>\n<p class=\"paragraph\">Incluso pas\u00f3 a ser la \u00faltima opci\u00f3n ofensiva en el banquillo a la hora de las sustituciones y desde la llegada de Ziganda su papel a\u00fan ha sido m\u00e1s intrascendente, llegando a se\u00f1alar en sala de prensa el t\u00e9cnico vasco que ten\u00eda que \u00abaprovechar sus oportunidades\u00bb, sin llegar a contar con \u00e9l como una alternativa real para el ataque.<\/p>\n<p class=\"paragraph\">El \u00faltimo episodio de la situaci\u00f3n de Paraschiv en la Cultural fue su repentina lesi\u00f3n de pubis que le sac\u00f3 incluso de las convocatorias, y que ha impedido que, pese a la lesi\u00f3n del hasta ahora delantero titular Rub\u00e9n Sobrino, ausente todav\u00eda, tampoco se piense en el rumano como una posibilidad una vez recuperado de su dolencia.<br \/>\nEn este escenario, el conjunto leon\u00e9s hace tiempo que est\u00e1 en mercado. Lucas Ribeiro apunta a ser la clave.<\/p>\n<p>&#8211; La falta de minutos del delantero rumano Paraschiv le coloca lejos de la Cultural, que ya ha gestiona su salida<\/p>\n<p>&#8211; En este escenario, el equipo leon\u00e9s hace tiempo que est\u00e1 en mercado. El brasile\u00f1o Lucas Ribeiro apunta a ser la clave de todo<\/p>\n","protected":false},"excerpt":{"rendered":"El mercado de invierno est\u00e1 a punto de arrancar para satisfacer las necesidades de los equipos, con el&hellip;\n","protected":false},"author":2,"featured_media":307387,"comment_status":"","ping_status":"","sticky":false,"template":"","format":"standard","meta":{"footnotes":""},"categories":[268],"tags":[19431,168,25,24,280,282,114,3302,281,23,167,4406,9607],"class_list":{"0":"post-307386","1":"post","2":"type-post","3":"status-publish","4":"format-standard","5":"has-post-thumbnail","7":"category-futbol","8":"tag-cultural-y-deportiva-leonesa","9":"tag-deportes","10":"tag-es","11":"tag-espana","12":"tag-football","13":"tag-futbol","14":"tag-mercados","15":"tag-real-oviedo","16":"tag-soccer","17":"tag-spain","18":"tag-sports","19":"tag-ud-las-palmas","20":"tag-villarreal-cf"},"share_on_mastodon":{"url":"https:\/\/pubeurope.com\/@es\/115783356340174582","error":""},"_links":{"self":[{"href":"https:\/\/www.europesays.com\/es\/wp-json\/wp\/v2\/posts\/307386","targetHints":{"allow":["GET"]}}],"collection":[{"href":"https:\/\/www.europesays.com\/es\/wp-json\/wp\/v2\/posts"}],"about":[{"href":"https:\/\/www.europesays.com\/es\/wp-json\/wp\/v2\/types\/post"}],"author":[{"embeddable":true,"href":"https:\/\/www.europesays.com\/es\/wp-json\/wp\/v2\/users\/2"}],"replies":[{"embeddable":true,"href":"https:\/\/www.europesays.com\/es\/wp-json\/wp\/v2\/comments?post=307386"}],"version-history":[{"count":0,"href":"https:\/\/www.europesays.com\/es\/wp-json\/wp\/v2\/posts\/307386\/revisions"}],"wp:featuredmedia":[{"embeddable":true,"href":"https:\/\/www.europesays.com\/es\/wp-json\/wp\/v2\/media\/307387"}],"wp:attachment":[{"href":"https:\/\/www.europesays.com\/es\/wp-json\/wp\/v2\/media?parent=307386"}],"wp:term":[{"taxonomy":"category","embeddable":true,"href":"https:\/\/www.europesays.com\/es\/wp-json\/wp\/v2\/categories?post=307386"},{"taxonomy":"post_tag","embeddable":true,"href":"https:\/\/www.europesays.com\/es\/wp-json\/wp\/v2\/tags?post=307386"}],"curies":[{"name":"wp","href":"https:\/\/api.w.org\/{rel}","templated":true}]}}